{"id":250297,"date":"2025-11-22T20:23:20","date_gmt":"2025-11-22T20:23:20","guid":{"rendered":"https:\/\/www.europesays.com\/es\/250297\/"},"modified":"2025-11-22T20:23:20","modified_gmt":"2025-11-22T20:23:20","slug":"la-vuelta-terminara-en-granada-y-no-en-madrid-o-canarias","status":"publish","type":"post","link":"https:\/\/www.europesays.com\/es\/250297\/","title":{"rendered":"La Vuelta terminar\u00e1 en Granada y no en Madrid o Canarias"},"content":{"rendered":"<p data-gtm-element-container=\"modulo-texto-link\" class=\"paragraph\">La Vuelta a Espa\u00f1a de 2026 no terminar\u00e1 en Madrid, como ha sido habitual a lo largo de los \u00faltimos 40 a\u00f1os. Tampoco en las Islas Canarias, como era la intenci\u00f3n de la organizaci\u00f3n, por la probable participaci\u00f3n del equipo Israel unido al elevado coste del traslado. Granada es finalmente la ciudad elegida para acoger las dos \u00faltimas etapas de la carrera, que tiene la intenci\u00f3n de lograr los permisos para que el final sea en la Alhambra.<\/p>\n<p data-gtm-element-container=\"modulo-texto-link\" class=\"paragraph\">A apenas cuatro semanas de la presentaci\u00f3n de la edici\u00f3n de 2026, el pr\u00f3ximo 17 de diciembre en Montecarlo, pues desde all\u00ed partir\u00e1 la carrera el pr\u00f3ximo 22 de agosto, ayer la organizaci\u00f3n de la Vuelta volvi\u00f3 a tener malas noticias sobre el final de la carrera. En la mente de todos permanecen las masivas protestas pro palestina que impidieron que en la edici\u00f3n de este a\u00f1o la carrera pudiese llegar hasta la meta de Cibeles, en Madrid. Con aquel recuerdo, que tardar\u00e1 en borrarse mucho tiempo, ayer el Cabildo de Canarias dio calabazas a Unipublic.<\/p>\n<blockquote>\n<p>        No podemos ser c\u00f3mplices del genocidio y no podemos amparar la Vuelta\u201d<\/p>\n<p>            Antonio MoralesPresidente del Cabildo de Gran Canaria<\/p>\n<\/blockquote>\n<p data-gtm-element-container=\"modulo-texto-link\" class=\"paragraph\">Antonio Morales (Nueva Canarias), presidente del Cabildo de Gran Canaria, confirm\u00f3 ayer que la isla no acoger\u00e1 la Vuelta a Espa\u00f1a del pr\u00f3ximo a\u00f1o al no estar de acuerdo con que participe el Israel-<a href=\"https:\/\/www.lavanguardipa.com\/deportes\/resultados\/premier-league\" target=\"_blank\" rel=\"noopener noreferrer nofollow\">Premier<\/a> Tech, equipo ahora rebautizado como Cycling Academy bajo bandera de Canad\u00e1, tras las protestas de la \u00faltima edici\u00f3n. \u201cYa dijimos desde un primer momento que con recursos de la administraci\u00f3n p\u00fablica no pod\u00edamos hacer posible que llegara hasta Gran Canaria una Vuelta que cont\u00f3 con la participaci\u00f3n de Israel, con un equipo propiedad de una persona que tiene una \u00edntima relaci\u00f3n con (el primer ministro israel\u00ed, Benjamin) Netanyahu y que apoya el genocidio que se ha cometido por Israel sobre el pueblo palestino\u201d.<\/p>\n<p data-gtm-element-container=\"modulo-texto-link\" class=\"paragraph\">Asegur\u00f3 adem\u00e1s que acoger una carrera ciclista \u201ccon una fuerte confrontaci\u00f3n social, generando espacios de violencia, no nos parec\u00eda lo m\u00e1s adecuado y no tiene que ver con ese modelo de proyecci\u00f3n de la isla que defiende\u201d. \u201cNo podemos ser c\u00f3mplices del genocidio y no podemos amparar la Vuelta. Ya nos hubiese gustado, porque hicimos todo lo posible para que fuera as\u00ed\u201d, dijo Morales.<\/p>\n<p>Tenerife tambi\u00e9n dice no y Granada, la soluci\u00f3n<\/p>\n<p data-gtm-element-container=\"modulo-texto-link\" class=\"paragraph\">El planteamiento inicial era que la Vuelta pasara en su edici\u00f3n de 2026 por Gran Canaria y Tenerife y que los costes log\u00edsticos de siete millones de euros lo asumieran entre los dos cabildos y el Gobierno de Canarias. Tras esta renuncia. el vicepresidente primero del Cabildo de Tenerife, Lope Afonso (PP), explic\u00f3 que tambi\u00e9n renuncian a albergar La Vuelta (se barajaba incluso un ascenso al Teide), por no poder hacer frente en solitario a los costes de su paso por Canarias tras desmarcarse el Cabildo de Gran Canaria.<\/p>\n<p data-gtm-element-container=\"modulo-texto-link\" class=\"paragraph\">A rey muerto, rey puesto. Ayer, mientras todas estas declaraciones se suced\u00eda, la Vuelta ya hab\u00eda activado el plan B. El diario Granada Hoy afirmaba que ser\u00eda Granada quien acoger\u00eda el final de la pr\u00f3xima edici\u00f3n con las dos \u00faltimas etapas. Seg\u00fan esa informaci\u00f3n, la pen\u00faltima etapa ser\u00e1 de monta\u00f1a o media monta\u00f1a aunque a\u00fan sin definir y no se descarta que se celebre incluso una tercera etapa en las carreteras granadinas. La intenci\u00f3n de los organizadores, si se consiguen los permisos, es acabar la Vuelta en la Alhambra.<\/p>\n<p>Madrid, descartada por el\u00a0Gran Premio de F\u00f3rmula 1<\/p>\n<p data-gtm-element-container=\"modulo-texto-link\" class=\"paragraph\">Granada tomar\u00e1 el relevo de Madrid, descartada por Unipublic, por varios motivos, entre ellos la celebraci\u00f3n el Gran Premio de F\u00f3rmula 1 el mismo 13 de septiembre, d\u00eda del final. Desde 1978 la Vuelta hab\u00eda elegido la capital de forma habitual como final de fiesta. Salvo en 2021, 2014 y 1993, cuando termin\u00f3 en Santiago de Compostela, en 1985, cuando lo hizo en Salamanca y en 1986, en Jerez, en las otras 42 ocasiones la Vuelta termin\u00f3 en Madrid.<\/p>\n","protected":false},"excerpt":{"rendered":"La Vuelta a Espa\u00f1a de 2026 no terminar\u00e1 en Madrid, como ha sido habitual a lo largo de&hellip;\n","protected":false},"author":2,"featured_media":250298,"comment_status":"","ping_status":"","sticky":false,"template":"","format":"standard","meta":{"footnotes":""},"categories":[273],"tags":[313,312,168,25,24,23,167],"class_list":{"0":"post-250297","1":"post","2":"type-post","3":"status-publish","4":"format-standard","5":"has-post-thumbnail","7":"category-ciclismo","8":"tag-ciclismo","9":"tag-cycling","10":"tag-deportes","11":"tag-es","12":"tag-espana","13":"tag-spain","14":"tag-sports"},"share_on_mastodon":{"url":"https:\/\/pubeurope.com\/@es\/115595221629655359","error":""},"_links":{"self":[{"href":"https:\/\/www.europesays.com\/es\/wp-json\/wp\/v2\/posts\/250297","targetHints":{"allow":["GET"]}}],"collection":[{"href":"https:\/\/www.europesays.com\/es\/wp-json\/wp\/v2\/posts"}],"about":[{"href":"https:\/\/www.europesays.com\/es\/wp-json\/wp\/v2\/types\/post"}],"author":[{"embeddable":true,"href":"https:\/\/www.europesays.com\/es\/wp-json\/wp\/v2\/users\/2"}],"replies":[{"embeddable":true,"href":"https:\/\/www.europesays.com\/es\/wp-json\/wp\/v2\/comments?post=250297"}],"version-history":[{"count":0,"href":"https:\/\/www.europesays.com\/es\/wp-json\/wp\/v2\/posts\/250297\/revisions"}],"wp:featuredmedia":[{"embeddable":true,"href":"https:\/\/www.europesays.com\/es\/wp-json\/wp\/v2\/media\/250298"}],"wp:attachment":[{"href":"https:\/\/www.europesays.com\/es\/wp-json\/wp\/v2\/media?parent=250297"}],"wp:term":[{"taxonomy":"category","embeddable":true,"href":"https:\/\/www.europesays.com\/es\/wp-json\/wp\/v2\/categories?post=250297"},{"taxonomy":"post_tag","embeddable":true,"href":"https:\/\/www.europesays.com\/es\/wp-json\/wp\/v2\/tags?post=250297"}],"curies":[{"name":"wp","href":"https:\/\/api.w.org\/{rel}","templated":true}]}}