{"id":250299,"date":"2025-11-22T20:25:17","date_gmt":"2025-11-22T20:25:17","guid":{"rendered":"https:\/\/www.europesays.com\/es\/250299\/"},"modified":"2025-11-22T20:25:17","modified_gmt":"2025-11-22T20:25:17","slug":"a-trece-mil-pies-premiado","status":"publish","type":"post","link":"https:\/\/www.europesays.com\/es\/250299\/","title":{"rendered":"\u201cA trece mil pies\u201d, premiado"},"content":{"rendered":"<p>Este viernes ha tenido lugar la gala de clausura del Festival Internacional de Cine de Hell\u00edn, que este a\u00f1o ha celebrado su quinta edici\u00f3n.<\/p>\n<p>El Teatro Victoria de la localidad albacete\u00f1a se visti\u00f3 de gala para recibir a todos los candidatos, entre ellos a <strong>V\u00edctor Claver, Marc Ram\u00f3n<\/strong> y <strong>Alejandra Llamb\u00e9s<\/strong>, protagonista y creadores del documental \u201cA trece mil pies\u201d, que recoge la vida de cuatro leyendas de la acb pocos meses despu\u00e9s de haber colgado las botas.<\/p>\n<p>Precisamente, para ellos fue el galard\u00f3n en la categor\u00eda de Mejor Documental, imponi\u00e9ndose a los otros tres candidatos: \u201cLa noche de romero\u201d, \u201cLa h\u00fangara, toma que toma\u201d y \u201cAntonio, el bailar\u00edn de Espa\u00f1a\u201d.<\/p>\n<p>\u201cA trece mil pies\u201d, que se estren\u00f3 oficialmente el pasado 24 de septiembre, recorre junto a V\u00edctor Claver, <strong>Sergio Rodr\u00edguez, Tom\u00e1s Bellas<\/strong> y <strong>Carlos Su\u00e1rez<\/strong> el dif\u00edcil primer a\u00f1o tras su retirada. Del aburrimiento a una lista\u2026 y muchos planes prohibidos hasta el momento. \u00bfQue no pod\u00edan lanzarse en tirolina, ir en moto o saltar en paraca\u00eddas? Ahora s\u00ed.<\/p>\n","protected":false},"excerpt":{"rendered":"Este viernes ha tenido lugar la gala de clausura del Festival Internacional de Cine de Hell\u00edn, que este&hellip;\n","protected":false},"author":2,"featured_media":250300,"comment_status":"","ping_status":"","sticky":false,"template":"","format":"standard","meta":{"footnotes":""},"categories":[269],"tags":[299,298,168,25,24,23,167],"class_list":{"0":"post-250299","1":"post","2":"type-post","3":"status-publish","4":"format-standard","5":"has-post-thumbnail","7":"category-baloncesto","8":"tag-baloncesto","9":"tag-basketball","10":"tag-deportes","11":"tag-es","12":"tag-espana","13":"tag-spain","14":"tag-sports"},"share_on_mastodon":{"url":"https:\/\/pubeurope.com\/@es\/115595229674982543","error":""},"_links":{"self":[{"href":"https:\/\/www.europesays.com\/es\/wp-json\/wp\/v2\/posts\/250299","targetHints":{"allow":["GET"]}}],"collection":[{"href":"https:\/\/www.europesays.com\/es\/wp-json\/wp\/v2\/posts"}],"about":[{"href":"https:\/\/www.europesays.com\/es\/wp-json\/wp\/v2\/types\/post"}],"author":[{"embeddable":true,"href":"https:\/\/www.europesays.com\/es\/wp-json\/wp\/v2\/users\/2"}],"replies":[{"embeddable":true,"href":"https:\/\/www.europesays.com\/es\/wp-json\/wp\/v2\/comments?post=250299"}],"version-history":[{"count":0,"href":"https:\/\/www.europesays.com\/es\/wp-json\/wp\/v2\/posts\/250299\/revisions"}],"wp:featuredmedia":[{"embeddable":true,"href":"https:\/\/www.europesays.com\/es\/wp-json\/wp\/v2\/media\/250300"}],"wp:attachment":[{"href":"https:\/\/www.europesays.com\/es\/wp-json\/wp\/v2\/media?parent=250299"}],"wp:term":[{"taxonomy":"category","embeddable":true,"href":"https:\/\/www.europesays.com\/es\/wp-json\/wp\/v2\/categories?post=250299"},{"taxonomy":"post_tag","embeddable":true,"href":"https:\/\/www.europesays.com\/es\/wp-json\/wp\/v2\/tags?post=250299"}],"curies":[{"name":"wp","href":"https:\/\/api.w.org\/{rel}","templated":true}]}}