{"id":250301,"date":"2025-11-22T20:26:11","date_gmt":"2025-11-22T20:26:11","guid":{"rendered":"https:\/\/www.europesays.com\/es\/250301\/"},"modified":"2025-11-22T20:26:11","modified_gmt":"2025-11-22T20:26:11","slug":"burgos-promesas-0-1-numancia-berto-da-la-victoria-al-cuadro-rojillo-con-un-gol-en-la-ultima-jugada","status":"publish","type":"post","link":"https:\/\/www.europesays.com\/es\/250301\/","title":{"rendered":"Burgos Promesas 0-1 Numancia: Berto da la victoria al cuadro rojillo con un gol en la \u00faltima jugada"},"content":{"rendered":"<p class=\"prip\"><a href=\"https:\/\/sorianoticias.com\/tags\/c-d-numancia-147\" target=\"_blank\" rel=\"noopener  noreferrer nofollow\" title=\"Ir a: https:\/\/sorianoticias.com\/tags\/c-d-numancia-147\"><strong>El Numancia ha asaltado esta tarde la Ciudad Deportiva de Casta\u00f1ares.<\/strong> <\/a>Tras una primera parte irregular frente al Burgo Promesas, los de \u00c1ngel Rodr\u00edguez se han mostrado muy superiores en una segunda parte en la que Berto ha hecho estallar de felicidad a la afici\u00f3n desplazada <strong>con un tanto en el \u00faltimo minuto.<\/strong><\/p>\n<p>\u00c1ngel Rodr\u00edguez ha realizado <strong>tres cambios en la alineaci\u00f3n<\/strong> con respecto a la de la semana pasada dando entrada a Joel Jim\u00e9nez, Ian Olivera y H\u00e9ctor Pe\u00f1a, en detrimento de Miguel \u00c1ngel Abad, Danese y Dani Garc\u00eda. Los rojillos han comenzado el choque mejor al dificultar la salida de bal\u00f3n de los locales a trav\u00e9s de una presi\u00f3n alta.<\/p>\n<p>Tras una de esas recuperaciones, <strong>Juancho Vitoria ha gozado una de las ocasiones m\u00e1s claras<\/strong> de la primera mitad con un disparo que ha golpeado en el lateral de la red. A pesar de ese inicio, los burgaleses han empezado a hacerse los due\u00f1os del encuentro gracias a la velocidad de sus jugadores de ataque. Georges ha puesto a prueba a Jim\u00e9nez con un latigazo desde la frontal que ha detenido el cancerbero visitante con una buena estirada.<\/p>\n<p>Las malas noticias han llegado para los rojillos en forma de lesiones. <strong>H\u00e9ctor Pe\u00f1a,<\/strong> que regresaba al once, ha tenido que retirarse en el minuto 17 tras sufrir unas molestias musculares que le imped\u00edan correr. \u00c1lex Gil ha salido en su lugar. Mientras, los sorianos ten\u00edan problemas para generar juego a pesar de contar con tres futbolistas en la medular. N\u00e9stor, con amarilla desde los primeros compases de juego, no ha tenido su tarde a la hora de conectar con los futbolistas de ataque.<\/p>\n<p>Aunque los numantinos apenas generaban,<strong> De Frutos ha estado cerca de inaugurar el luminoso<\/strong> con un gran cabezazo que ha detenido Monedero con una intervenci\u00f3n abajo. Despu\u00e9s de esa acci\u00f3n, <strong>los locales han puesto una marcha m\u00e1s<\/strong>, poniendo en serios problemas a los de \u00c1ngel Rodr\u00edguez. Joel Jim\u00e9nez se ha tenido que esforzar al m\u00e1ximo para detener un mano a mano de Irian. Sin tiempo para respirar, los locales han vuelto a tener en sus botas el primer tanto. Sin embargo, De Frutos y Jim\u00e9nez lo han evitado para alegr\u00eda de los centenares de aficionados numantinos desplazados hasta la Ciudad Deportiva de Casta\u00f1ares.<\/p>\n<p>Por su parte, el Numancia, sin apenas ideas en ataque, cargaba la banda de Alain, uno de los m\u00e1s destacados en los primeros 45 minutos, sin mucha suerte, salvo varios saques de esquina. De esa forma, se ha llegado a un descanso que ha venido bien a la escuadra visitante. Tras unos primeros minutos en los que los burgaleses han acechado el \u00e1rea numantina con varios centros laterales, <strong>los de Rodr\u00edguez se han hecho con el control del encuentro.<\/strong><\/p>\n<p>Los sorianos han insistido una y otra vez por una banda derecha en la que <strong>\u00c1lex Gil, ayudado por Cristian Delgado, ha vuelto loca a su marca.<\/strong> Despu\u00e9s de un centro desde ese perfil del campo, Juancho Vitoria ha obligado a Monedero a intervenir con una buena parada al primer palo. Las subidas del Numancia por banda derecha han sido constantes y Gil ha vuelto a poner en problemas a una zaga que ha evitado el remate de Jony a bocajarro en \u00faltima instancia. <strong>El ariete se resarcir\u00eda de esa acci\u00f3n en la siguiente jugada con un gran cabezazo que ha detenido Monedero con una mano salvadora.<\/strong><\/p>\n<p>Con el conjunto visitante como amo y se\u00f1or del enfrentamiento, sin apenas exigencias en la faceta defensiva, Ian Olivera ha gozado de otra acci\u00f3n clar\u00edsima. El central se ha impuesto a todos por alto, pero su cabezazo se ha marchado por encima de la meta burgalesa. Las ocasiones han continuado llegando para<strong> un conjunto numantino que lo ha intentado a trav\u00e9s de Jony y \u00c1lex Gil.<\/strong><\/p>\n<p>El entrenador visitante ha reaccionado a lo que estaba ocurriendo sobre el verde con un triple cambio que ha detenido la oleada ofensiva del Numancia. No obstante, la mejor\u00eda visitante ha tenido su premio en la \u00faltima jugada. <strong>Tras una subida por banda derecha, Berto ha batido a Monedero con una gran definici\u00f3n<\/strong> que ha puesto patas arriba a todos los desplazados. Ese tanto ha dado una victoria important\u00edsima a un equipo que se ha reecontrado con la victoria cuando m\u00e1s lo necesitaba.<\/p>\n","protected":false},"excerpt":{"rendered":"El Numancia ha asaltado esta tarde la Ciudad Deportiva de Casta\u00f1ares. Tras una primera parte irregular frente al&hellip;\n","protected":false},"author":2,"featured_media":250302,"comment_status":"","ping_status":"","sticky":false,"template":"","format":"standard","meta":{"footnotes":""},"categories":[268],"tags":[44645,168,25,24,280,282,281,23,167],"class_list":{"0":"post-250301","1":"post","2":"type-post","3":"status-publish","4":"format-standard","5":"has-post-thumbnail","7":"category-futbol","8":"tag-c-d-numancia","9":"tag-deportes","10":"tag-es","11":"tag-espana","12":"tag-football","13":"tag-futbol","14":"tag-soccer","15":"tag-spain","16":"tag-sports"},"share_on_mastodon":{"url":"https:\/\/pubeurope.com\/@es\/115595233766268418","error":""},"_links":{"self":[{"href":"https:\/\/www.europesays.com\/es\/wp-json\/wp\/v2\/posts\/250301","targetHints":{"allow":["GET"]}}],"collection":[{"href":"https:\/\/www.europesays.com\/es\/wp-json\/wp\/v2\/posts"}],"about":[{"href":"https:\/\/www.europesays.com\/es\/wp-json\/wp\/v2\/types\/post"}],"author":[{"embeddable":true,"href":"https:\/\/www.europesays.com\/es\/wp-json\/wp\/v2\/users\/2"}],"replies":[{"embeddable":true,"href":"https:\/\/www.europesays.com\/es\/wp-json\/wp\/v2\/comments?post=250301"}],"version-history":[{"count":0,"href":"https:\/\/www.europesays.com\/es\/wp-json\/wp\/v2\/posts\/250301\/revisions"}],"wp:featuredmedia":[{"embeddable":true,"href":"https:\/\/www.europesays.com\/es\/wp-json\/wp\/v2\/media\/250302"}],"wp:attachment":[{"href":"https:\/\/www.europesays.com\/es\/wp-json\/wp\/v2\/media?parent=250301"}],"wp:term":[{"taxonomy":"category","embeddable":true,"href":"https:\/\/www.europesays.com\/es\/wp-json\/wp\/v2\/categories?post=250301"},{"taxonomy":"post_tag","embeddable":true,"href":"https:\/\/www.europesays.com\/es\/wp-json\/wp\/v2\/tags?post=250301"}],"curies":[{"name":"wp","href":"https:\/\/api.w.org\/{rel}","templated":true}]}}