{"id":250303,"date":"2025-11-22T20:27:24","date_gmt":"2025-11-22T20:27:24","guid":{"rendered":"https:\/\/www.europesays.com\/es\/250303\/"},"modified":"2025-11-22T20:27:24","modified_gmt":"2025-11-22T20:27:24","slug":"asi-es-maria-palacios-la-discreta-mujer-y-gran-apoyo-de-alessandro-lecquio-desde-hace-26-anos","status":"publish","type":"post","link":"https:\/\/www.europesays.com\/es\/250303\/","title":{"rendered":"As\u00ed es Mar\u00eda Palacios, la discreta mujer y gran apoyo de Alessandro Lecquio desde hace 26 a\u00f1os"},"content":{"rendered":"<p class=\"v-mdl-ath__p v-mdl-ath__p--6\">\nS\u00e1bado, 22 de noviembre 2025, 16:06<\/p>\n<p>| Actualizado 16:20h.<\/p>\n<p class=\"v-p\">La vida de Alessandro Lecquio ha estado marcada por los esc\u00e1ndalos amorosos, pero con su matrimonio con Mar\u00eda Palacios lleg\u00f3 la calma en el terreno sentimental. Hace 26 a\u00f1os, la pareja, que tiene una hija, se dio el &#8216;s\u00ed quiero&#8217;. Desde entonces, esta madrile\u00f1a de familia acomodada se mantiene como su m\u00e1s firme apoyo. Eso s\u00ed, siempre desde un segundo plano, ya que Mar\u00eda siempre ha hecho gala de una gran discreci\u00f3n. Tambi\u00e9n ahora que el conde italiano ha sido<a href=\"https:\/\/www.elcorreo.com\/gente-estilo\/mediaset-prescinde-alessandro-lecquio-20251119195720-ntrc.html#vtm_modulosEngag=mod-rel:gente-estilo:noticia:1:cmp:1-not\" target=\"_blank\" title=\"Mediaset prescinde de Alessandro Lecquio\" data-voc-vtm-id=\"in-text-traffic\" data-mrf-link=\"www.elcorreo.com\" rel=\"nofollow noopener\"> despedido de forma fulminante de Mediaset<\/a> por las acusaciones de <a href=\"https:\/\/www.elcorreo.com\/gente-estilo\/patadas-amenazas-celos-antonia-dellatte-relata-pesadilla-20251012182341-nt.html\" target=\"_blank\" title=\"Patadas, amenazas, celos... Antonia Dell&#039;Atte relata la \u00abpesadilla\u00bb de los \u00abmalos tratos\u00bb de Alessandro Lequio\" data-voc-vtm-id=\"in-text-traffic\" data-mrf-link=\"www.elcorreo.com\" rel=\"nofollow noopener\">maltrato <\/a>de su primera esposa Antonia Dell&#8217;Atte.<\/p>\n<p><a href=\"http:\/\/www.elcorreo.com\/gente-estilo\/reacciones-despido-lecquio-presunto-maltrato-silencio-ana-20251121112806-nt.html#vtm_modulosEngag=mod-rel:gente-estilo:noticia:1:cmp:2-not\" class=\"v-a-link\" title=\"Las reacciones al despido de Lecquio: silencio de Ana Rosa y Ana Obreg\u00f3n, gritos de alegr\u00eda en el nuevo &#039;S\u00e1lvame&#039;\u2026\" rel=\"nofollow noopener\" target=\"_blank\"><br \/>\n<img decoding=\"async\" loading=\"lazy\" class=\"v-a-img\" src=\"https:\/\/www.europesays.com\/es\/wp-content\/uploads\/2025\/11\/combo-reacciones-lecquio-kJyD--366x256@El Correo.jpg\" alt=\"Las reacciones al despido de Lecquio: silencio de Ana Rosa y Ana Obreg\u00f3n, gritos de alegr\u00eda en el nuevo 'S\u00e1lvame'\u2026\"\/><br \/>\n<\/a><\/p>\n<p><a href=\"http:\/\/www.elcorreo.com\/gente-estilo\/antonia-dellatte-sobre-despido-lecquio-brindando-vino-20251120084441-nt.html#vtm_modulosEngag=mod-rel:gente-estilo:noticia:2:cmp:2-not\" class=\"v-a-link\" title=\"Antonia Dell&#039;Atte, sobre el despido de Lecquio: \u00abEstoy brindando con vino\u00bb\" rel=\"nofollow noopener\" target=\"_blank\"><br \/>\n<img decoding=\"async\" loading=\"lazy\" class=\"v-a-img\" src=\"https:\/\/www.europesays.com\/es\/wp-content\/uploads\/2025\/11\/1763843239_188_combo-lequio-antonia-kY8E--366x256@El Correo.jpg\" alt=\"Antonia Dell'Atte, sobre el despido de Lecquio: \u00abEstoy brindando con vino\u00bb\"\/><br \/>\n<\/a><\/p>\n<p class=\"v-p\">Corr\u00eda el a\u00f1o 1999 cuando el tambi\u00e9n ex de <a href=\"https:\/\/www.elcorreo.com\/gente-estilo\/reacciones-despido-lecquio-presunto-maltrato-silencio-ana-20251121112806-nt.html\" target=\"_blank\" title=\"Las reacciones al despido de Lecquio por presunto maltrato: silencio de Ana Rosa y Ana Obreg\u00f3n, gritos de alegr\u00eda en el nuevo &#039;S\u00e1lvame&#039;\u2026\" data-voc-vtm-id=\"in-text-traffic\" data-mrf-link=\"www.elcorreo.com\" rel=\"nofollow noopener\">Ana Obreg\u00f3n<\/a> desat\u00f3 todo un tsunami informativo en la prensa rosa por sus comprometidas fotos en la cama con Mar Flores. Poco despu\u00e9s trascendi\u00f3 que el arist\u00f3crata italiano estaba de nuevo enamorado y quer\u00eda sentar la cabeza. Alessandro y Mar\u00eda comenzaron a salir con esta pol\u00e9mica como tel\u00f3n de fondo y que, por cierto, la modelo ha devuelto a la actualidad por las publicaci\u00f3n de sus memorias.<\/p>\n<p class=\"v-p\">El romance se consolid\u00f3 a pesar de su fama de mujeriego. Para los profesionales del papel couch\u00e9, esta joven, entonces de 22 a\u00f1os -Lecquio ten\u00eda 39-, era una completa desconocida. Mar\u00eda Palacios, la mayor de cuatro hermanos, pertenece a una familia de la alta sociedad madrile\u00f1a. El patriarca Julio Palacios Faci es un importante empresario del sector automovil\u00edstico y estaba emparentado con los condes de Montarco.<\/p>\n<p>Arriba, la pareja junto al fallecido Aless Lecquio y su madre Ana Obreg\u00f3n; en medio una rom\u00e1ntica foto del matrimonio, y abajo, una imagen reciente de Mar\u00eda publicada en su perfil de Instagram.<\/p>\n<p>E. C.<\/p>\n<p><img decoding=\"async\" loading=\"lazy\" src=\"https:\/\/www.europesays.com\/es\/wp-content\/uploads\/2025\/11\/maria-palacios (1)-k1OC--1200x841@El Correo.jpg\" class=\"v-mdl__img-z\" width=\"1200\" height=\"841\" alt=\"Imagen principal - Arriba, la pareja junto al fallecido Aless Lecquio y su madre Ana Obreg\u00f3n; en medio una rom\u00e1ntica foto del matrimonio, y abajo, una imagen reciente de Mar\u00eda publicada en su perfil de Instagram.\"\/><\/p>\n<p><img decoding=\"async\" loading=\"lazy\" src=\"https:\/\/www.europesays.com\/es\/wp-content\/uploads\/2025\/11\/maria-palacios (2)-k1OC--1200x851@El Correo.jpg\" class=\"v-mdl__img-z\" width=\"1200\" height=\"851\" alt=\"Imagen secundaria 1 - Arriba, la pareja junto al fallecido Aless Lecquio y su madre Ana Obreg\u00f3n; en medio una rom\u00e1ntica foto del matrimonio, y abajo, una imagen reciente de Mar\u00eda publicada en su perfil de Instagram.\"\/><\/p>\n<p><img decoding=\"async\" loading=\"lazy\" src=\"https:\/\/www.europesays.com\/es\/wp-content\/uploads\/2025\/11\/maria-palacios-cinco-k1OC--711x841@El Correo.PNG\" class=\"v-mdl__img-z\" width=\"711\" height=\"841\" alt=\"Imagen secundaria 2 - Arriba, la pareja junto al fallecido Aless Lecquio y su madre Ana Obreg\u00f3n; en medio una rom\u00e1ntica foto del matrimonio, y abajo, una imagen reciente de Mar\u00eda publicada en su perfil de Instagram.\"\/><\/p>\n<p class=\"v-p\">Los inicios fueron muy dif\u00edciles. El conde se top\u00f3 con el rechazo de su ahora familia pol\u00edtica. Pero no por su diferencia de edad, sino porque entonces Lecquio era uno de los personajes m\u00e1s populares de la prensa del coraz\u00f3n, con varios esc\u00e1ndalos sonados, incluida la pol\u00e9mica portada de Intervi\u00fa Mar Flores. Sin embargo, contra viento y marea, la pareja consolid\u00f3 su amor. En 2007 rompieron, pero a\u00f1o y medio despu\u00e9s volvieron y acabaron cas\u00e1ndose. <\/p>\n<p>Colaboradora de la revista &#8216;\u00a1Hola!&#8217;<\/p>\n<p class=\"v-p\">La boda se celebr\u00f3 el 15 de noviembre de 2008 se casaron en la finca privada Coto de San Bernardo que Eduardo S\u00e1nchez Junco, director de \u00a1Hola!, pose\u00eda en Sacramenia (Segovia). La relaci\u00f3n con la citada revista del coraz\u00f3n es muy estrecha. Y as\u00ed sigue siendo. Licenciada en Comunicaci\u00f3n, Mar\u00eda es colaboradora de \u00a1Hola!. En concreto, tiene un canal llamado &#8216;La red social de Mar\u00eda&#8217;, en el que realiza entrevistas y aborda diferentes temas.<\/p>\n<p class=\"v-p\">La pareja reside a las afueras de Madrid y lleva una vida tranquila junto a su hija Ginevra Ena. Los veranos los pasan en Galicia, debido a los or\u00edgenes de su familia. Mar\u00eda es poco amiga de la exposici\u00f3n p\u00fablica, aunque ha acompa\u00f1ado a su marido Alessandro en diversos eventos. <\/p>\n<p class=\"v-p\">Sin embargo, se muestra muy discreta y nunca se ha pronunciado sobre las pol\u00e9micas del conde. Uno de los momentos m\u00e1s duros de la pareja tuvo lugar con el fallecimiento de Aless, el hijo de Lecquio con Ana Obreg\u00f3n que perdi\u00f3 la vida a causa de un c\u00e1ncer. Mar\u00eda, que se llevaba de maravilla con el joven, se volc\u00f3 con su marido.<\/p>\n<p class=\"v-p\">La entrevista de Antonia Dell&#8217;Atte en &#8216;El Pa\u00eds&#8217; gener\u00f3 un enorme revuelo. Relat\u00f3 el \u00abinfierno\u00bb vivido durante su matrimonio con el conde, en el que sufri\u00f3 \u00abinsultos, vejaciones y golpes\u00bb, adem\u00e1s de una patada cuando estaba embarazada. La exmodelo italiana se mostr\u00f3 <a href=\"https:\/\/www.elcorreo.com\/gente-estilo\/antonia-dellatte-sobre-despido-lecquio-brindando-vino-20251120084441-nt.html\" target=\"_blank\" title=\"Antonia Dell&#039;Atte, sobre el despido de Lecquio: \u00abEstoy brindando con vino\u00bb\" data-voc-vtm-id=\"in-text-traffic\" data-mrf-link=\"www.elcorreo.com\" rel=\"nofollow noopener\">euf\u00f3rica <\/a>con la noticia de su cese de Mediaset. \u00abContent\u00edsima, content\u00edsima&#8230; \u00a138 a\u00f1os!\u00bb, afirm\u00f3 durante una llamada en el programa &#8216;No somos nadie&#8217;. <\/p>\n<p>Reporta un error<\/p>\n","protected":false},"excerpt":{"rendered":"S\u00e1bado, 22 de noviembre 2025, 16:06 | Actualizado 16:20h. La vida de Alessandro Lecquio ha estado marcada por&hellip;\n","protected":false},"author":2,"featured_media":250304,"comment_status":"","ping_status":"","sticky":false,"template":"","format":"standard","meta":{"footnotes":""},"categories":[174],"tags":[15651,41564,13318,988,6635,255,4702,146,147,25,24,256,3956,15652,63473,63472,1932,2461,2619,23],"class_list":{"0":"post-250303","1":"post","2":"type-post","3":"status-publish","4":"format-standard","5":"has-post-thumbnail","7":"category-famosos","8":"tag-alessandro","9":"tag-alessandro-lecquio","10":"tag-ana-obregon","11":"tag-anos","12":"tag-apoyo","13":"tag-celebrities","14":"tag-discreta","15":"tag-entertainment","16":"tag-entretenimiento","17":"tag-es","18":"tag-espana","19":"tag-famosos","20":"tag-gran","21":"tag-lecquio","22":"tag-lecquio-escandalos","23":"tag-malos-tratos-antonia-dellatte","24":"tag-maria","25":"tag-mujer","26":"tag-palacios","27":"tag-spain"},"share_on_mastodon":{"url":"https:\/\/pubeurope.com\/@es\/115595237948010660","error":""},"_links":{"self":[{"href":"https:\/\/www.europesays.com\/es\/wp-json\/wp\/v2\/posts\/250303","targetHints":{"allow":["GET"]}}],"collection":[{"href":"https:\/\/www.europesays.com\/es\/wp-json\/wp\/v2\/posts"}],"about":[{"href":"https:\/\/www.europesays.com\/es\/wp-json\/wp\/v2\/types\/post"}],"author":[{"embeddable":true,"href":"https:\/\/www.europesays.com\/es\/wp-json\/wp\/v2\/users\/2"}],"replies":[{"embeddable":true,"href":"https:\/\/www.europesays.com\/es\/wp-json\/wp\/v2\/comments?post=250303"}],"version-history":[{"count":0,"href":"https:\/\/www.europesays.com\/es\/wp-json\/wp\/v2\/posts\/250303\/revisions"}],"wp:featuredmedia":[{"embeddable":true,"href":"https:\/\/www.europesays.com\/es\/wp-json\/wp\/v2\/media\/250304"}],"wp:attachment":[{"href":"https:\/\/www.europesays.com\/es\/wp-json\/wp\/v2\/media?parent=250303"}],"wp:term":[{"taxonomy":"category","embeddable":true,"href":"https:\/\/www.europesays.com\/es\/wp-json\/wp\/v2\/categories?post=250303"},{"taxonomy":"post_tag","embeddable":true,"href":"https:\/\/www.europesays.com\/es\/wp-json\/wp\/v2\/tags?post=250303"}],"curies":[{"name":"wp","href":"https:\/\/api.w.org\/{rel}","templated":true}]}}