{"id":250305,"date":"2025-11-22T20:28:17","date_gmt":"2025-11-22T20:28:17","guid":{"rendered":"https:\/\/www.europesays.com\/es\/250305\/"},"modified":"2025-11-22T20:28:17","modified_gmt":"2025-11-22T20:28:17","slug":"photoka-abre-su-foco-mas-internacional","status":"publish","type":"post","link":"https:\/\/www.europesays.com\/es\/250305\/","title":{"rendered":"&#8216;Photoka&#8217; abre su foco m\u00e1s internacional"},"content":{"rendered":"<p class=\"v-mdl-ath__p v-mdl-ath__p--2\">\nIratxe Astui\n<\/p>\n<p class=\"v-mdl-ath__p v-mdl-ath__p--3\">\nGernika-Lumo\n<\/p>\n<p class=\"v-mdl-ath__p v-mdl-ath__p--6\">\nViernes, 21 de noviembre 2025, 19:36<\/p>\n<p class=\"v-p\">El reconocido certamen de fotograf\u00eda &#8216;Photoka&#8217; de Gernika ha marcado un hito al abrirse por primera vez a fot\u00f3grafos internacionales y alcanzar la cifra r\u00e9cord de 78 participantes y 427 obras. \u00abHemos recibido trabajos de pa\u00edses como Estados Unidos, Austria, Francia, Italia, Rusia y Ruman\u00eda\u00bb, enumer\u00f3 Aitor Arana, miembro de la agrupaci\u00f3n Photoka Kultur Elkartea, que convoca el evento bienal. Los organizadores del concurso, que este a\u00f1o alcanza su d\u00e9cima edici\u00f3n, hicieron ayer entrega de los premios a las mejores im\u00e1genes en cada uno de sus tres apartados, una cita que tuvo lugar en la Casa de Cultura de la villa foral.<\/p>\n<p class=\"v-p\">El jurado, compuesto por \u00c1ngel Saratxa, Soraya L\u00f3pez y Javier Alonso, ha destacado \u00abla madurez y proyecci\u00f3n del concurso\u00bb, que se ha convertido en referente tambi\u00e9n fuera de Euskadi. \u00abLos participantes, aficionados y profesionales, han demostrado un buen nivel de fotograf\u00eda\u00bb, aseguraron los responsables de elegir a los mejores. <\/p>\n<p class=\"v-p\">El ganador absoluto ha sido este a\u00f1o Pablo P\u00e9rez Herrero, autor de la instant\u00e1nea titulada &#8216;Contrapicado&#8217;. Su obra, que representar\u00e1 a &#8216;Photoka&#8217; en el prestigioso premio de fotograf\u00eda &#8216;Argizaiola&#8217; de Euskadi, ha destacado dentro de la categor\u00eda de &#8216;Libre condicionada&#8217;, \u00abque no admite manipulaciones de la imagen, ni que refleje una realidad distinta a la fotografiada\u00bb. <\/p>\n<p class=\"v-p\">Dentro del mismo apartado, los expertos han concedido el segundo premio a Iker Aizkorbe por &#8216;Zaldia&#8217;, y el tercero a Carlos Fr\u00edas por &#8216;Dep&#8217;. En la secci\u00f3n de t\u00e9cnica libre, el primer premio ha reca\u00eddo en la fot\u00f3grafa catalana Maci\u00e0 Puigggr\u00f2s por su trabajo &#8216;Envidia&#8217;. Le siguieron Jordi Torrent con su instant\u00e1nea &#8216;Zaha Hadid a Shanghai&#8217; y Rodrigo N\u00fa\u00f1ez, que present\u00f3 la imagen titulada &#8216;Dos cuervos iban hacia el oeste&#8217;.<\/p>\n<p><img decoding=\"async\" loading=\"lazy\" src=\"https:\/\/www.europesays.com\/es\/wp-content\/uploads\/2025\/11\/Imagen Envidia.jpg\" class=\"v-a-img\" width=\"650\" height=\"455\" alt=\"'Envidia', de la catalana Maci\u00e0 Puiggr\u00f2s, ha sido seleccionada como la mejor fotograf\u00eda dentro de la secci\u00f3n de Tema libre y T\u00e9cnica libre.\" data-voc-vtm-id=\"in-text-traffic\"\/><\/p>\n<p>&#8216;Envidia&#8217;, de la catalana Maci\u00e0 Puiggr\u00f2s, ha sido seleccionada como la mejor fotograf\u00eda dentro de la secci\u00f3n de Tema libre y T\u00e9cnica libre.<\/p>\n<p>M.P.N.<\/p>\n<p><img loading=\"lazy\" decoding=\"async\" src=\"https:\/\/www.europesays.com\/es\/wp-content\/uploads\/2025\/11\/Imagen Envidia.jpg\" class=\"v-mdl__img-z\" width=\"650\" height=\"455\" alt=\"\"\/><\/p>\n<p class=\"v-p\">En la categor\u00eda de &#8216;Urdaibai&#8217;, la organizaci\u00f3n ha detectado una tendencia llamativa: \u00abla mitad o m\u00e1s\u00bb de las fotograf\u00edas presentadas est\u00e1n dedicadas al ic\u00f3nico islote de San Juan de Gaztelugatxe, en Bermeo; uno de los enclaves m\u00e1s visitados por los turistas. \u00abAparece fotografiado desde todos los \u00e1ngulos posibles, en diferentes estaciones y con los colores del amanecer, al atardecer\u2026\u00bb, explicaron. Parad\u00f3jicamente, el ganador de esta secci\u00f3n no es de la zona.<\/p>\n<p>Seleccionados al &#8216;Argizaiola&#8217;<\/p>\n<p class=\"v-p\">De hecho, el primer premio recay\u00f3 en el guipuzcoano Asier Castro de la Fuente por su trabajo &#8216;Guardianes de Gaztelugatxe&#8217;, una imagen de los pe\u00f1ones que rodean el promontorio captada desde la mar. En el mismo grupo tem\u00e1tico, Eneko Ibarguengoitia ha obtenido el segundo galard\u00f3n por &#8216;Inmersos&#8217;, e Iker Pardo el tercero por &#8216;Isiltasuna euripean&#8217;.<\/p>\n<p><img decoding=\"async\" loading=\"lazy\" src=\"https:\/\/www.europesays.com\/es\/wp-content\/uploads\/2025\/11\/Imagen Guardianes de Gaztelugatxe.jpg\" class=\"v-a-img\" width=\"650\" height=\"975\" alt=\"'Guardianes de Gaztelugatxe', ganadora en el tema 'Urdaibai'.\" data-voc-vtm-id=\"in-text-traffic\"\/><\/p>\n<p>&#8216;Guardianes de Gaztelugatxe&#8217;, ganadora en el tema &#8216;Urdaibai&#8217;.<\/p>\n<p>A.C.F<\/p>\n<p class=\"v-p\">Los ganadores de cada categor\u00eda obtendr\u00e1n un cheque de 500 euros, mientras que los segundos clasificados se embolsar\u00e1n 200 euros. El ganador absoluto, por su parte, se har\u00e1 con el preciado trofeo &#8216;Photoka&#8217;, creado por el artista Jos\u00e9 \u00c1ngel Uberuaga &#8216;Ube&#8217;. No obstante, adem\u00e1s de Pablo P\u00e9rez, las dos mejores fotograf\u00edas de cada secci\u00f3n se clasificar\u00e1n a su vez para la final del certamen &#8216;Argizaiola&#8217;. En la lista figuran Oskar Manso (&#8216;Ra\u00edces&#8217;), Vladimiro Garc\u00eda (&#8216;Sinton\u00eda de zarcillos&#8217;), Idoia Eletxigerra (&#8216;Simetr\u00edas&#8217;) y Jokin de la Fuente (&#8216;Ginkgo&#8217;). Todos los trabajos se expondr\u00e1n en la Casa de Cultura de Gernika.<\/p>\n<p>Reporta un error<\/p>\n","protected":false},"excerpt":{"rendered":"Iratxe Astui Gernika-Lumo Viernes, 21 de noviembre 2025, 19:36 El reconocido certamen de fotograf\u00eda &#8216;Photoka&#8217; de Gernika ha&hellip;\n","protected":false},"author":2,"featured_media":250306,"comment_status":"","ping_status":"","sticky":false,"template":"","format":"standard","meta":{"footnotes":""},"categories":[173],"tags":[490,229,233,231,230,232,234,146,147,25,24,19104,61,63474,23],"class_list":{"0":"post-250305","1":"post","2":"type-post","3":"status-publish","4":"format-standard","5":"has-post-thumbnail","7":"category-arte-y-diseno","8":"tag-abre","9":"tag-arte","10":"tag-arte-y-diseno","11":"tag-arts","12":"tag-arts-and-design","13":"tag-design","14":"tag-diseno","15":"tag-entertainment","16":"tag-entretenimiento","17":"tag-es","18":"tag-espana","19":"tag-foco","20":"tag-internacional","21":"tag-photoka","22":"tag-spain"},"share_on_mastodon":{"url":"https:\/\/pubeurope.com\/@es\/115595241564453958","error":""},"_links":{"self":[{"href":"https:\/\/www.europesays.com\/es\/wp-json\/wp\/v2\/posts\/250305","targetHints":{"allow":["GET"]}}],"collection":[{"href":"https:\/\/www.europesays.com\/es\/wp-json\/wp\/v2\/posts"}],"about":[{"href":"https:\/\/www.europesays.com\/es\/wp-json\/wp\/v2\/types\/post"}],"author":[{"embeddable":true,"href":"https:\/\/www.europesays.com\/es\/wp-json\/wp\/v2\/users\/2"}],"replies":[{"embeddable":true,"href":"https:\/\/www.europesays.com\/es\/wp-json\/wp\/v2\/comments?post=250305"}],"version-history":[{"count":0,"href":"https:\/\/www.europesays.com\/es\/wp-json\/wp\/v2\/posts\/250305\/revisions"}],"wp:featuredmedia":[{"embeddable":true,"href":"https:\/\/www.europesays.com\/es\/wp-json\/wp\/v2\/media\/250306"}],"wp:attachment":[{"href":"https:\/\/www.europesays.com\/es\/wp-json\/wp\/v2\/media?parent=250305"}],"wp:term":[{"taxonomy":"category","embeddable":true,"href":"https:\/\/www.europesays.com\/es\/wp-json\/wp\/v2\/categories?post=250305"},{"taxonomy":"post_tag","embeddable":true,"href":"https:\/\/www.europesays.com\/es\/wp-json\/wp\/v2\/tags?post=250305"}],"curies":[{"name":"wp","href":"https:\/\/api.w.org\/{rel}","templated":true}]}}