{"id":250309,"date":"2025-11-22T20:31:12","date_gmt":"2025-11-22T20:31:12","guid":{"rendered":"https:\/\/www.europesays.com\/es\/250309\/"},"modified":"2025-11-22T20:31:12","modified_gmt":"2025-11-22T20:31:12","slug":"magdalena-bay-siguen-sin-fallar-en-la-vintage-this-is-the-world-jenesaispop-com","status":"publish","type":"post","link":"https:\/\/www.europesays.com\/es\/250309\/","title":{"rendered":"Magdalena Bay siguen sin fallar en la vintage &#8216;This Is The World&#8217; \u2013 jenesaispop.com"},"content":{"rendered":"<p>Algo m\u00e1s de un a\u00f1o despu\u00e9s del maravilloso <a href=\"https:\/\/jenesaispop.com\/2024\/09\/04\/481705\/magdalena-bay-imaginal-disk\/\" rel=\"noopener nofollow\" target=\"_blank\">\u2018Imaginal Disk\u2019<\/a>, Magdalena Bay siguen sin dar un paso en falso. Mica Tenenbaum y Matthew Lewin han lanzado la friolera de 8 canciones en los \u00faltimos dos meses, de dos en dos y sin aviso previo. \u00abSimplemente deja que pasen los buenos tiempos\u00bb, escriben en Instagram. \u2018This Is The World (I Made It For You)\u2019 es la Canci\u00f3n del D\u00eda.<\/p>\n<p>Todas las canciones que han lanzado en este periodo han sido diferentes entre ellas, y complementarias a la vez. En el caso de \u2018This Is The World\u2019 y \u2018Nice Day\u2019, el nexo est\u00e1 en el uso de guitarras. Magdalena Bay tambi\u00e9n han aclarado que esta se trata de la \u00abpareja final\u00bb. Y no se podr\u00eda acabar de mejor manera.<\/p>\n<p>\u2018This Is The World (I Made It For You)\u2019 es un tema de corte cl\u00e1sico en el que no abundan tanto los sintetizadores como en el resto de composiciones del d\u00fao. Las campanitas del estribillo, pegadizo a m\u00e1s no poder, nos remiten al doo woop de los 50 y principios de los 60. El d\u00fao sigue manteniendo su vena experimental en momentos contados, pero est\u00e1n implementados de forma sutil, como el potente sinte que irrumpe despu\u00e9s del primer estribillo.<\/p>\n<p>La letra elige la v\u00eda cr\u00edptica, pero se mantiene disfrutable. \u00abIntento sonre\u00edr \/ Dar\u00e9 mi mejor interpretaci\u00f3n hasta la fecha\u00bb, canta Tenenbaum en la primera estrofa. El estribillo, por otro lado, podr\u00eda tratar sobre una relaci\u00f3n, ya sea rom\u00e1ntica (\u00abAhora lo que tienes que hacer es ense\u00f1arme amor y afecto de verdad\u00bb) o del artista con su arte: \u00abEste es el mundo \/ Lo hice para ti \/ Ahora lo que tengo que hacer es perder un pel\u00edn de paranoia\u00bb.<\/p>\n","protected":false},"excerpt":{"rendered":"Algo m\u00e1s de un a\u00f1o despu\u00e9s del maravilloso \u2018Imaginal Disk\u2019, Magdalena Bay siguen sin dar un paso en&hellip;\n","protected":false},"author":2,"featured_media":250310,"comment_status":"","ping_status":"","sticky":false,"template":"","format":"standard","meta":{"footnotes":""},"categories":[170],"tags":[146,147,25,24,63475,184,185,23],"class_list":{"0":"post-250309","1":"post","2":"type-post","3":"status-publish","4":"format-standard","5":"has-post-thumbnail","7":"category-musica","8":"tag-entertainment","9":"tag-entretenimiento","10":"tag-es","11":"tag-espana","12":"tag-magdalena-bay","13":"tag-music","14":"tag-musica","15":"tag-spain"},"share_on_mastodon":{"url":"https:\/\/pubeurope.com\/@es\/115595252985185819","error":""},"_links":{"self":[{"href":"https:\/\/www.europesays.com\/es\/wp-json\/wp\/v2\/posts\/250309","targetHints":{"allow":["GET"]}}],"collection":[{"href":"https:\/\/www.europesays.com\/es\/wp-json\/wp\/v2\/posts"}],"about":[{"href":"https:\/\/www.europesays.com\/es\/wp-json\/wp\/v2\/types\/post"}],"author":[{"embeddable":true,"href":"https:\/\/www.europesays.com\/es\/wp-json\/wp\/v2\/users\/2"}],"replies":[{"embeddable":true,"href":"https:\/\/www.europesays.com\/es\/wp-json\/wp\/v2\/comments?post=250309"}],"version-history":[{"count":0,"href":"https:\/\/www.europesays.com\/es\/wp-json\/wp\/v2\/posts\/250309\/revisions"}],"wp:featuredmedia":[{"embeddable":true,"href":"https:\/\/www.europesays.com\/es\/wp-json\/wp\/v2\/media\/250310"}],"wp:attachment":[{"href":"https:\/\/www.europesays.com\/es\/wp-json\/wp\/v2\/media?parent=250309"}],"wp:term":[{"taxonomy":"category","embeddable":true,"href":"https:\/\/www.europesays.com\/es\/wp-json\/wp\/v2\/categories?post=250309"},{"taxonomy":"post_tag","embeddable":true,"href":"https:\/\/www.europesays.com\/es\/wp-json\/wp\/v2\/tags?post=250309"}],"curies":[{"name":"wp","href":"https:\/\/api.w.org\/{rel}","templated":true}]}}