{"id":250311,"date":"2025-11-22T20:33:10","date_gmt":"2025-11-22T20:33:10","guid":{"rendered":"https:\/\/www.europesays.com\/es\/250311\/"},"modified":"2025-11-22T20:33:10","modified_gmt":"2025-11-22T20:33:10","slug":"paco-lopez-nos-ha-faltado-pegada-esa-ha-sido-la-diferencia-c-d-leganes","status":"publish","type":"post","link":"https:\/\/www.europesays.com\/es\/250311\/","title":{"rendered":"Paco L\u00f3pez: \u00abNos ha faltado pegada, esa ha sido la diferencia\u00bb &#8211; C.D. Legan\u00e9s"},"content":{"rendered":"<p><strong>El entrenador del C.D. Legan\u00e9s, Paco L\u00f3pez, compareci\u00f3 en rueda de prensa al t\u00e9rmino del partido que enfrent\u00f3 al equipo pepinero y a la U.D. Almer\u00eda en el Estadio Ontime Butarque, correspondiente a la decimoquinta jornada de LALIGA HYPERMOTION, y que finaliz\u00f3 con 0-3.<\/strong><\/p>\n<p>El t\u00e9cnico valor\u00f3 de este modo lo sucedido durante el encuentro:<\/p>\n<p><strong>Situaci\u00f3n personal<\/strong>: \u201cNo es agradable que se grite eso en la grada, pero es parte de este mundo. Uno convive con ello y sabe que cuando se pierde puede suceder\u201d.<\/p>\n<p><strong>Falta de acierto<\/strong>: \u201cEs el resumen del partido, la pegada de un equipo y la de otro. Hemos sido superiores en muchas fases del partido, pero con 0-0 tienes un mano a mano y no lo haces, luego ellos meten un golazo y se te empieza a complicar el partido. Estoy orgullos\u00edsimo del equipo, se han dejado todo en el campo. Si a estos equipos no los matas, pasa lo que pasa, lo hemos intentado por activa y por pasiva. Hemos tenido la de Ciss\u00e9 para el 1-1, incluso con 0-2 ten\u00edamos la sensaci\u00f3n de poder darle la vuelta, pero para poder ganar los partidos hay que estar acertados en \u00e1rea contraria. Esa ha sido la diferencia\u201d.<\/p>\n<p><strong>Estado del vestuario<\/strong>: \u201cEst\u00e1 dolido, es l\u00f3gico despu\u00e9s de perder. Es un vestuario muy maduro y hay gente con mucha experiencia, hemos tratado de animar. Hoy ser\u00e1 un d\u00eda dif\u00edcil, pero no queda otra que seguir, somos profesionales\u201d.<\/p>\n<p><strong>Losa psicol\u00f3gica<\/strong>: \u201cSi mentalmente estuvi\u00e9semos mal no habr\u00edamos generado tanto a un equipazo como es el Almer\u00eda. No creo que vaya por ah\u00ed. El equipo ha dado la cara en todo momento, ha tenido valent\u00eda. El primer gol no ha llegado por una mala defensa del \u00e1rea. No creo que sea una cuesti\u00f3n mental, sino de acierto\u201d.<\/p>\n<p><strong>Defensa de circunstancias al final<\/strong>: \u201cLalo ha pedido el cambio, ya en el descanso no sab\u00eda si pod\u00eda continuar. Metimos a Diawara de central y luego Jorge andaba ya muy justo. Ten\u00edamos que arriesgar, eso te da pie a que haya alg\u00fan jugador que no juegue en su posici\u00f3n habitual, pero tienes que hacerlo. Hemos seguido generando, tambi\u00e9n cuando ha salido Pauwels en la izquierda. Nos ha faltado gol, no puedo decir otra cosa\u201d.<\/p>\n<p><strong>Rub\u00e9n Pe\u00f1a<\/strong>: \u201cHabr\u00e1 que esperar, pero es una lesi\u00f3n muscular. Ha notado un pinchazo y veremos de qu\u00e9 grado es\u201d.<\/p>\n<p><strong>Objetivos<\/strong>: \u201cEl nuestro es ganar el pr\u00f3ximo partido. Marcarse objetivos a largo plazo, sin obviar cu\u00e1l es el de inicio de este club, no lleva a nada. S\u00f3lo tiene que ser ganar el pr\u00f3ximo partido, y m\u00e1s en estas circunstancias. Queda much\u00edsima liga todav\u00eda, si hoy ganas estar\u00edas a tiro de piedra de la zona alta. Esto es as\u00ed\u201d.<\/p>\n<p><strong>Enfado de la afici\u00f3n<\/strong>: \u201cLes entiendo perfectamente, su enfado, que est\u00e9n molestos y nerviosos, porque quieren ver ganar a su equipo, que viene de Primera Divisi\u00f3n. Lo \u00fanico que podemos hacer es darlo todo y estando m\u00e1s acertados y ganar partidos. Les agradecemos otra vez el apoyo desde el principio, nos hubiera gustado brindarles una victoria hoy, poco m\u00e1s puedo decir\u201d.<\/p>\n<p><strong>Presi\u00f3n por jugar en casa<\/strong>: \u201cNo deber\u00eda ser as\u00ed, y no tiene que ser as\u00ed. No creo que haya influido. Hemos hecho muy buen partido contra un rival poderos\u00edsimo, al que hemos superado en muchas fases del partido. Estamos teniendo m\u00e1s acierto fuera que en casa, pero no debemos quedarnos con eso. Jugar en tu estadio debe ser un plus\u201d.<\/p>\n","protected":false},"excerpt":{"rendered":"El entrenador del C.D. Legan\u00e9s, Paco L\u00f3pez, compareci\u00f3 en rueda de prensa al t\u00e9rmino del partido que enfrent\u00f3&hellip;\n","protected":false},"author":2,"featured_media":250312,"comment_status":"","ping_status":"","sticky":false,"template":"","format":"standard","meta":{"footnotes":""},"categories":[93],"tags":[168,25,24,23,167],"class_list":{"0":"post-250311","1":"post","2":"type-post","3":"status-publish","4":"format-standard","5":"has-post-thumbnail","7":"category-deportes","8":"tag-deportes","9":"tag-es","10":"tag-espana","11":"tag-spain","12":"tag-sports"},"share_on_mastodon":{"url":"https:\/\/pubeurope.com\/@es\/115595261558506215","error":""},"_links":{"self":[{"href":"https:\/\/www.europesays.com\/es\/wp-json\/wp\/v2\/posts\/250311","targetHints":{"allow":["GET"]}}],"collection":[{"href":"https:\/\/www.europesays.com\/es\/wp-json\/wp\/v2\/posts"}],"about":[{"href":"https:\/\/www.europesays.com\/es\/wp-json\/wp\/v2\/types\/post"}],"author":[{"embeddable":true,"href":"https:\/\/www.europesays.com\/es\/wp-json\/wp\/v2\/users\/2"}],"replies":[{"embeddable":true,"href":"https:\/\/www.europesays.com\/es\/wp-json\/wp\/v2\/comments?post=250311"}],"version-history":[{"count":0,"href":"https:\/\/www.europesays.com\/es\/wp-json\/wp\/v2\/posts\/250311\/revisions"}],"wp:featuredmedia":[{"embeddable":true,"href":"https:\/\/www.europesays.com\/es\/wp-json\/wp\/v2\/media\/250312"}],"wp:attachment":[{"href":"https:\/\/www.europesays.com\/es\/wp-json\/wp\/v2\/media?parent=250311"}],"wp:term":[{"taxonomy":"category","embeddable":true,"href":"https:\/\/www.europesays.com\/es\/wp-json\/wp\/v2\/categories?post=250311"},{"taxonomy":"post_tag","embeddable":true,"href":"https:\/\/www.europesays.com\/es\/wp-json\/wp\/v2\/tags?post=250311"}],"curies":[{"name":"wp","href":"https:\/\/api.w.org\/{rel}","templated":true}]}}