{"id":250313,"date":"2025-11-22T20:34:12","date_gmt":"2025-11-22T20:34:12","guid":{"rendered":"https:\/\/www.europesays.com\/es\/250313\/"},"modified":"2025-11-22T20:34:12","modified_gmt":"2025-11-22T20:34:12","slug":"innovando-con-la-upct-una-ia-para-restaurar-vision-util-en-pacientes-ciegos","status":"publish","type":"post","link":"https:\/\/www.europesays.com\/es\/250313\/","title":{"rendered":"Innovando con la UPCT. Una IA para restaurar visi\u00f3n \u00fatil en pacientes ciegos"},"content":{"rendered":"\n<ol class=\"breadcrumb breadcrumb-podcasts text-uppercase fs-6\">\n<li class=\"breadcrumb-item\"><a href=\"https:\/\/www.orm.es\/programas\/\" class=\"color-gris over-80 transition-1\" rel=\"nofollow noopener\" target=\"_blank\">Podcasts<\/a><\/li>\n<li class=\"breadcrumb-item\"><a href=\"https:\/\/www.orm.es\/podcasts\/actualidad-y-sociedad\/\" class=\"color-gris over-80 transition-1\" rel=\"nofollow noopener\" target=\"_blank\">ACTUALIDAD Y SOCIEDAD<\/a> <\/li>\n<li class=\"breadcrumb-item active\" aria-current=\"page\"><a href=\"https:\/\/www.orm.es\/programas\/el-rompeolas\/\" class=\"color-gris over-80 transition-1\" rel=\"nofollow noopener\" target=\"_blank\">EL ROMPEOLAS<\/a> <\/li>\n<\/ol>\n<p> Investigadores de la Polit\u00e9cnica de Cartagena, la Miguel Hern\u00e1ndez y la UNED desarrollar\u00e1n un neuroestimulador cerebral que ayudar\u00e1 a los invidentes a reconocer, localizar y agarrar objetos, o a moverse por un espacio. <\/p>\n<p>Se trata de un proyecto de <strong>Inteligencia Artificial<\/strong> para <strong>Interactuar Bidireccionalmente con el Cerebro<\/strong>, y re\u00fane a m\u00e9dicos, expertos en IA e Ingenier\u00eda Biom\u00e9dica para probar los algoritmos desarrollados en pacientes con ceguera profunda utilizando una <strong>neuropr\u00f3tesis visual cortical<\/strong>. El objetivo principal es \u2018ampliar las posibilidades de conectar la tecnolog\u00eda digital con el sistema nervioso para mejorar la vida de personas con discapacidades visuales que actualmente no tienen tratamiento\u2019.<\/p>\n<p>Nos explica todos los detalles el <strong>investigador de la Universidad Polit\u00e9cnica de Cartagena, Jos\u00e9 Manuel Ferr\u00e1ndez<\/strong>. Este proyecto ha sido seleccionado entre los 19 de la convocatoria de proyectos de IA que el <strong>Ministerio de Ciencia, Innovaci\u00f3n y Universidades<\/strong> acaba de resolver, y recibir\u00e1 <strong>1,8 millones de euros<\/strong> para su desarrollo.<\/p>\n<p>La <strong><a href=\"https:\/\/www.upct.es\/noticias\/2025-11-18-la-upct-desarrollara--un-neuroestimulador-cerebral-con-ia-para-restaurar-vision-util-en-pacientes-ciegos\" rel=\"nofollow noopener\" target=\"_blank\">UPCT<\/a><\/strong> gestionar\u00e1 m\u00e1s de medio mill\u00f3n de euros\u00a0y ser\u00e1 la responsable del desarrollo de la <strong>neuropr\u00f3tesis con IA<\/strong> y de supervisar las <strong>implicaciones \u00e9ticas y legales<\/strong> de los desarrollos tecnol\u00f3gicos que se alcancen.<\/p>\n<p>Jos\u00e9 Manuel Ferr\u00e1ndez es responsable del grupo de investigaci\u00f3n en <strong>Dise\u00f1o Electr\u00f3nico y T\u00e9cnicas de Tratamiento de Se\u00f1al de la UPCT<\/strong>, y coordina la <strong>Red Nacional en Inteligencia Artificial para neurociencia y salud mental<\/strong> y la <strong>Red Iberoamericana <\/strong>en esta materia.<\/p>\n<p>Temas<\/p>\n","protected":false},"excerpt":{"rendered":"Podcasts ACTUALIDAD Y SOCIEDAD EL ROMPEOLAS Investigadores de la Polit\u00e9cnica de Cartagena, la Miguel Hern\u00e1ndez y la UNED&hellip;\n","protected":false},"author":2,"featured_media":250314,"comment_status":"","ping_status":"","sticky":false,"template":"","format":"standard","meta":{"footnotes":""},"categories":[92],"tags":[25,24,165,166,23],"class_list":{"0":"post-250313","1":"post","2":"type-post","3":"status-publish","4":"format-standard","5":"has-post-thumbnail","7":"category-salud","8":"tag-es","9":"tag-espana","10":"tag-health","11":"tag-salud","12":"tag-spain"},"share_on_mastodon":{"url":"https:\/\/pubeurope.com\/@es\/115595265126639832","error":""},"_links":{"self":[{"href":"https:\/\/www.europesays.com\/es\/wp-json\/wp\/v2\/posts\/250313","targetHints":{"allow":["GET"]}}],"collection":[{"href":"https:\/\/www.europesays.com\/es\/wp-json\/wp\/v2\/posts"}],"about":[{"href":"https:\/\/www.europesays.com\/es\/wp-json\/wp\/v2\/types\/post"}],"author":[{"embeddable":true,"href":"https:\/\/www.europesays.com\/es\/wp-json\/wp\/v2\/users\/2"}],"replies":[{"embeddable":true,"href":"https:\/\/www.europesays.com\/es\/wp-json\/wp\/v2\/comments?post=250313"}],"version-history":[{"count":0,"href":"https:\/\/www.europesays.com\/es\/wp-json\/wp\/v2\/posts\/250313\/revisions"}],"wp:featuredmedia":[{"embeddable":true,"href":"https:\/\/www.europesays.com\/es\/wp-json\/wp\/v2\/media\/250314"}],"wp:attachment":[{"href":"https:\/\/www.europesays.com\/es\/wp-json\/wp\/v2\/media?parent=250313"}],"wp:term":[{"taxonomy":"category","embeddable":true,"href":"https:\/\/www.europesays.com\/es\/wp-json\/wp\/v2\/categories?post=250313"},{"taxonomy":"post_tag","embeddable":true,"href":"https:\/\/www.europesays.com\/es\/wp-json\/wp\/v2\/tags?post=250313"}],"curies":[{"name":"wp","href":"https:\/\/api.w.org\/{rel}","templated":true}]}}