{"id":250315,"date":"2025-11-22T20:35:11","date_gmt":"2025-11-22T20:35:11","guid":{"rendered":"https:\/\/www.europesays.com\/es\/250315\/"},"modified":"2025-11-22T20:35:11","modified_gmt":"2025-11-22T20:35:11","slug":"antena-3-arranca-la-promocion-de-en-tierra-lejana-su-nueva-serie-turca","status":"publish","type":"post","link":"https:\/\/www.europesays.com\/es\/250315\/","title":{"rendered":"Antena 3 arranca la promoci\u00f3n de &#8216;En tierra lejana&#8217;, su nueva serie turca"},"content":{"rendered":"<p class=\"article-text\">\n        <strong>Antena 3<\/strong> estrenar\u00e1 \u201cmuy pronto\u201d la serie turca<strong> Uzak Sehir<\/strong>, traducida al espa\u00f1ol como <strong>En tierra lejana<\/strong>. La cadena de Atresmedia ha comenzado a promocionar la llegada de su nueva telenovela, aunque de momento no aclara las circunstancias de su lanzamiento: d\u00eda y horario de emisi\u00f3n.\n    <\/p>\n<p>    <a href=\"https:\/\/www.eldiario.es\/vertele\/noticias\/cintora-critica-tellado-tensa-entrevista-intxaurrondo-rtve-video_1_12788836.html\" data-mrf-recirculation=\"saber-mas\" data-dl-event=\"saber-mas\" rel=\"nofollow noopener\" target=\"_blank\"><\/p>\n<p class=\"know-more__title\">Cintora critica a Tellado por su tensa entrevista con Intxaurrondo: \u00abIntimidar a periodistas y presumir de democracia\u00bb<\/p>\n<p>            <img decoding=\"async\" class=\"lazy\" loading=\"lazy\" data-src=\"https:\/\/static.eldiario.es\/clip\/863d4b00-6e99-43bd-9b57-736f16625583_16-9-aspect-ratio_default_0.jpg\" src=\"data:image\/svg+xml,%3Csvg xmlns=\" http:=\"\" viewbox=\"0 0 880 495\" alt=\"Cintora critica a Tellado por su tensa entrevista con Intxaurrondo: &quot;Intimidar a periodistas y presumir de democracia&quot;\"\/><\/p>\n<p>                        <\/a><\/p>\n<p class=\"article-text\">\n        En tierra lejana es una de las \u00faltimas producciones de la televisi\u00f3n turca Kanal D, donde se emite desde finales de 2024. Actualmente se han emitido ya <strong>dos temporada y casi 40 cap\u00edtulos<\/strong>.\n    <\/p>\n<p class=\"article-text\">\n        Protagonizada por los actores <strong>Ozan Akbaba<\/strong>, <strong>Sinem \u00dcnsal<\/strong>, <strong>M\u00fcfit Kayacan<\/strong> y <strong>Ferit Kaya<\/strong>, la serie cuenta la historia de una mujer que se ve atrapada en la ciudad de su difunto marido cuando viaja hasta all\u00ed para entregar a su familia el cuerpo del fallecido.\n    <\/p>\n<p class=\"article-text\">\n        En tierra lejana se suma al cat\u00e1logo de series turcas de Antena 3. La cadena ha emitido en los \u00faltimos a\u00f1os un buen pu\u00f1ado de producciones otomanas \u2013casi todas con muy buenos datos de audiencia\u2013 y actualmente tiene en su parrilla <strong>Renacer <\/strong>y <strong>Una nueva vida<\/strong>.\n    <\/p>\n<blockquote class=\"twitter-tweet\" data-lang=\"es\"><p><a href=\"https:\/\/twitter.com\/X\/status\/1992007253851779510?ref_src=twsrc%5Etfw\" rel=\"nofollow noopener\" target=\"_blank\"><\/p><\/blockquote>\n<p>    Sinopsis de &#8216;En tierra lejana&#8217;<\/p>\n<p class=\"article-text\">\n        Alya es una brillante m\u00e9dica que vive con su marido, Boran, y su hijo Deniz Cihan en Alaska. Pero todo cambia en un instante. Un terrible accidente de tr\u00e1fico acaba con la vida de Boran y la obliga a cumplir su \u00faltima voluntad: regresar con su hijo a Mardin, su tierra natal, para enterrarlo all\u00ed. Lo que deb\u00eda ser un regreso marcado por el dolor pronto se convierte en una pesadilla.\n    <\/p>\n<p class=\"article-text\">\n        Nada m\u00e1s llegar, Sadakat, la poderosa matriarca del clan Albora, la acusa de haber provocado la muerte de su hijo. En una familia dominada por el orgullo, las apariencias y las tradiciones, Alya pasa de ser la viuda del difunto a convertirse en la principal sospechosa.\n    <\/p>\n<p class=\"article-text\">\n        Decidida a proteger a Deniz Cihan y escapar de all\u00ed cuanto antes, se enfrenta a un mundo hostil que vive en guerra abierta contra la familia Baybars, un clan que busca venganza contra los Albora por rencores y secretos del pasado.\n    <\/p>\n<p>    <a href=\"https:\/\/www.eldiario.es\/vertele\/series\/la-frontera-rtve-fecha-estreno-horario-capitulos-amazon-prime-video_1_12789004.html\" data-mrf-recirculation=\"saber-mas-abajo\" data-dl-event=\"saber-mas-abajo\" rel=\"nofollow noopener\" target=\"_blank\"><\/p>\n<p class=\"know-more__title\">RTVE pone fecha de estreno a &#8216;La frontera&#8217; cinco meses despu\u00e9s de abortar su lanzamiento<\/p>\n<p>            <img decoding=\"async\" class=\"lazy\" loading=\"lazy\" data-src=\"https:\/\/static.eldiario.es\/clip\/220b7b07-a0d2-47f6-991b-d7dcb2a83688_16-9-aspect-ratio_default_0.jpg\" src=\"data:image\/svg+xml,%3Csvg xmlns=\" http:=\"\" viewbox=\"0 0 880 495\" alt=\"RTVE pone fecha de estreno a 'La frontera' cinco meses despu\u00e9s de abortar su lanzamiento\"\/><\/p>\n<p>                        <\/a><\/p>\n<p class=\"article-text\">\n        Entre el odio y la autoridad implacable de Cihan, el hermano mayor de su esposo, surge una conexi\u00f3n que desaf\u00eda todas las reglas y cambiar\u00e1 sus destinos para siempre.\n    <\/p>\n<p>                                    <script async src=\"https:\/\/platform.twitter.com\/widgets.js\" charset=\"utf-8\"><\/script><\/p>\n","protected":false},"excerpt":{"rendered":"Antena 3 estrenar\u00e1 \u201cmuy pronto\u201d la serie turca Uzak Sehir, traducida al espa\u00f1ol como En tierra lejana. La&hellip;\n","protected":false},"author":2,"featured_media":250316,"comment_status":"","ping_status":"","sticky":false,"template":"","format":"standard","meta":{"footnotes":""},"categories":[91],"tags":[1554,9692,63476,146,147,25,24,795,1170,156,23,52883],"class_list":{"0":"post-250315","1":"post","2":"type-post","3":"status-publish","4":"format-standard","5":"has-post-thumbnail","7":"category-entretenimiento","8":"tag-1554","9":"tag-antena","10":"tag-en-tierra-lejana","11":"tag-entertainment","12":"tag-entretenimiento","13":"tag-es","14":"tag-espana","15":"tag-nueva","16":"tag-promocion","17":"tag-serie","18":"tag-spain","19":"tag-turca"},"share_on_mastodon":{"url":"https:\/\/pubeurope.com\/@es\/115595269746921916","error":""},"_links":{"self":[{"href":"https:\/\/www.europesays.com\/es\/wp-json\/wp\/v2\/posts\/250315","targetHints":{"allow":["GET"]}}],"collection":[{"href":"https:\/\/www.europesays.com\/es\/wp-json\/wp\/v2\/posts"}],"about":[{"href":"https:\/\/www.europesays.com\/es\/wp-json\/wp\/v2\/types\/post"}],"author":[{"embeddable":true,"href":"https:\/\/www.europesays.com\/es\/wp-json\/wp\/v2\/users\/2"}],"replies":[{"embeddable":true,"href":"https:\/\/www.europesays.com\/es\/wp-json\/wp\/v2\/comments?post=250315"}],"version-history":[{"count":0,"href":"https:\/\/www.europesays.com\/es\/wp-json\/wp\/v2\/posts\/250315\/revisions"}],"wp:featuredmedia":[{"embeddable":true,"href":"https:\/\/www.europesays.com\/es\/wp-json\/wp\/v2\/media\/250316"}],"wp:attachment":[{"href":"https:\/\/www.europesays.com\/es\/wp-json\/wp\/v2\/media?parent=250315"}],"wp:term":[{"taxonomy":"category","embeddable":true,"href":"https:\/\/www.europesays.com\/es\/wp-json\/wp\/v2\/categories?post=250315"},{"taxonomy":"post_tag","embeddable":true,"href":"https:\/\/www.europesays.com\/es\/wp-json\/wp\/v2\/tags?post=250315"}],"curies":[{"name":"wp","href":"https:\/\/api.w.org\/{rel}","templated":true}]}}