{"id":250319,"date":"2025-11-22T20:37:18","date_gmt":"2025-11-22T20:37:18","guid":{"rendered":"https:\/\/www.europesays.com\/es\/250319\/"},"modified":"2025-11-22T20:37:18","modified_gmt":"2025-11-22T20:37:18","slug":"adidas-triunfa-en-el-black-friday-con-las-zapatillas-aguamarina-con-vibes-de-gazelle-por-solo-36-euros","status":"publish","type":"post","link":"https:\/\/www.europesays.com\/es\/250319\/","title":{"rendered":"Adidas triunfa en el Black Friday con las zapatillas aguamarina con vibes de Gazelle por solo 36 euros"},"content":{"rendered":"<p>Las zapatillas de colores son un must para elevar los looks m\u00e1s sosainas de oto\u00f1o-invierno. En esta ocasi\u00f3n, he fichado en el Black Friday de Adidas un modelo en color aguamarina con detalles algod\u00f3n de az\u00facar con vibes de <a class=\"text-outboundlink\" href=\"https:\/\/www.trendencias.com\/shopping\/como-combinar-adidas-gazelle-look-elegante-casual-sport\" data-vars-post-title=\"C\u00f3mo combinar las Adidas Gazelle | Look elegante, casual y de sport\" data-vars-post-url=\"https:\/\/www.trendencias.com\/shopping\/como-combinar-adidas-gazelle-look-elegante-casual-sport\" rel=\"nofollow noopener\" target=\"_blank\">Gazelle<\/a> que <strong>se agotar\u00e1n en un abrir y cerrar de ojos porque son muy bonitas <\/strong>y f\u00e1ciles de combinar.\u00a0<\/p>\n<p> <a rel=\"nofollow, sponsored, noopener, noreferrer\" target=\"_blank\" href=\"https:\/\/www.webedia-afilia.com\/redirect?site=trendencias&amp;url=https%3A%2F%2Fwww.adidas.es%2Fzapatilla-breaknet-sleek%2FJR0688.html&amp;affiliate_id=&amp;ecomPostExpiration=perish&amp;postId=648880\"><br \/>\n     <img loading=\"lazy\" decoding=\"async\" src=\"https:\/\/www.europesays.com\/es\/wp-content\/uploads\/2025\/11\/original.png\" alt=\"Zapatillas Breaknet Sleek Adidas\" width=\"796\" height=\"796\"\/><br \/>\n   <\/a><\/p>\n<p class=\"pivot-ecommerce-desc\">Zapatillas Breaknet Sleek Adidas<\/p>\n<p>El precio podr\u00eda variar. Obtenemos comisi\u00f3n por estos enlaces<\/p>\n<p>Su est\u00e9tica es muy sencilla, pero no pasan desapercibidas f\u00e1cilmente. Parecen muy c\u00f3modas y podremos llevarlas todos los d\u00edas sin que nuestros pies sufran por el dolor. Cuentan con <strong>detalles perforados que favorecen la ventilaci\u00f3n<\/strong> y la suela de goma es perfecta para una mayor sujeci\u00f3n y agarre en cualquier tipo de suelo.\u00a0<\/p>\n<p>                   <a rel=\"nofollow, sponsored, noopener, noreferrer\" target=\"_blank\" class=\"js-ecommerce\" id=\"link-ecommerce-1\" href=\"https:\/\/www.webedia-afilia.com\/redirect?url=https%3A%2F%2Fwww.adidas.es%2Fzapatilla-breaknet-sleek%2FJR0688.html&amp;category=shopping&amp;site=trendencias&amp;ecomPostExpiration=perish&amp;postId=648880\" data-vars-affiliate-url=\"https:\/\/www.adidas.es\/zapatilla-breaknet-sleek\/JR0688.html\"><br \/>\n         <img class=\"centro_sinmarco\" height=\"796\" width=\"910\" loading=\"lazy\" decoding=\"async\"  fetchpriority=\"high\"  src=\"https:\/\/www.europesays.com\/es\/wp-content\/uploads\/2025\/11\/1763843837_509_450_1000.png\" alt=\"Captura De Pantalla 2025 11 21 A Las 16 18 10\"\/><\/p>\n<p>     <\/a><\/p>\n<p>Est\u00e1n <strong>hechas de piel<\/strong> y para combinarlas ser\u00e1 muy f\u00e1cil. Desde unos vaqueros con dise\u00f1o acampanado y un <a class=\"text-outboundlink\" href=\"https:\/\/www.trendencias.com\/shopping\/como-combinar-jersey-oversize-look-elegante-casual-sport\" data-vars-post-title=\"C\u00f3mo combinar un jersey oversize en un look elegante, casual y de sport \" data-vars-post-url=\"https:\/\/www.trendencias.com\/shopping\/como-combinar-jersey-oversize-look-elegante-casual-sport\" rel=\"nofollow noopener\" target=\"_blank\">jersey oversize<\/a> finito y suave hasta una falda satinada y una camiseta que a\u00f1ada un aspecto muy cool. Un par de sneakers muy vers\u00e1tiles que conquista a pijas y modernas. El precio en Adidas es <a rel=\"nofollow, sponsored, noopener, noreferrer\" target=\"_blank\" class=\"js-ecommerce\" id=\"link-ecommerce-2\" href=\"https:\/\/www.webedia-afilia.com\/redirect?url=https%3A%2F%2Fwww.adidas.es%2Fzapatilla-breaknet-sleek%2FJR0688.html&amp;category=shopping&amp;site=trendencias&amp;ecomPostExpiration=perish&amp;postId=648880\" data-vars-affiliate-url=\"https:\/\/www.adidas.es\/zapatilla-breaknet-sleek\/JR0688.html\">36 euros<\/a>.\u00a0<\/p>\n<p>C\u00f3mo combinar estas zapatillas\u00a0<\/p>\n<p>                  <img class=\"centro_sinmarco\" height=\"1800\" width=\"1440\" loading=\"lazy\" decoding=\"async\"  fetchpriority=\"high\"  src=\"https:\/\/www.europesays.com\/es\/wp-content\/uploads\/2025\/11\/1763843838_248_450_1000.jpeg\" alt=\"1\"\/><\/p>\n<p>Combinar unas zapatillas aguamarina con estilo es muy f\u00e1cil y este conjunto de la influencer Mar\u00eda Fern\u00e1ndez Rubies es una prueba de ello. Un outfit formado por un total look beige compuesto por una falda de globo y una chaqueta tipo bomber s\u00faper cool. <strong>Una opci\u00f3n con mucho rollazo que queda genial con el bolso turquesa<\/strong>.\u00a0<\/p>\n<p>Para relajar un poco el look y adaptarlo a los <a class=\"text-outboundlink\" href=\"https:\/\/www.trendencias.com\/shopping\/como-vestir-bien-poco-dinero-cinco-basicos-fondo-armario-que-no-te-pueden-faltar\" data-vars-post-title=\"C\u00f3mo vestir bien con poco dinero | Cinco b\u00e1sicos de fondo de armario que no te pueden faltar \" data-vars-post-url=\"https:\/\/www.trendencias.com\/shopping\/como-vestir-bien-poco-dinero-cinco-basicos-fondo-armario-que-no-te-pueden-faltar\" rel=\"nofollow noopener\" target=\"_blank\">b\u00e1sicos de nuestro fondo de armario<\/a>, <strong>un pantal\u00f3n marr\u00f3n chocolate hecho de pana es un acierto<\/strong> porque combinar\u00e1 con el cuello de la chaqueta. Todos los colores son tendencia esta temporada y entre ellos hacen match.\u00a0<\/p>\n<p>Nota: algunos de los enlaces de este art\u00edculo son afiliados y pueden reportar un beneficio a Trendencias. En caso de no disponibilidad, las ofertas pueden variar.\u00a0\u00a0\u00a0\u00a0\u00a0<\/p>\n<p>Fotos |Adidas,\u00a0<a rel=\"noopener, noreferrer nofollow\" href=\"https:\/\/www.instagram.com\/p\/DQmuV_BgI0U\/?utm_source=ig_web_copy_link&amp;igsh=MzRlODBiNWFlZA==\" target=\"_blank\">@erealouro<\/a>, <a rel=\"noopener, noreferrer nofollow\" href=\"https:\/\/www.instagram.com\/p\/C3rsL_WIWn3\/?utm_source=ig_web_copy_link&amp;igsh=MzRlODBiNWFlZA==\" target=\"_blank\">@mariafrubies<\/a><\/p>\n<p>En Trendencias |<a class=\"text-outboundlink\" href=\"https:\/\/www.trendencias.com\/shopping\/como-hacer-cambio-armario-paso-a-paso-trucos-productos-todo-que-necesitas-para-orden-perfecto\" data-vars-post-title=\"C\u00f3mo hacer el cambio de armario paso a paso | Trucos, productos y todo lo que necesitas para un orden perfecto\" data-vars-post-url=\"https:\/\/www.trendencias.com\/shopping\/como-hacer-cambio-armario-paso-a-paso-trucos-productos-todo-que-necesitas-para-orden-perfecto\" rel=\"nofollow noopener\" target=\"_blank\">C\u00f3mo hacer el cambio de armario paso a paso | Trucos, productos y todo lo que necesitas para un orden perfecto<\/a><\/p>\n<p> <script async src=\"\/\/www.instagram.com\/embed.js\"><\/script><\/p>\n","protected":false},"excerpt":{"rendered":"Las zapatillas de colores son un must para elevar los looks m\u00e1s sosainas de oto\u00f1o-invierno. En esta ocasi\u00f3n,&hellip;\n","protected":false},"author":2,"featured_media":250320,"comment_status":"","ping_status":"","sticky":false,"template":"","format":"standard","meta":{"footnotes":""},"categories":[80],"tags":[82,95,94,25,24,23],"class_list":{"0":"post-250319","1":"post","2":"type-post","3":"status-publish","4":"format-standard","5":"has-post-thumbnail","7":"category-economia","8":"tag-business","9":"tag-economia","10":"tag-economy","11":"tag-es","12":"tag-espana","13":"tag-spain"},"share_on_mastodon":{"url":"https:\/\/pubeurope.com\/@es\/115595276816902046","error":""},"_links":{"self":[{"href":"https:\/\/www.europesays.com\/es\/wp-json\/wp\/v2\/posts\/250319","targetHints":{"allow":["GET"]}}],"collection":[{"href":"https:\/\/www.europesays.com\/es\/wp-json\/wp\/v2\/posts"}],"about":[{"href":"https:\/\/www.europesays.com\/es\/wp-json\/wp\/v2\/types\/post"}],"author":[{"embeddable":true,"href":"https:\/\/www.europesays.com\/es\/wp-json\/wp\/v2\/users\/2"}],"replies":[{"embeddable":true,"href":"https:\/\/www.europesays.com\/es\/wp-json\/wp\/v2\/comments?post=250319"}],"version-history":[{"count":0,"href":"https:\/\/www.europesays.com\/es\/wp-json\/wp\/v2\/posts\/250319\/revisions"}],"wp:featuredmedia":[{"embeddable":true,"href":"https:\/\/www.europesays.com\/es\/wp-json\/wp\/v2\/media\/250320"}],"wp:attachment":[{"href":"https:\/\/www.europesays.com\/es\/wp-json\/wp\/v2\/media?parent=250319"}],"wp:term":[{"taxonomy":"category","embeddable":true,"href":"https:\/\/www.europesays.com\/es\/wp-json\/wp\/v2\/categories?post=250319"},{"taxonomy":"post_tag","embeddable":true,"href":"https:\/\/www.europesays.com\/es\/wp-json\/wp\/v2\/tags?post=250319"}],"curies":[{"name":"wp","href":"https:\/\/api.w.org\/{rel}","templated":true}]}}