{"id":250323,"date":"2025-11-22T20:39:08","date_gmt":"2025-11-22T20:39:08","guid":{"rendered":"https:\/\/www.europesays.com\/es\/250323\/"},"modified":"2025-11-22T20:39:08","modified_gmt":"2025-11-22T20:39:08","slug":"la-familia-real-acude-a-un-almuerzo-privado-en-el-pardo-junto-con-el-emerito-con-motivo-de-los-50-anos-de-monarquia-cadena-ser","status":"publish","type":"post","link":"https:\/\/www.europesays.com\/es\/250323\/","title":{"rendered":"La Familia Real acude a un almuerzo privado en El Pardo junto con el em\u00e9rito con motivo de los 50 a\u00f1os de monarqu\u00eda &#8211; Cadena SER"},"content":{"rendered":"<ol>\n<li><a href=\"https:\/\/news.google.com\/rss\/articles\/CBMi_gFBVV95cUxPNDNTbGViSFkybHVibmxKYkxtZl96ZncxMWF1a2g4NnQwT0JzNm0yTTdyX3YxQm5xandGbmIxdFJWVFp1bWhQc0tSTU5HRldISkQya3ZjZEFGeWMycDVhTmVvQ19RdldZbzhUMnQtVnctV24yUDIteWZycmY5MnpwSGhQbUVvNmU5VFU5QmFDcHQ0UWV1YkpQazlkUTdFcmpxVXhMT1hzQTgtZmM0ak1Ya3l3M2J0YjNxdUV6cFM4QVlhLXROU2lwNTB2LWN2Y3ltLUlaWjJMaU1FcEotVEhHdEx1aktFdGpjSDNMbjQyQnBGZU93YkdWU084QWRjQdIBkgJBVV95cUxPaDFrYzJndWVFcTljdHRYcDlQOS1ZR0MwVG84NDBFQlpRdGduVW1XOXNHTDNXZzBKdHlXTV9sTk5MRXpyVnMxc1EwdFhOMXZybGNreFNiTDlIb0ZRTWF1UUY0eGctMDh5YklkTjVwQzRZck94NDRJUEJmUFdoUDRkZVEtODVzd19tZHNNNkJfQmliYnZVSkZ5QWN1UVI5bTZtcWVJWVVDd1NmaWRPWmliNEctNHkwMjFBQ1RETEhPT3hUVDdZU3NYUDBXX3ljUkE2TzJ1LVRydUdfZ2FZeGxnZ2NVMmQxRmp1MkVXbllJZlUxNGRNRWVzcENXUXBpcU4zMjZSTUs0NWNYX1pCX0FwUFJR?oc=5\" target=\"_blank\" rel=\"nofollow noopener\">La Familia Real acude a un almuerzo privado en El Pardo junto con el em\u00e9rito con motivo de los 50 a\u00f1os de monarqu\u00eda<\/a>&nbsp;&nbsp;Cadena SER<\/li>\n<li><a href=\"https:\/\/news.google.com\/rss\/articles\/CBMiekFVX3lxTE1VbGNjX0tsOUV3bTlzODY4RlVRNFlNZHBkOS1ORnR2a1l3YmVtRS1pTENkck1ScEU0eGYya1daa0ZUU1FUeVE3MmRlNkZYSmxuWTJLaFROazJoZEZuRFBGZkhNYWpZeTJLeDgzVTN3SWpkYlJxTW1hRENB0gF6QVVfeXFMUHI4anZfMTRXY25ndmNqaWh3MERWVHpLUWd4QUp0amRhcm1yU3pIRTVxM0hiVWNhZzVBRlpTNnRJcm5iRUk3aHNUSEdvWGd4cUxFVDRUcGRPcmFUR21yaTVjNDJkb25Qa0ZtY2o5N0lsRmcyWVN4enM4c0E?oc=5\" target=\"_blank\" rel=\"nofollow noopener\">Juan Carlos I y Felipe VI, tres horas juntos en el almuerzo para conmemorar los 50 a\u00f1os de la Monarqu\u00eda en un ambiente distendido y con 60 invitados<\/a>&nbsp;&nbsp;El Mundo<\/li>\n<li><a href=\"https:\/\/news.google.com\/rss\/articles\/CBMiqgFBVV95cUxNYk9tcmFGUkFLbHppNWJuMlBLUnJBNElkeGhCdERBb0V4VEtKNEh6cDdaMjZETjl1TVZobi1CT2g2XzBpZGk4RXdCWF9yQV9zQnpsVlpoY2FxN2JIYnc0WDBPS2RGbFJFblNDY3Z0YjJhNjVISjAtRjlxRUsyY21HTHd5QjUzMnBPM1Q1VFFyb2haSUFHTEU4d1VISy1PRVU2X0hvc21xOVZ3dw?oc=5\" target=\"_blank\" rel=\"nofollow noopener\">La Familia Real se re\u00fane al completo por primera vez en dos a\u00f1os<\/a>&nbsp;&nbsp;EL PA\u00cdS<\/li>\n<li><a href=\"https:\/\/news.google.com\/rss\/articles\/CBMipwFBVV95cUxPNnJ6V05XaHIyV1RVSnd5a0o1NHhCX3g5VDI1dnJvY1lOZEh2Vy1QU1I2NDctREJuUTNPWXRFd00yXzJCUnFJN1lsLUdCYWh2ZXlFQWgzMmV3SGZxYk8zNTV3cUllV1JKZkwxSTh1YkJqdERXMHhBUmFjYnBRSlBQS0gtaHZrMUl0bGNpRE1YRU0yQmJmM1hHZ09ISE9wSGxMX3otZmx1RQ?oc=5\" target=\"_blank\" rel=\"nofollow noopener\">Don Juan Carlos pasa solo seis horas en Madrid para celebrar en familia el 50 aniversario de su proclamaci\u00f3n<\/a>&nbsp;&nbsp;ABC<\/li>\n<li><a href=\"https:\/\/news.google.com\/rss\/articles\/CBMizAFBVV95cUxQU2pVU1ZCUkc2OGRFVDljcnhlTzBjSUJBOTZOSThiVnpiclhtN2lFak9JUzg2Q0RPeFZjWkdLbXJZb2gtYS05YmVQRHZTVko2Q1Z4WGlGUmZvbU1Vb19yZWpTXzdlUWsxUW1vcGNlS1k5WXRRa1cyOWZ4eXpQS2FLZG05cmw2Q0RIejVtNWI1TUNHVnVZWktRbm5DR0RJcHR2VUVfTlVmM3VfdU9NZ1ZpSDc2Ym5raldoUmc3S3huN0F6cHB4SjlxQmJtMWrSAegBQVVfeXFMTVR4anlZMEhudEF3VHVlZEVLYUVKdTdOTDNfZmgxXzk5UmtQUmU5ZTN3bnpJdnZyMEpQNnVybXJJZldCNEZNN0xzaU5PYVZRRUVRem5fQXdSVGpyVjZBMklaNlQwWWhTUkp0d0I0RzVkQmxwT3F0U1RWbS1YQ2h1bUs3bkRIbVlhb1hycU5MTndpY19GM1dPbG9zbF8yclVyeEwzeVNaTW00WkFiMlpXVElscUpDR21NNE95ZVU4ZUlDTTlka2FUNXlOYW4tSV9OWWNkS1dibDl4YjFrazZSM21Dd3RkTzJXSg?oc=5\" target=\"_blank\" rel=\"nofollow noopener\">El rey em\u00e9rito estuvo presente en el almuerzo de la familia real en El Pardo<\/a>&nbsp;&nbsp;La Voz de Galicia<\/li>\n<\/ol>\n","protected":false},"excerpt":{"rendered":"La Familia Real acude a un almuerzo privado en El Pardo junto con el em\u00e9rito con motivo de&hellip;\n","protected":false},"author":2,"featured_media":248356,"comment_status":"","ping_status":"","sticky":false,"template":"","format":"standard","meta":{"footnotes":""},"categories":[8],"tags":[17,18,25,24,13,14,11,19,20,9,10,15,16,23,12,21,22],"class_list":{"0":"post-250323","1":"post","2":"type-post","3":"status-publish","4":"format-standard","5":"has-post-thumbnail","7":"category-espana","8":"tag-breaking-news","9":"tag-breakingnews","10":"tag-es","11":"tag-espana","12":"tag-featured-news","13":"tag-featurednews","14":"tag-headlines","15":"tag-latest-news","16":"tag-latestnews","17":"tag-news","18":"tag-noticias","19":"tag-noticias-destacadas","20":"tag-noticiasdestacadas","21":"tag-spain","22":"tag-titulares","23":"tag-ultimas-noticias","24":"tag-ultimasnoticias"},"share_on_mastodon":{"url":"https:\/\/pubeurope.com\/@es\/115595284714989264","error":""},"_links":{"self":[{"href":"https:\/\/www.europesays.com\/es\/wp-json\/wp\/v2\/posts\/250323","targetHints":{"allow":["GET"]}}],"collection":[{"href":"https:\/\/www.europesays.com\/es\/wp-json\/wp\/v2\/posts"}],"about":[{"href":"https:\/\/www.europesays.com\/es\/wp-json\/wp\/v2\/types\/post"}],"author":[{"embeddable":true,"href":"https:\/\/www.europesays.com\/es\/wp-json\/wp\/v2\/users\/2"}],"replies":[{"embeddable":true,"href":"https:\/\/www.europesays.com\/es\/wp-json\/wp\/v2\/comments?post=250323"}],"version-history":[{"count":0,"href":"https:\/\/www.europesays.com\/es\/wp-json\/wp\/v2\/posts\/250323\/revisions"}],"wp:featuredmedia":[{"embeddable":true,"href":"https:\/\/www.europesays.com\/es\/wp-json\/wp\/v2\/media\/248356"}],"wp:attachment":[{"href":"https:\/\/www.europesays.com\/es\/wp-json\/wp\/v2\/media?parent=250323"}],"wp:term":[{"taxonomy":"category","embeddable":true,"href":"https:\/\/www.europesays.com\/es\/wp-json\/wp\/v2\/categories?post=250323"},{"taxonomy":"post_tag","embeddable":true,"href":"https:\/\/www.europesays.com\/es\/wp-json\/wp\/v2\/tags?post=250323"}],"curies":[{"name":"wp","href":"https:\/\/api.w.org\/{rel}","templated":true}]}}