{"id":250327,"date":"2025-11-22T20:46:20","date_gmt":"2025-11-22T20:46:20","guid":{"rendered":"https:\/\/www.europesays.com\/es\/250327\/"},"modified":"2025-11-22T20:46:20","modified_gmt":"2025-11-22T20:46:20","slug":"espana-se-libra-de-la-primera-eliminatoria-de-2026","status":"publish","type":"post","link":"https:\/\/www.europesays.com\/es\/250327\/","title":{"rendered":"Espa\u00f1a se libra de la primera eliminatoria de 2026"},"content":{"rendered":"<p class=\"\">Pase lo que pase este domingo (15:00, <b>Movistar+<\/b>) en la final de la <a href=\"https:\/\/as.com\/noticias\/copa-davis\/\" target=\"_self\" rel=\"nofollow noopener\" title=\"https:\/\/as.com\/noticias\/copa-davis\/\"><b>Copa Davis<\/b><\/a>, <b>Espa\u00f1a <\/b>se ha asegurado, <a href=\"https:\/\/as.com\/tenis\/espana-derrota-a-alemania-en-el-dobles-y-se-mete-en-la-final-f202511-n\/\" target=\"_self\" rel=\"nofollow noopener\" title=\"https:\/\/as.com\/tenis\/espana-derrota-a-alemania-en-el-dobles-y-se-mete-en-la-final-f202511-n\/\">con su victoria en las semifinales ante <b>Alemania<\/b><\/a>, no tener que jugar la primera eliminatoria de la clasificaci\u00f3n para la <b>Final a 8 <\/b>de 2026 en el mes de febrero. El pase de <b>Italia <\/b>para la serie por el t\u00edtulo asegura este gran alivio para la <b>Selecci\u00f3n<\/b>, puesto que el equipo transalpino recibir\u00e1 una invitaci\u00f3n como anfitri\u00f3n de la pr\u00f3xima edici\u00f3n, que volver\u00e1 a celebrarse en <b>Bolonia<\/b>. <\/p>\n<p class=\"\">Adem\u00e1s, <b>Espa\u00f1a <\/b>ser\u00e1 cabeza de serie n\u00famero uno en el sorteo de las clasificatorias, que tendr\u00e1 lugar antes de la final del domingo en la <b>Fiera di Bologna<\/b>, a las 12:00, retransmitido en directo a trav\u00e9s de la web de la <b>Copa Davis<\/b>.<\/p>\n<p>Ventaja de campo<\/p>\n<p class=\"\">Como en 2025, las clasificatorias de 2026 se jugar\u00e1n en dos rondas en el pa\u00eds de uno de los equipos que se enfrenten. Los partidos de la primera ronda se disputar\u00e1n los d\u00edas 6-7 o 7-8 de febrero, y los de la segunda, los d\u00edas 18-19 o 19-20 de septiembre. Los pa\u00edses anfitriones tendr\u00e1n derecho a elegir las fechas entre esos d\u00edas. Seg\u00fan el reglamento de la <b>Copa Davis<\/b>, la naci\u00f3n campeona de 2025 tambi\u00e9n tiene garantizado jugar la segunda ronda de las clasificatorias en casa.<\/p>\n<p class=\"\">El resto de los cabezas de serie para el sorteo se determinar\u00e1n por el ranking provisional de naciones de fin de a\u00f1o de la <b>Copa Davis 2025<\/b>, que incluir\u00e1 los resultados en la Final 8 de esta semana. Las cabezas de serie se anunciar\u00e1n antes del sorteo del domingo y la clasificaci\u00f3n completa de fin de a\u00f1o se publicar\u00e1 la pr\u00f3xima semana.<\/p>\n<p>Noticias relacionadas<a href=\"https:\/\/as.com\/tenis\/espana-derrota-a-alemania-en-el-dobles-y-se-mete-en-la-final-f202511-n\/\" class=\"s_m_w _rt-16x9\" title=\"Granollers y Mart\u00ednez se llevan el dobles y hacen bueno el triunfo previo de Carre\u00f1o para cargarse a la Alemania de Zverev. Italia, rival en la final.\" data-tb-link=\"\" rel=\"nofollow noopener\" target=\"_blank\"><img decoding=\"async\" src=\"https:\/\/www.europesays.com\/es\/wp-content\/uploads\/2025\/11\/1763844379_799_VFTKGJJTC5L3JLLJCURDA7SPCI.jpg\" alt=\"Espa\u00f1a derrota a Alemania en el dobles y se mete en la final\" class=\"\" height=\"9\" width=\"16\"   loading=\"lazy\" data-tb-thumbnail=\"\"\/><\/a><a href=\"https:\/\/as.com\/tenis\/copa_davis\/espana-alemania-en-directo-semifinales-de-copa-davis-en-bolonia-hoy-en-vivo-f202511-d\/\" class=\"s_m_w _rt-16x9\" title=\"Repasa todo lo ocurrido en el Espa\u00f1a - Alemania de las semifinales de la Copa Davis, desde Bolonia, en AS.\" data-tb-link=\"\" rel=\"nofollow noopener\" target=\"_blank\"><img decoding=\"async\" src=\"https:\/\/www.europesays.com\/es\/wp-content\/uploads\/2025\/11\/5BOFPRLRANKW3MXI6HYUBL7XGA.jpg\" alt=\"Resumen, marcador y ganador del Espa\u00f1a - Alemania, semifinales de la Copa Davis, en vivo\" class=\"\" height=\"9\" width=\"16\"   loading=\"lazy\" data-tb-thumbnail=\"\"\/><\/a><\/p>\n<p class=\"\"><b>\u00a1Tus opiniones importan!<\/b> Comenta en los art\u00edculos y suscr\u00edbete gratis a nuestra <a href=\"https:\/\/asfan.as.com\/newsletters\/\" target=\"_blank\" rel=\"nofollow noopener\" title=\"https:\/\/asfan.as.com\/newsletters\/\">newsletter<\/a> y a las alertas informativas en la <a href=\"https:\/\/as.com\/aplicacion-de-as-n\/\" target=\"_blank\" rel=\"nofollow noopener\" title=\"https:\/\/as.com\/aplicacion-de-as-n\/\">App<\/a> o el canal de <a href=\"https:\/\/www.whatsapp.com\/channel\/0029VaAasdA7j6g745nz9M10\" target=\"_blank\" rel=\"nofollow noopener\" title=\"https:\/\/www.whatsapp.com\/channel\/0029VaAasdA7j6g745nz9M10\">WhatsApp<\/a>. <\/p>\n<p class=\"\">\u00bfBuscas licenciar contenido? Haz clic <a href=\"https:\/\/profesional.elpais.com\/soluciones-sindicacion?utm_medium=interno&amp;utm_source=crosslinking&amp;utm_campaign=sindicacion_as_pie_articulos\" target=\"_blank\" rel=\"nofollow noopener\" title=\"https:\/\/profesional.elpais.com\/soluciones-sindicacion?utm_medium=interno&amp;utm_source=crosslinking&amp;utm_campaign=sindicacion_as_pie_articulos\">aqu\u00ed<\/a><\/p>\n","protected":false},"excerpt":{"rendered":"Pase lo que pase este domingo (15:00, Movistar+) en la final de la Copa Davis, Espa\u00f1a se ha&hellip;\n","protected":false},"author":2,"featured_media":250328,"comment_status":"","ping_status":"","sticky":false,"template":"","format":"standard","meta":{"footnotes":""},"categories":[274],"tags":[168,25,24,23,167,327,326],"class_list":{"0":"post-250327","1":"post","2":"type-post","3":"status-publish","4":"format-standard","5":"has-post-thumbnail","7":"category-tenis","8":"tag-deportes","9":"tag-es","10":"tag-espana","11":"tag-spain","12":"tag-sports","13":"tag-tenis","14":"tag-tennis"},"share_on_mastodon":{"url":"https:\/\/pubeurope.com\/@es\/115595332447005840","error":""},"_links":{"self":[{"href":"https:\/\/www.europesays.com\/es\/wp-json\/wp\/v2\/posts\/250327","targetHints":{"allow":["GET"]}}],"collection":[{"href":"https:\/\/www.europesays.com\/es\/wp-json\/wp\/v2\/posts"}],"about":[{"href":"https:\/\/www.europesays.com\/es\/wp-json\/wp\/v2\/types\/post"}],"author":[{"embeddable":true,"href":"https:\/\/www.europesays.com\/es\/wp-json\/wp\/v2\/users\/2"}],"replies":[{"embeddable":true,"href":"https:\/\/www.europesays.com\/es\/wp-json\/wp\/v2\/comments?post=250327"}],"version-history":[{"count":0,"href":"https:\/\/www.europesays.com\/es\/wp-json\/wp\/v2\/posts\/250327\/revisions"}],"wp:featuredmedia":[{"embeddable":true,"href":"https:\/\/www.europesays.com\/es\/wp-json\/wp\/v2\/media\/250328"}],"wp:attachment":[{"href":"https:\/\/www.europesays.com\/es\/wp-json\/wp\/v2\/media?parent=250327"}],"wp:term":[{"taxonomy":"category","embeddable":true,"href":"https:\/\/www.europesays.com\/es\/wp-json\/wp\/v2\/categories?post=250327"},{"taxonomy":"post_tag","embeddable":true,"href":"https:\/\/www.europesays.com\/es\/wp-json\/wp\/v2\/tags?post=250327"}],"curies":[{"name":"wp","href":"https:\/\/api.w.org\/{rel}","templated":true}]}}