{"id":250329,"date":"2025-11-22T20:47:16","date_gmt":"2025-11-22T20:47:16","guid":{"rendered":"https:\/\/www.europesays.com\/es\/250329\/"},"modified":"2025-11-22T20:47:16","modified_gmt":"2025-11-22T20:47:16","slug":"45-pruebas-en-el-calendario-de-las-uci-gravel-world-series-2026-2-en-espana","status":"publish","type":"post","link":"https:\/\/www.europesays.com\/es\/250329\/","title":{"rendered":"45 pruebas en el calendario de las UCI Gravel World Series 2026 (2 en Espa\u00f1a)"},"content":{"rendered":"<p>Calendario completo de la Gravelking UCI Gravel World Series con todas las pruebas confirmadas hasta los Mundiales 2026 en Nannup y los primeros clasificatorios para 2027, con citas repartidas por Europa, Am\u00e9rica, \u00c1frica, Asia y Ocean\u00eda.<\/p>\n<blockquote class=\"quote-card lateral\">\n<p>El calendario 2026 suma 14 nuevas pruebas<\/p>\n<\/blockquote>\n<p>La quinta edici\u00f3n de la Gravelking UCI Gravel World Series vivir\u00e1 en 2026 su temporada m\u00e1s ambiciosa hasta la fecha. La UCI ha confirmado que el calendario contar\u00e1 con 45 pruebas en total, gracias a la incorporaci\u00f3n de 14 nuevos eventos repartidos por los cinco continentes. Todo ello en un a\u00f1o clave que culminar\u00e1 con los Campeonatos del Mundo de Gravel, previstos para los d\u00edas 10 y 11 de octubre en Nannup, Australia Occidental, la primera vez que esta cita se celebrar\u00e1 fuera de Europa.<\/p>\n<p>\t Contin\u00faa tras los patrocinadores<\/p>\n<blockquote class=\"quote-card lateral\">\n<p>Sudam\u00e9rica suma hasta tres citas nuevas<\/p>\n<\/blockquote>\n<p>Cuatro carreras ya se han disputado tras los Mundiales 2025, incluyendo nuevas sedes en Tailandia y Portugal. Pero el crecimiento m\u00e1s notable llega desde Sudam\u00e9rica, que irrumpe con fuerza en el calendario.<\/p>\n<p>Argentina debuta con la Vuelta Altas Cumbres Gravel, una prueba con origen MTB que incorpora categor\u00eda de gravel el 29 de marzo. Colombia no solo tendr\u00e1 un evento, sino dos: Gravel Bogot\u00e1 en Ch\u00eda (24 de mayo) y Gravel Medell\u00edn, programada para el 9 de agosto y organizada por el mismo equipo que gestiona las carreras UCI de Brasil, Chile y Bogot\u00e1.<\/p>\n<p>Adem\u00e1s, Chile celebrar\u00e1 por primera vez una prueba UCI de gravel el 6 de septiembre, cerca de Santiago.<\/p>\n<p><a href=\"https:\/\/esmtb.com\/wp-content\/uploads\/2025\/07\/foo.jpg\" rel=\"nofollow noopener\" target=\"_blank\"><img fetchpriority=\"high\" decoding=\"async\" class=\"size-large wp-image-153243 \" src=\"https:\/\/www.europesays.com\/es\/wp-content\/uploads\/2025\/09\/foo-1024x682.jpg\" alt=\"\" width=\"1024\" height=\"682\"  \/><\/a><\/p>\n<p class=\"wp-caption-text\">226ERS UCI Gravel World Series Girona<\/p>\n<blockquote class=\"quote-card lateral\">\n<p>Europa incorpora nuevos escenarios ic\u00f3nicos<\/p>\n<\/blockquote>\n<p>Italia, organizadora del Mundial 2023, vuelve al calendario con un nuevo clasificatorio: Grand Tour 3 Cime Lavaredo en Auronzo di Cadore, el 20 de junio, en uno de los escenarios m\u00e1s emblem\u00e1ticos del Giro d\u2019Italia. Un mes m\u00e1s tarde debutar\u00e1 Gravel Tour Hlinsko en la Rep\u00fablica Checa, con un recorrido exigente en terreno monta\u00f1oso.<\/p>\n<p>Letonia se incorpora por primera vez con Gravel Weekend en Tukums, el 8 de agosto, con un bucle de 145 km y distancias adaptadas a categor\u00edas m\u00e1ster.<br \/>Dinamarca tambi\u00e9n se estrena con The Wolf, una carrera sorprendentemente ondulada para la geograf\u00eda del pa\u00eds, el 5 de septiembre.<br \/>Finlandia a\u00f1adir\u00e1 Falling Leaves en Lahti una semana despu\u00e9s, una prueba que servir\u00e1 como test del recorrido del Europeo de Gravel UEC 2027.<br \/>Estonia, habitual en la UCI Gran Fondo World Series, sumar\u00e1 su propio evento de gravel con Tartu Rattamaraton como tercer clasificatorio antes del Mundial.<\/p>\n<p><a href=\"https:\/\/esmtb.com\/wp-content\/uploads\/2024\/10\/gava.jpg\" rel=\"nofollow noopener\" target=\"_blank\"><img loading=\"lazy\" decoding=\"async\" class=\"size-large wp-image-145015 \" src=\"https:\/\/www.europesays.com\/es\/wp-content\/uploads\/2025\/11\/gava-1024x614.jpg\" alt=\"\" width=\"1024\" height=\"614\"  \/><\/a><\/p>\n<p class=\"wp-caption-text\">UCI Gravel World Series<\/p>\n<blockquote class=\"quote-card lateral\">\n<p>Australia acoger\u00e1 el Mundial por primera vez<\/p>\n<\/blockquote>\n<p>Sud\u00e1frica sumar\u00e1 Around the Pot el 25 de julio en Swellendam, gestionada por el equipo del Cape Town Cycle Tour.<br \/>En Canad\u00e1, OG Classique har\u00e1 su debut el 21 de junio, a solo 35 km de la capital, en un recorrido esc\u00e9nico en Wakefield.<br \/>M\u00e9xico se une al calendario con Gravel Arteaga, situada cerca de la frontera con Estados Unidos, el 30 de agosto.<\/p>\n<p>Ocean\u00eda reforzar\u00e1 su importancia en el circuito, ya que los Mundiales 2026 se celebrar\u00e1n en Nannup, Australia Occidental, los d\u00edas 10 y 11 de octubre. Se espera un recorrido con subidas cortas y explosivas y un desnivel acumulado destacado. Los corredores podr\u00e1n reconocer parte del terreno en la prueba Seven, programada para el 16 de mayo.<\/p>\n<p><a href=\"https:\/\/esmtb.com\/wp-content\/uploads\/2024\/10\/gravel121.jpg\" rel=\"nofollow noopener\" target=\"_blank\"><img loading=\"lazy\" decoding=\"async\" class=\"size-large wp-image-144298 \" src=\"https:\/\/www.europesays.com\/es\/wp-content\/uploads\/2025\/11\/gravel121-1024x903.jpg\" alt=\"\" width=\"1024\" height=\"903\"  \/><\/a><\/p>\n<p class=\"wp-caption-text\">Gravel UCI, otros circuitos y otro ritmo<\/p>\n<blockquote class=\"quote-card lateral\">\n<p>La serie alcanzar\u00e1 32 pa\u00edses en 2026<\/p>\n<\/blockquote>\n<p>Tras los Campeonatos del Mundo de Nannup, el calendario enlazar\u00e1 con el inicio del proceso de clasificaci\u00f3n para 2027. Entre mediados de octubre y mediados de noviembre tendr\u00e1n lugar los primeros cuatro eventos, incluido Gravel of Marathon en Grecia, la \u00faltima incorporaci\u00f3n del calendario y celebrada en la hist\u00f3rica ciudad de Marat\u00f3n.<\/p>\n<p>Con 45 carreras en 32 pa\u00edses, la Gravelking UCI Gravel World Series 2026 confirma el auge imparable del gravel competitivo. La combinaci\u00f3n de organizadores con experiencia, nuevas sedes y el apoyo de Gravelking, Shimano y Santini perfila una temporada que promete ser la m\u00e1s diversa y completa hasta ahora.<\/p>\n<p>Calendario UCI Gravel World Series 2026<\/p>\n<tr>\nFecha<br \/>\nPrueba<br \/>\nPoblaci\u00f3n<br \/>\nPa\u00eds<br \/>\n<\/tr>\n<tr>\n<td>19-10-2025<\/td>\n<td>Flanders Legacy Gravel<\/td>\n<td>Leuven<\/td>\n<td>B\u00e9lgica<\/td>\n<\/tr>\n<tr>\n<td>26-10-2025<\/td>\n<td>Gravelista<\/td>\n<td\/>\n<td>Australia<\/td>\n<\/tr>\n<tr>\n<td>01-11-2025<\/td>\n<td>Dustman<\/td>\n<td>Kanchanaburi<\/td>\n<td>Tailandia<\/td>\n<\/tr>\n<tr>\n<td>09-11-2025<\/td>\n<td>Alentejo Gravel<\/td>\n<td>Ourique<\/td>\n<td>Portugal<\/td>\n<\/tr>\n<tr>\n<td>14-02-2026<\/td>\n<td>The Ceder<\/td>\n<td>Nuwerust Farm<\/td>\n<td>Sud\u00e1frica<\/td>\n<\/tr>\n<tr>\n<td>22-02-2026<\/td>\n<td>Castellon Gravel Race<\/td>\n<td>Llucena<\/td>\n<td>Espa\u00f1a<\/td>\n<\/tr>\n<tr>\n<td>08-03-2026<\/td>\n<td>Gravel Brazil<\/td>\n<td>Camboriu<\/td>\n<td>Brasil<\/td>\n<\/tr>\n<tr>\n<td>22-03-2026<\/td>\n<td>Turnhout Gravel<\/td>\n<td>Turnhout<\/td>\n<td>B\u00e9lgica<\/td>\n<\/tr>\n<tr>\n<td>28-03-2026<\/td>\n<td>114 Gravel Race<\/td>\n<td>Elvas \u2013 Badajoz<\/td>\n<td>Portugal<\/td>\n<\/tr>\n<tr>\n<td>29-03-2026<\/td>\n<td>Vuelta Altas Cumbres Gravel<\/td>\n<td>Cura Brochero \u2013 C\u00f3rdoba<\/td>\n<td>Argentina<\/td>\n<\/tr>\n<tr>\n<td>12-04-2026<\/td>\n<td>W\u00f6rthersee Gravel Race<\/td>\n<td>Velden am W\u00f6rthersee<\/td>\n<td>Austria<\/td>\n<\/tr>\n<tr>\n<td>19-04-2026<\/td>\n<td>Monaco Gravel Race<\/td>\n<td>Monaco \u2013 Peille<\/td>\n<td>M\u00f3naco<\/td>\n<\/tr>\n<tr>\n<td>25-04-2026<\/td>\n<td>Gravel One Fifty<\/td>\n<td>Roden<\/td>\n<td>Pa\u00edses Bajos<\/td>\n<\/tr>\n<tr>\n<td>25-04-2026<\/td>\n<td>Highlands Gravel Classic<\/td>\n<td>Fayetteville \u2013 Goshen<\/td>\n<td>Estados Unidos<\/td>\n<\/tr>\n<tr>\n<td>01-05-2026<\/td>\n<td>Giro Sardegna Gravel<\/td>\n<td>Muravera \u2013 Villasimius<\/td>\n<td>Italia<\/td>\n<\/tr>\n<tr>\n<td>10-05-2026<\/td>\n<td>Marly Grav Race<\/td>\n<td>Valkenburg<\/td>\n<td>Pa\u00edses Bajos<\/td>\n<\/tr>\n<tr>\n<td>16-05-2026<\/td>\n<td>Seven<\/td>\n<td>Nannup, WA<\/td>\n<td>Australia<\/td>\n<\/tr>\n<tr>\n<td>16-05-2026<\/td>\n<td>The Gralloch<\/td>\n<td>Gatehouse of Fleet<\/td>\n<td>Reino Unido<\/td>\n<\/tr>\n<tr>\n<td>24-05-2026<\/td>\n<td>Gravel Bogota<\/td>\n<td>Ch\u00eda \u2013 Bogot\u00e1<\/td>\n<td>Colombia<\/td>\n<\/tr>\n<tr>\n<td>06-06-2026<\/td>\n<td>Gravel Adventure<\/td>\n<td>Szklarska Poreba \u2013 Jakuszyce<\/td>\n<td>Polonia<\/td>\n<\/tr>\n<tr>\n<td>13-06-2026<\/td>\n<td>Safari Gravel Race<\/td>\n<td>Hell\u2019s Gate, Naivasha<\/td>\n<td>Kenia<\/td>\n<\/tr>\n<tr>\n<td>14-06-2026<\/td>\n<td>Wish One Millau Grands Causses<\/td>\n<td>Millau<\/td>\n<td>Francia<\/td>\n<\/tr>\n<tr>\n<td>20-06-2026<\/td>\n<td>The Devils Cardigan<\/td>\n<td>Derby (Tasmania)<\/td>\n<td>Australia<\/td>\n<\/tr>\n<tr>\n<td>20-06-2026<\/td>\n<td>Grand Tour 3 Cime Lavaredo<\/td>\n<td>Auronzo di Cadore<\/td>\n<td>Italia<\/td>\n<\/tr>\n<tr>\n<td>21-06-2026<\/td>\n<td>Eislek Gravel Luxembourg<\/td>\n<td>Vianden<\/td>\n<td>Luxemburgo<\/td>\n<\/tr>\n<tr>\n<td>21-06-2026<\/td>\n<td>OG Classique<\/td>\n<td>Wakefield, QC<\/td>\n<td>Canad\u00e1<\/td>\n<\/tr>\n<tr>\n<td>05-07-2026<\/td>\n<td>Hegau Gravel Festival<\/td>\n<td>Singen<\/td>\n<td>Alemania<\/td>\n<\/tr>\n<tr>\n<td>12-07-2026<\/td>\n<td>The Majestics<\/td>\n<td>Villars<\/td>\n<td>Suiza<\/td>\n<\/tr>\n<tr>\n<td>25-07-2026<\/td>\n<td>Around the Pot<\/td>\n<td>Swellendam<\/td>\n<td>Sud\u00e1frica<\/td>\n<\/tr>\n<tr>\n<td>01-08-2026<\/td>\n<td>Gravel Tour Hlinsko<\/td>\n<td>Hlinsko<\/td>\n<td>Chequia<\/td>\n<\/tr>\n<tr>\n<td>08-08-2026<\/td>\n<td>Gravel Weekend<\/td>\n<td>Tukums<\/td>\n<td>Letonia<\/td>\n<\/tr>\n<tr>\n<td>09-08-2026<\/td>\n<td>Gravel Medellin<\/td>\n<td>Medell\u00edn<\/td>\n<td>Colombia<\/td>\n<\/tr>\n<tr>\n<td>15-08-2026<\/td>\n<td>Gravel Grit \u2019n Grind<\/td>\n<td>Halmstad<\/td>\n<td>Suecia<\/td>\n<\/tr>\n<tr>\n<td>22-08-2026<\/td>\n<td>Khomas100<\/td>\n<td>Windhoek<\/td>\n<td>Namibia<\/td>\n<\/tr>\n<tr>\n<td>30-08-2026<\/td>\n<td>UEC European Gravel Championships 2026<\/td>\n<td>Houffalize<\/td>\n<td>B\u00e9lgica<\/td>\n<\/tr>\n<tr>\n<td>30-08-2026<\/td>\n<td>Gravel Arteaga Mexico<\/td>\n<td>Arteaga, Coahuila<\/td>\n<td>M\u00e9xico<\/td>\n<\/tr>\n<tr>\n<td>05-09-2026 \/ 06-09-2026<\/td>\n<td>Graean Cymru<\/td>\n<td>Llyn Brenig (Ruthin)<\/td>\n<td>Reino Unido<\/td>\n<\/tr>\n<tr>\n<td>05-09-2026<\/td>\n<td>The Wolf<\/td>\n<td>Dronninglund<\/td>\n<td>Dinamarca<\/td>\n<\/tr>\n<tr>\n<td>06-09-2026<\/td>\n<td>Gravel Chile<\/td>\n<td>Valdivia, Los R\u00edos<\/td>\n<td>Chile<\/td>\n<\/tr>\n<tr>\n<td>13-09-2026<\/td>\n<td>Falling Leaves<\/td>\n<td>Lahti<\/td>\n<td>Finlandia<\/td>\n<\/tr>\n<tr>\n<td>19-09-2026<\/td>\n<td>Sea Otter Europe Girona<\/td>\n<td>Girona<\/td>\n<td>Espa\u00f1a<\/td>\n<\/tr>\n<tr>\n<td>19-09-2026<\/td>\n<td>Tartu Rattamaraton<\/td>\n<td>Otep\u00e4\u00e4 \u2013 Elva<\/td>\n<td>Estonia<\/td>\n<\/tr>\n<tr>\n<td>19-09-2026<\/td>\n<td>Mammoth TUFF<\/td>\n<td>Mammoth Lakes, CA<\/td>\n<td>Estados Unidos<\/td>\n<\/tr>\n<tr>\n<td>26-09-2026<\/td>\n<td>Pyr\u00e9n\u00e9es Catalanes Gravel Tour<\/td>\n<td>Font Romeu<\/td>\n<td>Francia<\/td>\n<\/tr>\n<tr>\n<td>10-10-2026 \/ 11-10-2026<\/td>\n<td>UCI Gravel World Championships 2026<\/td>\n<td>Nannup, Australia Occidental<\/td>\n<td>Australia<\/td>\n<\/tr>\n<tr>\n<td>18-10-2026<\/td>\n<td>Flanders Legacy Gravel<\/td>\n<td>Leuven<\/td>\n<td>B\u00e9lgica<\/td>\n<\/tr>\n<tr>\n<td>25-10-2026<\/td>\n<td>Alentejo Gravel<\/td>\n<td>Ourique<\/td>\n<td>Portugal<\/td>\n<\/tr>\n<tr>\n<td>15-11-2026<\/td>\n<td>The Gravel of Marathon<\/td>\n<td>Marat\u00f3n, \u00c1tica<\/td>\n<td>Grecia<\/td>\n<\/tr>\n<tr>\n<td>14-11-2027<\/td>\n<td>Dustman<\/td>\n<td>Kanchanaburi<\/td>\n<td>Tailandia<\/td>\n<\/tr>\n","protected":false},"excerpt":{"rendered":"Calendario completo de la Gravelking UCI Gravel World Series con todas las pruebas confirmadas hasta los Mundiales 2026&hellip;\n","protected":false},"author":2,"featured_media":250330,"comment_status":"","ping_status":"","sticky":false,"template":"","format":"standard","meta":{"footnotes":""},"categories":[273],"tags":[313,312,168,25,24,18236,23,167,63481],"class_list":{"0":"post-250329","1":"post","2":"type-post","3":"status-publish","4":"format-standard","5":"has-post-thumbnail","7":"category-ciclismo","8":"tag-ciclismo","9":"tag-cycling","10":"tag-deportes","11":"tag-es","12":"tag-espana","13":"tag-gravel","14":"tag-spain","15":"tag-sports","16":"tag-uci-gravel-series"},"share_on_mastodon":{"url":"https:\/\/pubeurope.com\/@es\/115595332724787960","error":""},"_links":{"self":[{"href":"https:\/\/www.europesays.com\/es\/wp-json\/wp\/v2\/posts\/250329","targetHints":{"allow":["GET"]}}],"collection":[{"href":"https:\/\/www.europesays.com\/es\/wp-json\/wp\/v2\/posts"}],"about":[{"href":"https:\/\/www.europesays.com\/es\/wp-json\/wp\/v2\/types\/post"}],"author":[{"embeddable":true,"href":"https:\/\/www.europesays.com\/es\/wp-json\/wp\/v2\/users\/2"}],"replies":[{"embeddable":true,"href":"https:\/\/www.europesays.com\/es\/wp-json\/wp\/v2\/comments?post=250329"}],"version-history":[{"count":0,"href":"https:\/\/www.europesays.com\/es\/wp-json\/wp\/v2\/posts\/250329\/revisions"}],"wp:featuredmedia":[{"embeddable":true,"href":"https:\/\/www.europesays.com\/es\/wp-json\/wp\/v2\/media\/250330"}],"wp:attachment":[{"href":"https:\/\/www.europesays.com\/es\/wp-json\/wp\/v2\/media?parent=250329"}],"wp:term":[{"taxonomy":"category","embeddable":true,"href":"https:\/\/www.europesays.com\/es\/wp-json\/wp\/v2\/categories?post=250329"},{"taxonomy":"post_tag","embeddable":true,"href":"https:\/\/www.europesays.com\/es\/wp-json\/wp\/v2\/tags?post=250329"}],"curies":[{"name":"wp","href":"https:\/\/api.w.org\/{rel}","templated":true}]}}