{"id":250333,"date":"2025-11-22T20:50:11","date_gmt":"2025-11-22T20:50:11","guid":{"rendered":"https:\/\/www.europesays.com\/es\/250333\/"},"modified":"2025-11-22T20:50:11","modified_gmt":"2025-11-22T20:50:11","slug":"partido-eibar-real-zaragoza-en-directo","status":"publish","type":"post","link":"https:\/\/www.europesays.com\/es\/250333\/","title":{"rendered":"Partido Eibar-Real Zaragoza, en directo"},"content":{"rendered":"<p class=\"paragraph\">El Real Zaragoza <a href=\"https:\/\/www.heraldo.es\/noticias\/deportes\/futbol\/real-zaragoza\/2025\/11\/22\/heroico-y-vital-triunfo-del-real-zaragoza-por-1-2-en-eibar-1872695.html\" title=\"Heroico y vital triunfo del Real Zaragoza por 1-2 en \u00c9ibar\" rel=\"nofollow noopener\" target=\"_blank\">ha ganado su segundo partido consecutivo<\/a>, tras una victoria \u00e9pica en Eibar. E<b>n un heroico ejercicio de supervivencia, han aguantado y remontado con un jugador menos <\/b>en un estadio en el que nadie hab\u00eda ganado hasta ahora, para conseguir tres puntos que le dejan a tres puntos de la permanencia.\u00a0\u00a0<\/p>\n<p class=\"paragraph\">El Real Zaragoza sobrevivi\u00f3 a una primera parte de locura que ha tenido de todo. Sali\u00f3 bien el equipo de Sell\u00e9s, que se hizo con el control del bal\u00f3n y plante\u00f3 una buena salida de partido, aunque sin mordiente arriba. <b>Sin embargo, unos pocos minutos de locura mediada la primera mitad lo complicaron todo.<\/b> Primero, con la lesi\u00f3n del central Insua en el minuto 18; luego con un penalti en contra que afortunadamente par\u00f3 Andrada en el 23; en la jugada siguiente, con el gol del Eibar, obra de Nolaskoain de cabeza en el c\u00f3rner posterior; solo dos minutos m\u00e1s tarde, con la expulsi\u00f3n de Saidu por segunda amarilla&#8230; Todo parec\u00eda perdido, hasta que el Eibar regal\u00f3 un penalti que transform\u00f3 Sober\u00f3n en el empate. Debi\u00f3 costarle la roja a Cubero, pero el \u00e1rbitro no le mostr\u00f3 la segunda amarilla. A partir de ah\u00ed, el equipo aragon\u00e9s aguant\u00f3 bien hasta el descanso, sostenido en un Andrada sobresaliente.<\/p>\n<p class=\"paragraph\">En la segunda mitad,<b> el acoso del Eibar ha sido tremendo<\/b>, pero un gran ejercicio defensivo y el gol a la contra de Toni Moya han obrado el milagro.\u00a0<\/p>\n<p>    <a name=\"1872626\"\/><\/p>\n<p>Placeholder mam module<\/p>\n<p>Partido Eibar-Real Zaragoza, en directo<\/p>\n","protected":false},"excerpt":{"rendered":"El Real Zaragoza ha ganado su segundo partido consecutivo, tras una victoria \u00e9pica en Eibar. En un heroico&hellip;\n","protected":false},"author":2,"featured_media":171132,"comment_status":"","ping_status":"","sticky":false,"template":"","format":"standard","meta":{"footnotes":""},"categories":[268],"tags":[168,2125,14315,25,24,280,282,1045,798,281,23,167,491],"class_list":{"0":"post-250333","1":"post","2":"type-post","3":"status-publish","4":"format-standard","5":"has-post-thumbnail","7":"category-futbol","8":"tag-deportes","9":"tag-directo","10":"tag-eibar","11":"tag-es","12":"tag-espana","13":"tag-football","14":"tag-futbol","15":"tag-partido","16":"tag-real","17":"tag-soccer","18":"tag-spain","19":"tag-sports","20":"tag-zaragoza"},"share_on_mastodon":{"url":"https:\/\/pubeurope.com\/@es\/115595333143066696","error":""},"_links":{"self":[{"href":"https:\/\/www.europesays.com\/es\/wp-json\/wp\/v2\/posts\/250333","targetHints":{"allow":["GET"]}}],"collection":[{"href":"https:\/\/www.europesays.com\/es\/wp-json\/wp\/v2\/posts"}],"about":[{"href":"https:\/\/www.europesays.com\/es\/wp-json\/wp\/v2\/types\/post"}],"author":[{"embeddable":true,"href":"https:\/\/www.europesays.com\/es\/wp-json\/wp\/v2\/users\/2"}],"replies":[{"embeddable":true,"href":"https:\/\/www.europesays.com\/es\/wp-json\/wp\/v2\/comments?post=250333"}],"version-history":[{"count":0,"href":"https:\/\/www.europesays.com\/es\/wp-json\/wp\/v2\/posts\/250333\/revisions"}],"wp:featuredmedia":[{"embeddable":true,"href":"https:\/\/www.europesays.com\/es\/wp-json\/wp\/v2\/media\/171132"}],"wp:attachment":[{"href":"https:\/\/www.europesays.com\/es\/wp-json\/wp\/v2\/media?parent=250333"}],"wp:term":[{"taxonomy":"category","embeddable":true,"href":"https:\/\/www.europesays.com\/es\/wp-json\/wp\/v2\/categories?post=250333"},{"taxonomy":"post_tag","embeddable":true,"href":"https:\/\/www.europesays.com\/es\/wp-json\/wp\/v2\/tags?post=250333"}],"curies":[{"name":"wp","href":"https:\/\/api.w.org\/{rel}","templated":true}]}}