{"id":250336,"date":"2025-11-22T20:54:12","date_gmt":"2025-11-22T20:54:12","guid":{"rendered":"https:\/\/www.europesays.com\/es\/250336\/"},"modified":"2025-11-22T20:54:12","modified_gmt":"2025-11-22T20:54:12","slug":"el-consejo-de-malu-a-un-talent-por-su-actitud-antes-de-la-gala-la-vas-a-cagar","status":"publish","type":"post","link":"https:\/\/www.europesays.com\/es\/250336\/","title":{"rendered":"El consejo de Mal\u00fa a un talent por su actitud antes de la gala: \u201cLa vas a cagar\u00bb"},"content":{"rendered":"<p>Durante los ensayos, <b>Mal\u00fa <\/b>y <b>Nayo <\/b>han tenido un momento de desconexi\u00f3n. Los nervios est\u00e1n a flor de piel y han tenido que ajustar las perspectivas de la actuaci\u00f3n antes de el <b>Asalto Final<\/b>. <b>\u00abCuando he cantado en el escenario he sentido un poco de miedo\u00bb<\/b> ha confesado la talent. Nayo ha interpretado la misma <b><a title=\"canci\u00f3n de su Audici\u00f3n\" href=\"https:\/\/www.antena3.com\/programas\/la-voz\/nayo-llega-pasar-francia-emociona-clown_2025092768d70f5f3ce0ad1de87cf400.html\" target=\"_blank\" rel=\"nofollow noopener\">canci\u00f3n de su Audici\u00f3n<\/a>, <\/b>lo que le ha dado un plus de nerviosismo al querer perfeccionar.<\/p>\n<p><b>\u00abEsa no es la actitud\u00bb<\/b>, le ha dicho la coach, la talent se ha visto superada por la presi\u00f3n del momento y por todo lo que est\u00e1 en juego. <b>\u00abYa est\u00e1s aqu\u00ed dentro, no lo hagas mejor, haz que sienta\u00bb<\/b>, le ha aclarado Mal\u00fa. Los Directos de La Voz est\u00e1n a la vuelta de la esquina y aumenta la presi\u00f3n.<\/p>\n<p>Nayu se ha mostrado muy agradecida con el apoyo y los consejos de Mal\u00fa, la experiencia de la cantante ayuda a que los miembros de su equipo conf\u00eden en ella y tenga cercan\u00eda. <b>Los Asaltos<\/b> los deciden el p\u00fablico y depende de la conexi\u00f3n que tengan con cada talent el que su voto vaya a un lado o a otro.<\/p>\n<p>   <img decoding=\"async\" title=\"Sheila, talent de La Voz 2025\" alt=\"Sheila, talent de La Voz 2025\" width=\"480\" height=\"270\" src=\"https:\/\/www.europesays.com\/es\/wp-content\/uploads\/2025\/11\/1763844852_380_sheila-talent-voz-2025_70.jpg\" loading=\"lazy\" class=\"lazy\"\/><\/p>\n","protected":false},"excerpt":{"rendered":"Durante los ensayos, Mal\u00fa y Nayo han tenido un momento de desconexi\u00f3n. Los nervios est\u00e1n a flor de&hellip;\n","protected":false},"author":2,"featured_media":250337,"comment_status":"","ping_status":"","sticky":false,"template":"","format":"standard","meta":{"footnotes":""},"categories":[171],"tags":[146,147,25,24,23,214],"class_list":{"0":"post-250336","1":"post","2":"type-post","3":"status-publish","4":"format-standard","5":"has-post-thumbnail","7":"category-tv","8":"tag-entertainment","9":"tag-entretenimiento","10":"tag-es","11":"tag-espana","12":"tag-spain","13":"tag-tv"},"share_on_mastodon":{"url":"https:\/\/pubeurope.com\/@es\/115595344032257474","error":""},"_links":{"self":[{"href":"https:\/\/www.europesays.com\/es\/wp-json\/wp\/v2\/posts\/250336","targetHints":{"allow":["GET"]}}],"collection":[{"href":"https:\/\/www.europesays.com\/es\/wp-json\/wp\/v2\/posts"}],"about":[{"href":"https:\/\/www.europesays.com\/es\/wp-json\/wp\/v2\/types\/post"}],"author":[{"embeddable":true,"href":"https:\/\/www.europesays.com\/es\/wp-json\/wp\/v2\/users\/2"}],"replies":[{"embeddable":true,"href":"https:\/\/www.europesays.com\/es\/wp-json\/wp\/v2\/comments?post=250336"}],"version-history":[{"count":0,"href":"https:\/\/www.europesays.com\/es\/wp-json\/wp\/v2\/posts\/250336\/revisions"}],"wp:featuredmedia":[{"embeddable":true,"href":"https:\/\/www.europesays.com\/es\/wp-json\/wp\/v2\/media\/250337"}],"wp:attachment":[{"href":"https:\/\/www.europesays.com\/es\/wp-json\/wp\/v2\/media?parent=250336"}],"wp:term":[{"taxonomy":"category","embeddable":true,"href":"https:\/\/www.europesays.com\/es\/wp-json\/wp\/v2\/categories?post=250336"},{"taxonomy":"post_tag","embeddable":true,"href":"https:\/\/www.europesays.com\/es\/wp-json\/wp\/v2\/tags?post=250336"}],"curies":[{"name":"wp","href":"https:\/\/api.w.org\/{rel}","templated":true}]}}