{"id":250338,"date":"2025-11-22T20:55:14","date_gmt":"2025-11-22T20:55:14","guid":{"rendered":"https:\/\/www.europesays.com\/es\/250338\/"},"modified":"2025-11-22T20:55:14","modified_gmt":"2025-11-22T20:55:14","slug":"queremos-crear-un-grupo-de-chicas-espanolas","status":"publish","type":"post","link":"https:\/\/www.europesays.com\/es\/250338\/","title":{"rendered":"Queremos crear un grupo de chicas espa\u00f1olas"},"content":{"rendered":"<p class=\"L6-news-detail__text\">Dongmin Yu, director del K-Pop Center, accede a hablar con Equipo de Investigaci\u00f3n, aunque no deja que las c\u00e1maras graben a unas chicas porque, seg\u00fan dice, \u00abtienen copyright\u00bb. El objetivo del centro, cuenta, es la \u00abglobalizaci\u00f3n\u00bb del K-Pop. \u00abEstamos seleccionando a artistas para crear grupos en 32 pa\u00edses. Tambi\u00e9n queremos crear <b>un grupo formado solo por chicas espa\u00f1olas<\/b> para lanzarlo en el mercado espa\u00f1ol\u00bb, revela.<\/p>\n<p class=\"L6-news-detail__text\">As\u00ed, habla del centro, situado en Se\u00fal, como \u00ab<b>un lugar para criar \u00eddolos desde peque\u00f1os<\/b>, desde los 10 a\u00f1os hasta que debutan\u00bb. Al intentar entonces hablar con un grupo de &#8216;idols&#8217; llamado &#8216;Genecs&#8217;, Dongmin Yu se niega, alegando que \u00abson artistas y no est\u00e1n maquillados para poder salir en televisi\u00f3n\u00bb.<\/p>\n<p class=\"L6-news-detail__text\">En lo referente a <b>qu\u00e9 porcentaje de aspirantes a &#8216;idols&#8217; triunfa<\/b>, el director del K-Pop Center se\u00f1ala que <b>\u00abuno entre 10.000\u00bb,<\/b> a lo que a\u00f1ade que \u00abJulio Iglesias solo hay uno\u00bb. Adem\u00e1s, el director de la &#8216;f\u00e1brica&#8217; de talentos explica que al centro \u00abse entra a trav\u00e9s de una audici\u00f3n, despu\u00e9s est\u00e1n unos a\u00f1os siendo aprendices y tras una estricta formaci\u00f3n, lograr\u00e1n debutar\u00bb.<\/p>\n<p class=\"L6-news-detail__text\"><b>*Ya puedes ver el programa completo de Equipo de Investigaci\u00f3n en Atresplayer.<\/b><\/p>\n<p class=\"L6-news-detail__text\"><b><a title=\"*Sigue a laSexta en Google. Toda la actualidad y el mejor contenido aqu\u00ed.\" href=\"https:\/\/profile.google.com\/cp\/CgkvbS8wZG5xejA\" target=\"_blank\" rel=\"nofollow noopener\">*Sigue a laSexta en Google. Toda la actualidad y el mejor contenido aqu\u00ed.<\/a><\/b><\/p>\n<p class=\"L6-support-news-video__title\">Hemeroteca Equipo de Investigaci\u00f3n <\/p>\n<p>            <a href=\"https:\/\/www.lasexta.com\/programas\/equipo-investigacion\/inspector-trabajo-denuncia-fraude-hosteleria-nos-encontramos-atados-pies-manos-poder-actuar_202511226921438e8080bd5ad61fa8e1.html\" class=\"L6-news__link\" rel=\"nofollow noopener\" target=\"_blank\"><br \/>\n                Un inspector de trabajo denuncia el fraude en la hosteler\u00eda: \u00abNos encontramos atados de pies y manos para poder actuar\u00bb<\/p>\n<p class=\"recirculation-video-desc\">Jos\u00e9 Antonio Amate lanzaba en Equipo de Investigaci\u00f3n una dura advertencia sobre el fraude laboral en el sector de la hosteler\u00eda. Por su parte, revel\u00f3 que durante su jornada, incluso encontr\u00f3 a empleados escondidos dentro de un armario empotrado para evitar ser detectados.<\/p>\n<p>            <\/a><\/p>\n","protected":false},"excerpt":{"rendered":"Dongmin Yu, director del K-Pop Center, accede a hablar con Equipo de Investigaci\u00f3n, aunque no deja que las&hellip;\n","protected":false},"author":2,"featured_media":250339,"comment_status":"","ping_status":"","sticky":false,"template":"","format":"standard","meta":{"footnotes":""},"categories":[170],"tags":[146,147,25,24,184,185,23],"class_list":{"0":"post-250338","1":"post","2":"type-post","3":"status-publish","4":"format-standard","5":"has-post-thumbnail","7":"category-musica","8":"tag-entertainment","9":"tag-entretenimiento","10":"tag-es","11":"tag-espana","12":"tag-music","13":"tag-musica","14":"tag-spain"},"share_on_mastodon":{"url":"https:\/\/pubeurope.com\/@es\/115595347560347147","error":""},"_links":{"self":[{"href":"https:\/\/www.europesays.com\/es\/wp-json\/wp\/v2\/posts\/250338","targetHints":{"allow":["GET"]}}],"collection":[{"href":"https:\/\/www.europesays.com\/es\/wp-json\/wp\/v2\/posts"}],"about":[{"href":"https:\/\/www.europesays.com\/es\/wp-json\/wp\/v2\/types\/post"}],"author":[{"embeddable":true,"href":"https:\/\/www.europesays.com\/es\/wp-json\/wp\/v2\/users\/2"}],"replies":[{"embeddable":true,"href":"https:\/\/www.europesays.com\/es\/wp-json\/wp\/v2\/comments?post=250338"}],"version-history":[{"count":0,"href":"https:\/\/www.europesays.com\/es\/wp-json\/wp\/v2\/posts\/250338\/revisions"}],"wp:featuredmedia":[{"embeddable":true,"href":"https:\/\/www.europesays.com\/es\/wp-json\/wp\/v2\/media\/250339"}],"wp:attachment":[{"href":"https:\/\/www.europesays.com\/es\/wp-json\/wp\/v2\/media?parent=250338"}],"wp:term":[{"taxonomy":"category","embeddable":true,"href":"https:\/\/www.europesays.com\/es\/wp-json\/wp\/v2\/categories?post=250338"},{"taxonomy":"post_tag","embeddable":true,"href":"https:\/\/www.europesays.com\/es\/wp-json\/wp\/v2\/tags?post=250338"}],"curies":[{"name":"wp","href":"https:\/\/api.w.org\/{rel}","templated":true}]}}