{"id":25034,"date":"2025-08-04T13:01:14","date_gmt":"2025-08-04T13:01:14","guid":{"rendered":"https:\/\/www.europesays.com\/es\/25034\/"},"modified":"2025-08-04T13:01:14","modified_gmt":"2025-08-04T13:01:14","slug":"tengo-esperanzas-de-que-se-haga-justicia-de-que-no-solo-se-me-juzgue-por-las-apariencias","status":"publish","type":"post","link":"https:\/\/www.europesays.com\/es\/25034\/","title":{"rendered":"Tengo esperanzas de que se haga justicia; de que no s\u00f3lo se me juzgue por las apariencias"},"content":{"rendered":"<p class=\"paragraph\" id=\"paragraph_1\"><a cmp-ltrk=\"links-parrafos\" cmp-ltrk-idx=\"0\" data-mrf-link=\"https:\/\/www.elespanol.com\/corazon\/famosos\/20250228\/daniel-sancho-rompe-silencio-carcel-no-drogas-alcohol-violencia-ambiente-sano-seguro\/927657358_0.html\" href=\"https:\/\/www.elespanol.com\/corazon\/famosos\/20250228\/daniel-sancho-rompe-silencio-carcel-no-drogas-alcohol-violencia-ambiente-sano-seguro\/927657358_0.html?utm_cmp_rs=linksinline\" mrfobservableid=\"3851232c-14a8-4cae-950a-279968c4b15b\" rel=\"nofollow noopener\" target=\"_blank\"><strong>Daniel Sancho<\/strong><\/a> (30 a\u00f1os) , condenado a <strong>cadena perpetua<\/strong> por el asesinato premeditado del colombiano <strong>Edwin Arrieta<\/strong>, ha concedido, desde la c\u00e1rcel, unas declaraciones a la agencia EFE.<\/p>\n<p class=\"paragraph\" id=\"paragraph_2\">En dichas manifestaciones, el chef espera que con el recurso a su sentencia \u00ab<strong>se haga justicia<\/strong>\u00bb y \u00ab<strong>se llegue a la verdad<\/strong>\u00ab, cuando se cumplen dos a\u00f1os de su detenci\u00f3n en la isla tailandesa de <strong>Phangan<\/strong>.<\/p>\n<p class=\"paragraph\" id=\"paragraph_3\">\u00abTengo esperanzas de que se haga justicia, de que se llegue a la verdad.<strong> Que no solo se me juzgue por las apariencias, como pas\u00f3 en la primera sentencia<\/strong>\u00ab, asegur\u00f3, el pasado viernes, 1 de agosto, a EFE el espa\u00f1ol desde la prisi\u00f3n de Surat Thani -sur de Tailandia-.<\/p>\n<p><img loading=\"lazy\" decoding=\"async\" alt=\"Daniel Sancho, escoltado por agentes de la polic\u00eda tailandesa el pasado verano.\" height=\"180\" src=\"https:\/\/www.europesays.com\/es\/wp-content\/uploads\/2025\/08\/889171894_249561378_320x180.jpg\" width=\"320\" data-lazy-status=\"processed\" data-lazy-info=\"remove loading item 1\"\/><\/p>\n<p><img decoding=\"async\" alt=\"Daniel Sancho, escoltado por agentes de la polic\u00eda tailandesa el pasado verano.\" data-imgm=\"true\" height=\"180\" loading=\"lazy\"  src=\"https:\/\/www.europesays.com\/es\/wp-content\/uploads\/2025\/08\/889171894_249561375_1024x576.jpg\"  width=\"320\"\/><\/p>\n<p>                                                            Daniel Sancho, escoltado por agentes de la polic\u00eda tailandesa el pasado verano.<\/p>\n<p>                    EFE<\/p>\n<p class=\"paragraph\" id=\"paragraph_4\">Sancho, que fue detenido oficialmente el 5 de agosto de 2023 tras confesar el asesinato y descuartizamiento de Arrieta, <strong>un crimen cometido dos d\u00edas antes<\/strong>, cumple condena en esa prisi\u00f3n desde que fuera sentenciado a cadena perpetua por un tribunal de Tailandia el 29 de agosto del a\u00f1o pasado.<\/p>\n<p class=\"paragraph\" id=\"paragraph_5\">La defensa de Sancho, <strong>que ha recurrido la sentencia<\/strong>, sostiene que la muerte de Arrieta se debi\u00f3 a un <strong>accidente<\/strong> fruto de una pelea en la que el condenado actu\u00f3 en defensa propia, por lo que rechaza la condena por asesinato premeditado.<\/p>\n<p><img decoding=\"async\" alt=\"Daniel Sancho tras ser detenido en Tailandia en agosto de 2023.\" data-imgm=\"true\" height=\"854\" loading=\"lazy\"  src=\"https:\/\/www.europesays.com\/es\/wp-content\/uploads\/2025\/08\/889171893_249561360_855x1140.jpg\"  width=\"640\"\/><\/p>\n<p>                                                            Daniel Sancho tras ser detenido en Tailandia en agosto de 2023.<\/p>\n<p class=\"paragraph\" id=\"paragraph_6\">El hijo del actor<strong> <a href=\"https:\/\/www.elespanol.com\/corazon\/famosos\/20250728\/daniel-sancho-cumple-anos-prision-tailandesa-celda-propia-llamadas-sin-censura-enfocado-memorias\/1003743865442_0.html?utm_cmp_rs=linksinline\" rel=\"nofollow noopener\" target=\"_blank\">Rodolfo Sancho<\/a><\/strong> (50) expuso, este pasado 1 de agosto, que se ha \u00ab<strong>adaptado<\/strong>\u00bb a las condiciones de la prisi\u00f3n, donde en estos momentos <strong>comparte celda con otros 10 presos<\/strong>, y que espera que se resuelva ya el recurso a su sentencia.<\/p>\n<p class=\"paragraph\" id=\"paragraph_7\">La defensa del espa\u00f1ol present\u00f3 el 26 el marzo un extenso recurso contra la sentencia en el que adem\u00e1s de apelar el fallo ped\u00edan la celebraci\u00f3n de una <strong>nueva vista oral<\/strong> o la repetici\u00f3n del juicio en primera instancia, tras la supuesta aparici\u00f3n de nuevas pruebas y m\u00e1s testigos.<\/p>\n<p class=\"paragraph\" id=\"paragraph_8\">Los representantes en Espa\u00f1a de la familia de Arrieta, los letrados Juan Gonzalo Ospina y Beatriz Uriarte, dijeron a los medios el pasado jueves en Madrid que \u00ab<strong>no hay ninguna prueba que avale su inocencia<\/strong>\u00bb y que dos a\u00f1os despu\u00e9s del crimen la familia est\u00e1 viviendo momentos \u00abmuy dif\u00edciles\u00bb, dado que \u00ab<strong>siguen sin poder descansar en paz<\/strong>\u00ab.<\/p>\n<p class=\"paragraph\" id=\"paragraph_9\">Sancho dice que dedica la mayor parte de su tiempo en la prisi\u00f3n a hacer ejercicio y a la lectura y mantiene videollamadas semanales con su padre y su madre, la analista de inversiones Silvia Bronchalo, quien lo ha visitado en varias ocasiones desde que fue condenado.<\/p>\n<p class=\"paragraph\" id=\"paragraph_10\">El espa\u00f1ol se encuentra en una celda destinada a los <strong>presos extranjeros<\/strong> y a los reci\u00e9n llegados, por lo que no est\u00e1 tan masificada como otras del centro, que pueden llegar a acoger una treintena de reos.<\/p>\n<p>Recurso de la defensa<\/p>\n<p class=\"paragraph\" id=\"paragraph_11\">La defensa de Sancho present\u00f3 el <strong>26 de marzo<\/strong> un extenso recurso contra la sentencia en el que adem\u00e1s de apelar el fallo ped\u00edan la celebraci\u00f3n de una nueva vista oral o la repetici\u00f3n del juicio en primera instancia por la supuesta aparici\u00f3n de nuevas pruebas y m\u00e1s testigos.<\/p>\n<p class=\"paragraph\" id=\"paragraph_12\">En el texto, al que tuvo acceso EFE, tambi\u00e9n se solicit\u00f3 la <strong>recusaci\u00f3n del Tribunal de Apelaci\u00f3n de la regi\u00f3n 8 de Tailandia<\/strong>, encargado de revisar el recurso, por lo que la corte con sede en Phuket se podr\u00eda abstener y trasladarlo a otro distrito judicial.<\/p>\n<p class=\"paragraph\" id=\"paragraph_13\">En Tailandia no hay un tiempo establecido para resolver los recursos pero normalmente suelen hacerlo un a\u00f1o despu\u00e9s de que llega al tribunal, seg\u00fan explicaron a EFE fuentes cercanas al caso.<\/p>\n<p class=\"paragraph\" id=\"paragraph_14\">\u00ab<strong>Nadie nos ha hablado de plazos concretos<\/strong>,<strong> pero para nosotros ser\u00eda bueno que lo vieran lo antes posible<\/strong>. Si nos preguntan a nosotros, ojal\u00e1 se vieran a finales de este a\u00f1o o principio del siguiente como mucho\u00bb, dijo a EFE el crimin\u00f3logo Ram\u00f3n Chippirr\u00e1s, que forma parte del equipo de defensa de Sancho en Espa\u00f1a.<\/p>\n<p><img decoding=\"async\" alt=\"Edwin, en una fotograf\u00eda de archivo.\" data-imgm=\"true\" height=\"180\" loading=\"lazy\"  src=\"https:\/\/www.europesays.com\/es\/wp-content\/uploads\/2025\/08\/1003743869922_257688091_1024x576.jpg\"  width=\"320\"\/><\/p>\n<p>                                                            Edwin, en una fotograf\u00eda de archivo.<\/p>\n<p>Recurso de la familia de Arrieta<\/p>\n<p class=\"paragraph\" id=\"paragraph_15\">Los representantes de la familia de la v\u00edctima, que se personaron en el juicio contra Sancho como coacusaci\u00f3n junto a la Fiscal\u00eda, presentaron por su parte un recurso a la sentencia el 29 de noviembre de 2024, en el que solicitaron que <strong>se aumentara la indemnizaci\u00f3n impuesta y se subiera el castigo de cadena perpet\u00faa a pena de muerte<\/strong>, seg\u00fan el texto al que tuvo acceso EFE.<\/p>\n<p class=\"paragraph\" id=\"paragraph_16\">El asesinato premeditado conlleva la pena de muerte en Tailandia, seg\u00fan su C\u00f3digo Penal, pero el juez se\u00f1al\u00f3 que la confesi\u00f3n inicial del acusado ante la Polic\u00eda sirvi\u00f3 para rebajar la condena a cadena perpetua.<\/p>\n<p class=\"paragraph\" id=\"paragraph_17\">Por su parte, la Fiscal\u00eda confirm\u00f3 a EFE el pasado viernes que no ha presentado ning\u00fan recurso contra el fallo del tribunal de Samui, lo que implica que acepta la sentencia.<\/p>\n<p class=\"paragraph\" id=\"paragraph_18\">Los abogados de la familia de Arrieta presentaron adem\u00e1s el pasado 14 de julio una contestaci\u00f3n al recurso de la defensa de Sancho y aseguraron que la intenci\u00f3n de la apelaci\u00f3n es \u00ab<strong>generar una duda inexistente<\/strong>\u00bb en el proceso y que \u00ab<strong>qued\u00f3 acreditada la premeditaci\u00f3n<\/strong>\u00bb en el asesinato.<\/p>\n<p class=\"paragraph\" id=\"paragraph_19\">Las partes podr\u00e1n adem\u00e1s recurrir el fallo del Tribunal de Apelaci\u00f3n al Tribunal Supremo, lo que alargar\u00eda el proceso hasta un a\u00f1o m\u00e1s.<\/p>\n","protected":false},"excerpt":{"rendered":"Daniel Sancho (30 a\u00f1os) , condenado a cadena perpetua por el asesinato premeditado del colombiano Edwin Arrieta, ha&hellip;\n","protected":false},"author":2,"featured_media":25035,"comment_status":"","ping_status":"","sticky":false,"template":"","format":"standard","meta":{"footnotes":""},"categories":[174],"tags":[1154,255,146,147,25,24,256,8749,23,2066],"class_list":{"0":"post-25034","1":"post","2":"type-post","3":"status-publish","4":"format-standard","5":"has-post-thumbnail","7":"category-famosos","8":"tag-asesinatos","9":"tag-celebrities","10":"tag-entertainment","11":"tag-entretenimiento","12":"tag-es","13":"tag-espana","14":"tag-famosos","15":"tag-rodolfo-sancho","16":"tag-spain","17":"tag-tailandia"},"share_on_mastodon":{"url":"","error":""},"_links":{"self":[{"href":"https:\/\/www.europesays.com\/es\/wp-json\/wp\/v2\/posts\/25034","targetHints":{"allow":["GET"]}}],"collection":[{"href":"https:\/\/www.europesays.com\/es\/wp-json\/wp\/v2\/posts"}],"about":[{"href":"https:\/\/www.europesays.com\/es\/wp-json\/wp\/v2\/types\/post"}],"author":[{"embeddable":true,"href":"https:\/\/www.europesays.com\/es\/wp-json\/wp\/v2\/users\/2"}],"replies":[{"embeddable":true,"href":"https:\/\/www.europesays.com\/es\/wp-json\/wp\/v2\/comments?post=25034"}],"version-history":[{"count":0,"href":"https:\/\/www.europesays.com\/es\/wp-json\/wp\/v2\/posts\/25034\/revisions"}],"wp:featuredmedia":[{"embeddable":true,"href":"https:\/\/www.europesays.com\/es\/wp-json\/wp\/v2\/media\/25035"}],"wp:attachment":[{"href":"https:\/\/www.europesays.com\/es\/wp-json\/wp\/v2\/media?parent=25034"}],"wp:term":[{"taxonomy":"category","embeddable":true,"href":"https:\/\/www.europesays.com\/es\/wp-json\/wp\/v2\/categories?post=25034"},{"taxonomy":"post_tag","embeddable":true,"href":"https:\/\/www.europesays.com\/es\/wp-json\/wp\/v2\/tags?post=25034"}],"curies":[{"name":"wp","href":"https:\/\/api.w.org\/{rel}","templated":true}]}}