{"id":250340,"date":"2025-11-22T20:56:11","date_gmt":"2025-11-22T20:56:11","guid":{"rendered":"https:\/\/www.europesays.com\/es\/250340\/"},"modified":"2025-11-22T20:56:11","modified_gmt":"2025-11-22T20:56:11","slug":"una-de-las-mejores-del-ano-tratan-al-espectador-como-alguien-inteligente","status":"publish","type":"post","link":"https:\/\/www.europesays.com\/es\/250340\/","title":{"rendered":"Una de las mejores del a\u00f1o. Tratan al espectador como alguien inteligente"},"content":{"rendered":"<p data-gtm-element-container=\"modulo-texto-link\" class=\"paragraph\"><strong>Prime Video <\/strong>sigue ampliando su cat\u00e1logo de series y pel\u00edculas, entre ellas producciones originales de la plataforma. Poco despu\u00e9s de su estreno en cines, el pasado 20 de noviembre aterriz\u00f3 &#8216;<strong>Caza de brujas&#8217; <\/strong>(&#8216;After the hunt&#8217;) con <strong>Julia Roberts, Ayo Edebiri\u00a0 y Andrew Garfield <\/strong>como protagonistas. En menos de 48 horas, ya es la segunda pel\u00edcula m\u00e1s vista en Espa\u00f1a.<\/p>\n<p>                <img loading=\"lazy\" decoding=\"async\" data-full-src=\"https:\/\/www.mundodeportivo.com\/uploads\/2025\/11\/22\/6922138670577.jpeg\" alt=\"'Caza de brujas'\" width=\"449\" height=\"299\" src=\"https:\/\/www.europesays.com\/es\/wp-content\/uploads\/2025\/11\/6922138670577.jpeg\" class=\"lazy\"\/><\/p>\n<p class=\"caption-title \">&#8216;Caza de brujas&#8217;<\/p>\n<p>                    Prime Video<\/p>\n<p data-gtm-element-container=\"modulo-texto-link\" class=\"paragraph\">Adem\u00e1s de<strong> Julia Roberts, Ayo Edebiri <\/strong>(&#8216;The Bear&#8217;, &#8216;Bottoms&#8217;) y <strong>Andrew Garfield<\/strong> (&#8216;The Amazing Spider-Man&#8217;, &#8216;The Social Network&#8217;), &#8216;Caza de brujas&#8217; tambi\u00e9n est\u00e1 protagonizada por Michael Stuhlbarg (&#8216;Call Me by Your Name&#8217;, &#8216;The Shape of Water&#8217;) y Chlo\u00eb Sevigny (&#8216;Big Love&#8217;, &#8216;Boys Don&#8217;t Cry&#8217;).<\/p>\n<p data-gtm-element-container=\"modulo-texto-link\" class=\"paragraph\">La pel\u00edcula est\u00e1 dirigida por<strong> Luca Guadagnino<\/strong>, el cineasta nominado al premio Oscar detr\u00e1s de obras aclamadas por la cr\u00edtica como &#8216;Call Me by Your Name&#8217;, &#8216;Suspiria&#8217; y &#8216;Challengers&#8217;.<\/p>\n<p>Sinopsis de &#8216;Caza de brujas&#8217;<\/p>\n<p data-gtm-element-container=\"modulo-texto-link\" class=\"paragraph\">En este apasionante drama psicol\u00f3gico del visionario cineasta Luca Guadagnino,<strong> una profesora universitaria<\/strong> (Julia Roberts) se ve atrapada en una encrucijada personal y profesional cuando una estudiante ejemplar (Ayo Edebiri) <strong>hace una acusaci\u00f3n contra uno de sus colegas <\/strong>(Andrew Garfield) y un oscuro secreto de su propio pasado amenaza con salir a la luz.<\/p>\n<p>                <img loading=\"lazy\" decoding=\"async\" data-full-src=\"https:\/\/www.mundodeportivo.com\/uploads\/2025\/11\/22\/6922138475411.jpeg\" alt=\"'Caza de brujas'\" width=\"449\" height=\"299\" src=\"https:\/\/www.europesays.com\/es\/wp-content\/uploads\/2025\/11\/6922138475411.jpeg\" class=\"lazy\"\/><\/p>\n<p class=\"caption-title \">&#8216;Caza de brujas&#8217;<\/p>\n<p>                    Prime Video<\/p>\n<p>    Lee tambi\u00e9n<\/p>\n<p>Impresiones en redes<\/p>\n<p data-gtm-element-container=\"modulo-texto-link\" class=\"paragraph\">Tras su estreno en Prime Video ya se pueden leer los primeros comentarios en redes, adem\u00e1s de las cr\u00edticas y comentarios que se produjeron cuando lleg\u00f3 a los cines. \u00abMientras la ve\u00eda pensaba que cada vez son menos, pel\u00edculas como &#8216;Caza de brujas&#8217; que<strong> tratan al espectador como alguien inteligente y, sobre todo, como un adulto.<\/strong> Me ha parecido una de las mejores pel\u00edculas del a\u00f1o y me muero de ganas de volver a verla\u00bb, escribe\u00a0Andrea G. Bermejo, redactora jefa de &#8216;Cineman\u00eda&#8217;.\u00a0<\/p>\n<blockquote class=\"twitter-tweet\" data-lang=\"es\"><p>\n<a href=\"\"\/>\n<\/p><\/blockquote>\n<p data-gtm-element-container=\"modulo-texto-link\" class=\"paragraph\">\u00abCon una segunda vuelta, tranquilo, he descubierto detalles que me han hecho disfrutarla mucho m\u00e1s\u00bb, \u00abObra maestra\u00bb o \u00ab<strong>Una pel\u00edcula verdaderamente impactante: cruda, aut\u00e9ntica y a menudo, profundamente emotiva<\/strong>\u00ab, son comentarios que tambi\u00e9n se pueden leer en X sobre el filme.<\/p>\n","protected":false},"excerpt":{"rendered":"Prime Video sigue ampliando su cat\u00e1logo de series y pel\u00edculas, entre ellas producciones originales de la plataforma. Poco&hellip;\n","protected":false},"author":2,"featured_media":250341,"comment_status":"","ping_status":"","sticky":false,"template":"","format":"standard","meta":{"footnotes":""},"categories":[169],"tags":[177,146,147,25,24,176,175,23],"class_list":{"0":"post-250340","1":"post","2":"type-post","3":"status-publish","4":"format-standard","5":"has-post-thumbnail","7":"category-cine","8":"tag-cine","9":"tag-entertainment","10":"tag-entretenimiento","11":"tag-es","12":"tag-espana","13":"tag-film","14":"tag-movies","15":"tag-spain"},"share_on_mastodon":{"url":"https:\/\/pubeurope.com\/@es\/115595351871966214","error":""},"_links":{"self":[{"href":"https:\/\/www.europesays.com\/es\/wp-json\/wp\/v2\/posts\/250340","targetHints":{"allow":["GET"]}}],"collection":[{"href":"https:\/\/www.europesays.com\/es\/wp-json\/wp\/v2\/posts"}],"about":[{"href":"https:\/\/www.europesays.com\/es\/wp-json\/wp\/v2\/types\/post"}],"author":[{"embeddable":true,"href":"https:\/\/www.europesays.com\/es\/wp-json\/wp\/v2\/users\/2"}],"replies":[{"embeddable":true,"href":"https:\/\/www.europesays.com\/es\/wp-json\/wp\/v2\/comments?post=250340"}],"version-history":[{"count":0,"href":"https:\/\/www.europesays.com\/es\/wp-json\/wp\/v2\/posts\/250340\/revisions"}],"wp:featuredmedia":[{"embeddable":true,"href":"https:\/\/www.europesays.com\/es\/wp-json\/wp\/v2\/media\/250341"}],"wp:attachment":[{"href":"https:\/\/www.europesays.com\/es\/wp-json\/wp\/v2\/media?parent=250340"}],"wp:term":[{"taxonomy":"category","embeddable":true,"href":"https:\/\/www.europesays.com\/es\/wp-json\/wp\/v2\/categories?post=250340"},{"taxonomy":"post_tag","embeddable":true,"href":"https:\/\/www.europesays.com\/es\/wp-json\/wp\/v2\/tags?post=250340"}],"curies":[{"name":"wp","href":"https:\/\/api.w.org\/{rel}","templated":true}]}}