{"id":250348,"date":"2025-11-22T21:00:12","date_gmt":"2025-11-22T21:00:12","guid":{"rendered":"https:\/\/www.europesays.com\/es\/250348\/"},"modified":"2025-11-22T21:00:12","modified_gmt":"2025-11-22T21:00:12","slug":"apple-celebra-el-black-friday-a-su-manera-asi-puedes-conseguir-sus-tarjetas-regalo-de-hasta-200-euros","status":"publish","type":"post","link":"https:\/\/www.europesays.com\/es\/250348\/","title":{"rendered":"Apple celebra el Black Friday a su manera. As\u00ed puedes conseguir sus tarjetas regalo de hasta 200 euros"},"content":{"rendered":"<p>Lo habitual en Black Friday es obtener descuentos directamente a la hora de comprar un producto. Y hay ya <a class=\"text-outboundlink\" href=\"https:\/\/www.applesfera.com\/seleccion\/cinco-mejores-ofertas-amazon-dispositivos-apple-durante-su-semana-black-friday-hoy-20-noviembre\" data-vars-post-title=\"Las cinco mejores ofertas de Amazon en dispositivos de Apple durante su Semana de Black Friday, hoy 20 de noviembre \" data-vars-post-url=\"https:\/\/www.applesfera.com\/seleccion\/cinco-mejores-ofertas-amazon-dispositivos-apple-durante-su-semana-black-friday-hoy-20-noviembre\" rel=\"nofollow noopener\" target=\"_blank\">descuentos en productos Apple<\/a>, aunque no directamente en las tiendas oficiales de Apple. La compa\u00f1\u00eda vive esta \u00e9poca a su manera, manteniendo precios, pero <strong>ofreciendo descuentos para futuras compras <\/strong>si adquieres ahora uno de sus dispositivos.<\/p>\n<p>El Black Friday de Apple empieza la semana que viene<\/p>\n<p>Aunque ya veas muchos descuentos en tiendas, el Black Friday \u00aboficial\u00bb es el pr\u00f3ximo <strong>viernes 28 de noviembre<\/strong>. Ser\u00e1 ese el d\u00eda que comience Apple a ofrecer tarjetas regalo y lo har\u00e1 <strong>hasta el 1 de diciembre<\/strong>. Es decir, cuatro d\u00edas en los que comprar en una <a class=\"text-outboundlink\" href=\"https:\/\/www.applesfera.com\/nuevo\/tengo-apple-store-cerca-estas-todas-tiendas-oficiales-marca-espana\" data-vars-post-title=\"\u00bfTengo una Apple Store cerca? Estas son todas las tiendas oficiales de la marca en Espa\u00f1a\" data-vars-post-url=\"https:\/\/www.applesfera.com\/nuevo\/tengo-apple-store-cerca-estas-todas-tiendas-oficiales-marca-espana\" rel=\"nofollow noopener\" target=\"_blank\">Apple Store<\/a> (f\u00edsica u online) merecer\u00e1 mucho la pena.<\/p>\n<p>Lo que Apple <a rel=\"nofollow, sponsored, noopener, noreferrer\" target=\"_blank\" class=\"js-ecommerce\" id=\"link-ecommerce-1\" href=\"https:\/\/www.applesfera.com\/redirect?url=https%3A%2F%2Fwww.apple.com%2Fes%2Fshop%2Fgifts%2Fshopping-event%3Fcid%3DCDM-ES-DM-c01872-M00000&amp;category=apple-1&amp;ecomPostExpiration=perish&amp;postId=167492\" data-vars-affiliate-url=\"https:\/\/www.apple.com\/es\/shop\/gifts\/shopping-event?cid=CDM-ES-DM-c01872-M00000\">ofrecer\u00e1<\/a> en esos d\u00edas son tarjetas regalo, a las que llama Apple Gift Card, que <strong>se obtienen con la compra de un determinado producto <\/strong>y que podr\u00e1n ser gastadas en otra compra posterior en su tienda.<\/p>\n<tr>\n<p>PRODUCTO<\/p>\n<p>TARJETA REGALO<\/p>\n<\/tr>\n<tr>\n<td class=\"align-left\">\n<p><strong>AirPods 4<\/strong><\/p>\n<\/td>\n<td class=\"align-left\">\n<p>20 euros<\/p>\n<\/td>\n<\/tr>\n<tr>\n<td class=\"align-left\">\n<p><strong>Apple Pencil Pro<\/strong><\/p>\n<\/td>\n<td class=\"align-left\">\n<p>20 euros<\/p>\n<\/td>\n<\/tr>\n<tr>\n<td class=\"align-left\">\n<p><strong>Apple TV 4K<\/strong><\/p>\n<\/td>\n<td class=\"align-left\">\n<p>20 euros<\/p>\n<\/td>\n<\/tr>\n<tr>\n<td class=\"align-left\">\n<p><strong>Beats Pill<\/strong><\/p>\n<\/td>\n<td class=\"align-left\">\n<p>20 euros<\/p>\n<\/td>\n<\/tr>\n<tr>\n<td class=\"align-left\">\n<p><strong>Magic Keyboard Folio \/ Magic Keyboard<\/strong><\/p>\n<\/td>\n<td class=\"align-left\">\n<p>20 euros<\/p>\n<\/td>\n<\/tr>\n<tr>\n<td class=\"align-left\">\n<p><strong>AirPods Pro 3<\/strong><\/p>\n<\/td>\n<td class=\"align-left\">\n<p>40 euros<\/p>\n<\/td>\n<\/tr>\n<tr>\n<td class=\"align-left\">\n<p><strong>Apple Watch SE 3<\/strong><\/p>\n<\/td>\n<td class=\"align-left\">\n<p>40 euros<\/p>\n<\/td>\n<\/tr>\n<tr>\n<td class=\"align-left\">\n<p><strong>Apple Watch Series 11<\/strong><\/p>\n<\/td>\n<td class=\"align-left\">\n<p>40 euros<\/p>\n<\/td>\n<\/tr>\n<tr>\n<td class=\"align-left\">\n<p><strong>Beats Studio Pro<\/strong><\/p>\n<\/td>\n<td class=\"align-left\">\n<p>40 euros<\/p>\n<\/td>\n<\/tr>\n<tr>\n<td class=\"align-left\">\n<p><strong>Beats Solo 4<\/strong><\/p>\n<\/td>\n<td class=\"align-left\">\n<p>40 euros<\/p>\n<\/td>\n<\/tr>\n<tr>\n<td class=\"align-left\">\n<p><strong>Beats Studio Buds+<\/strong><\/p>\n<\/td>\n<td class=\"align-left\">\n<p>40 euros<\/p>\n<\/td>\n<\/tr>\n<tr>\n<td class=\"align-left\">\n<p><strong>Powerbeats Pro 2<\/strong><\/p>\n<\/td>\n<td class=\"align-left\">\n<p>40 euros<\/p>\n<\/td>\n<\/tr>\n<tr>\n<td class=\"align-left\">\n<p><strong>HomePod<\/strong><\/p>\n<\/td>\n<td class=\"align-left\">\n<p>40 euros<\/p>\n<\/td>\n<\/tr>\n<tr>\n<td class=\"align-left\">\n<p><strong>iPad (A16)<\/strong><\/p>\n<\/td>\n<td class=\"align-left\">\n<p>40 euros<\/p>\n<\/td>\n<\/tr>\n<tr>\n<td class=\"align-left\">\n<p><strong>iPad mini (7\u00aa gen. &#8211; 2024)<\/strong><\/p>\n<\/td>\n<td class=\"align-left\">\n<p>40 euros<\/p>\n<\/td>\n<\/tr>\n<tr>\n<td class=\"align-left\">\n<p><strong>iPhone 16e<\/strong><\/p>\n<\/td>\n<td class=\"align-left\">\n<p>40 euros<\/p>\n<\/td>\n<\/tr>\n<tr>\n<td class=\"align-left\">\n<p><strong>AirPods Max<\/strong><\/p>\n<\/td>\n<td class=\"align-left\">\n<p>60 euros<\/p>\n<\/td>\n<\/tr>\n<tr>\n<td class=\"align-left\">\n<p><strong>iPhone 16<\/strong><\/p>\n<\/td>\n<td class=\"align-left\">\n<p>60 euros<\/p>\n<\/td>\n<\/tr>\n<tr>\n<td class=\"align-left\">\n<p><strong>iPhone 16 Plus<\/strong><\/p>\n<\/td>\n<td class=\"align-left\">\n<p>60 euros<\/p>\n<\/td>\n<\/tr>\n<tr>\n<td class=\"align-left\">\n<p><strong>iPad Air (M3) de 11&#8243; y 13&#8243;<\/strong><\/p>\n<\/td>\n<td class=\"align-left\">\n<p>80 euros<\/p>\n<\/td>\n<\/tr>\n<tr>\n<td class=\"align-left\">\n<p><strong>Mac mini<\/strong><\/p>\n<\/td>\n<td class=\"align-left\">\n<p>80 euros<\/p>\n<\/td>\n<\/tr>\n<tr>\n<td class=\"align-left\">\n<p><strong>iMac (M4)<\/strong><\/p>\n<\/td>\n<td class=\"align-left\">\n<p>120 euros<\/p>\n<\/td>\n<\/tr>\n<tr>\n<td class=\"align-left\">\n<p><strong>MacBook Air de 13&#8243; (M4)<\/strong><\/p>\n<\/td>\n<td class=\"align-left\">\n<p>140 euros<\/p>\n<\/td>\n<\/tr>\n<tr>\n<td class=\"align-left\">\n<p><strong>MacBook Air de 15&#8243; (M4)<\/strong><\/p>\n<\/td>\n<td class=\"align-left\">\n<p>160 euros<\/p>\n<\/td>\n<\/tr>\n<tr>\n<td class=\"align-left\">\n<p><strong>MacBook Pro de 14&#8243; (M4 Pro \/ M4 Max)<\/strong><\/p>\n<\/td>\n<td class=\"align-left\">\n<p>200 euros<\/p>\n<\/td>\n<\/tr>\n<tr>\n<td class=\"align-left\">\n<p><strong>MacBook Pro de 16&#8243; (M4 Pro \/ M4 Max)<\/strong><\/p>\n<\/td>\n<td class=\"align-left\">\n<p>200 euros<\/p>\n<\/td>\n<\/tr>\n<p>    <a href=\"https:\/\/www.applesfera.com\/seleccion\/pensabas-comprar-macbook-ahora-momento-este-modelo-baja-mucho-precio-antes-black-friday\" class=\"pivot-outboundlink\" data-vars-post-title=\"Si pensabas comprar un MacBook, ahora es el momento: este modelo baja (mucho) de precio antes del Black Friday \" rel=\"nofollow noopener\" target=\"_blank\"><br \/>\n     <img loading=\"lazy\" decoding=\"async\" alt=\"Si pensabas comprar un MacBook, ahora es el momento: este modelo baja (mucho) de precio antes del Black Friday \" width=\"375\" height=\"142\" src=\"https:\/\/i.blogs.es\/186feb\/macbook-air-m4\/375_142.webp\" onerror=\"this.src=\" https:=\"\"\/><br \/>\n    <\/a><\/p>\n<p>Este Black Friday de Apple no es igual que comprar un producto con descuento, ya que deber\u00e1s pagar el importe \u00edntegro del producto. Sin embargo, es interesante <strong>si quieres comprar m\u00e1s de un producto o piensas hacerlo en el futuro<\/strong>.<\/p>\n<p>C\u00f3mo canjear las tarjetas regalo<\/p>\n<p>                   <img class=\"\" height=\"532\" width=\"1350\" loading=\"lazy\" decoding=\"async\"  fetchpriority=\"high\"  src=\"https:\/\/i.blogs.es\/718f4e\/apple-gift-card\/450_1000.webp\" alt=\"Apple Gift Card\" onerror=\"this.src=\" https:=\"\" false=\"\"\/><\/p>\n<p>Seg\u00fan <a rel=\"nofollow, sponsored, noopener, noreferrer\" target=\"_blank\" class=\"js-ecommerce\" id=\"link-ecommerce-2\" href=\"https:\/\/www.applesfera.com\/redirect?url=https%3A%2F%2Fwww.apple.com%2Fes%2Fshop%2Fgift-cards&amp;category=apple-1&amp;ecomPostExpiration=perish&amp;postId=167492\" data-vars-affiliate-url=\"https:\/\/www.apple.com\/es\/shop\/gift-cards\">explica<\/a> Apple, <strong>las tarjetas no tienen caducidad<\/strong>. As\u00ed que puedes utilizarlas ahora o en el futuro para realizar cualquier otra compra. Estas se pueden utilizar para todas estas compras:<\/p>\n<ul>\n<li value=\"1\"><strong>Productos y accesorios <\/strong>de cualquier tipo que se vendan en las Apple Store f\u00edsicas u online.<\/li>\n<li value=\"2\"><strong>Aplicaciones y juegos <\/strong>de la <a class=\"text-outboundlink\" href=\"https:\/\/www.applesfera.com\/nuevo\/que-app-store-que-aplicaciones-hay-como-se-guardan-compras\" data-vars-post-title=\"Qu\u00e9 es la App Store, qu\u00e9 aplicaciones hay y c\u00f3mo se guardan las compras\" data-vars-post-url=\"https:\/\/www.applesfera.com\/nuevo\/que-app-store-que-aplicaciones-hay-como-se-guardan-compras\" rel=\"nofollow noopener\" target=\"_blank\">App Store<\/a>.<\/li>\n<li value=\"3\"><strong>Pel\u00edculas y libros <\/strong>de plataformas oficiales de Apple (Apple TV y Apple Books).<\/li>\n<li value=\"4\"><strong>Suscripciones a servicios de Apple <\/strong>como <a class=\"text-outboundlink\" href=\"https:\/\/www.applesfera.com\/nuevo\/apple-music-que-cuanto-cuesta-que-se-diferencia-spotify\" data-vars-post-title=\"Apple Music: qu\u00e9 es, cu\u00e1nto cuesta y en qu\u00e9 se diferencia de Spotify\" data-vars-post-url=\"https:\/\/www.applesfera.com\/nuevo\/apple-music-que-cuanto-cuesta-que-se-diferencia-spotify\" rel=\"nofollow noopener\" target=\"_blank\">Apple Music<\/a>, <a class=\"text-outboundlink\" href=\"https:\/\/www.applesfera.com\/nuevo\/todos-proximos-estrenos-apple-tv-series-peliculas-documentales-que-veremos-su-catalogo\" data-vars-post-title=\"Apple TV y sus estrenos: las pr\u00f3ximas series, pel\u00edculas y documentales que veremos en su cat\u00e1logo\" data-vars-post-url=\"https:\/\/www.applesfera.com\/nuevo\/todos-proximos-estrenos-apple-tv-series-peliculas-documentales-que-veremos-su-catalogo\" rel=\"nofollow noopener\" target=\"_blank\">Apple TV<\/a>, <a class=\"text-outboundlink\" href=\"https:\/\/www.applesfera.com\/nuevo\/apple-arcade-guia-a-fondo-preguntas-respuestas-este-servicio-suscripcion-a-juegos-anuncios\" data-vars-post-title=\"Apple Arcade, gu\u00eda a fondo: preguntas y respuestas de este servicio de suscripci\u00f3n a juegos sin anuncios\" data-vars-post-url=\"https:\/\/www.applesfera.com\/nuevo\/apple-arcade-guia-a-fondo-preguntas-respuestas-este-servicio-suscripcion-a-juegos-anuncios\" rel=\"nofollow noopener\" target=\"_blank\">Apple Arcade<\/a>, <a class=\"text-outboundlink\" href=\"https:\/\/www.applesfera.com\/nuevo\/que-icloud-drive-como-funciona-sirve-nube-apple\" data-vars-post-title=\"Apple iCloud: qu\u00e9 es, c\u00f3mo configurarlo y qu\u00e9 tarifas hay disponibles para comprar espacio en iOS, macOS y Windows\" data-vars-post-url=\"https:\/\/www.applesfera.com\/nuevo\/que-icloud-drive-como-funciona-sirve-nube-apple\" rel=\"nofollow noopener\" target=\"_blank\">iCloud<\/a> y m\u00e1s.<\/li>\n<\/ul>\n<p>Para <strong>canjear estas tarjetas<\/strong>, cuya esencia son un c\u00f3digo de 16 d\u00edgitos, se puede a\u00f1adir a la <a class=\"text-outboundlink\" href=\"https:\/\/www.applesfera.com\/nuevo\/mucho-que-pagar-app-cartera-esto-todo-que-puedes-hacer-wallet\" data-vars-post-title=\"Mucho m\u00e1s que pagar en la app Cartera: esto es todo lo que puedes hacer con Wallet\" data-vars-post-url=\"https:\/\/www.applesfera.com\/nuevo\/mucho-que-pagar-app-cartera-esto-todo-que-puedes-hacer-wallet\" rel=\"nofollow noopener\" target=\"_blank\">app Cartera del iPhone<\/a> y mostrarla en la tienda si lo compras f\u00edsicamente. Si la compra es online, a la hora de a\u00f1adir un m\u00e9todo de pago podr\u00e1s a\u00f1adir el de esa tarjeta y que se a\u00f1ada el descuento. Si hace falta pagar m\u00e1s porque no se cubre con ello, deber\u00e1s a\u00f1adir otro m\u00e9todo de pago adicional para el restante.<\/p>\n<p>En Applesfera | <a class=\"text-outboundlink\" href=\"https:\/\/www.applesfera.com\/analisis\/apple-iphone-air-analisis-caracteristicas-precio-especificaciones\" data-vars-post-title=\"iPhone Air, an\u00e1lisis: el iPhone que llega del futuro\" data-vars-post-url=\"https:\/\/www.applesfera.com\/analisis\/apple-iphone-air-analisis-caracteristicas-precio-especificaciones\" rel=\"nofollow noopener\" target=\"_blank\">iPhone Air, an\u00e1lisis: el iPhone que llega del futuro<\/a><\/p>\n<p>En Applesfera | <a class=\"text-outboundlink\" href=\"https:\/\/www.applesfera.com\/tutoriales\/cuanto-cuesta-reparar-iphone-espana-fuera-garantia-precio-pantalla-bateria-otros-danos\" data-vars-post-title=\"Cu\u00e1nto cuesta reparar el iPhone en Espa\u00f1a fuera de garant\u00eda: precio de pantalla, bater\u00eda y otros da\u00f1os \" data-vars-post-url=\"https:\/\/www.applesfera.com\/tutoriales\/cuanto-cuesta-reparar-iphone-espana-fuera-garantia-precio-pantalla-bateria-otros-danos\" rel=\"nofollow noopener\" target=\"_blank\">Cu\u00e1nto cuesta reparar el iPhone en Espa\u00f1a fuera de garant\u00eda: precio de pantalla, bater\u00eda y otros da\u00f1os<\/a><\/p>\n","protected":false},"excerpt":{"rendered":"Lo habitual en Black Friday es obtener descuentos directamente a la hora de comprar un producto. Y hay&hellip;\n","protected":false},"author":2,"featured_media":250349,"comment_status":"","ping_status":"","sticky":false,"template":"","format":"standard","meta":{"footnotes":""},"categories":[81],"tags":[119,123,124,25,24,117,121,122,23,118,120],"class_list":{"0":"post-250348","1":"post","2":"type-post","3":"status-publish","4":"format-standard","5":"has-post-thumbnail","7":"category-ciencia-y-tecnologia","8":"tag-ciencia","9":"tag-ciencia-y-tecnologia","10":"tag-cienciaytecnologia","11":"tag-es","12":"tag-espana","13":"tag-science","14":"tag-science-and-technology","15":"tag-scienceandtechnology","16":"tag-spain","17":"tag-technology","18":"tag-tecnologia"},"share_on_mastodon":{"url":"https:\/\/pubeurope.com\/@es\/115595367574298558","error":""},"_links":{"self":[{"href":"https:\/\/www.europesays.com\/es\/wp-json\/wp\/v2\/posts\/250348","targetHints":{"allow":["GET"]}}],"collection":[{"href":"https:\/\/www.europesays.com\/es\/wp-json\/wp\/v2\/posts"}],"about":[{"href":"https:\/\/www.europesays.com\/es\/wp-json\/wp\/v2\/types\/post"}],"author":[{"embeddable":true,"href":"https:\/\/www.europesays.com\/es\/wp-json\/wp\/v2\/users\/2"}],"replies":[{"embeddable":true,"href":"https:\/\/www.europesays.com\/es\/wp-json\/wp\/v2\/comments?post=250348"}],"version-history":[{"count":0,"href":"https:\/\/www.europesays.com\/es\/wp-json\/wp\/v2\/posts\/250348\/revisions"}],"wp:featuredmedia":[{"embeddable":true,"href":"https:\/\/www.europesays.com\/es\/wp-json\/wp\/v2\/media\/250349"}],"wp:attachment":[{"href":"https:\/\/www.europesays.com\/es\/wp-json\/wp\/v2\/media?parent=250348"}],"wp:term":[{"taxonomy":"category","embeddable":true,"href":"https:\/\/www.europesays.com\/es\/wp-json\/wp\/v2\/categories?post=250348"},{"taxonomy":"post_tag","embeddable":true,"href":"https:\/\/www.europesays.com\/es\/wp-json\/wp\/v2\/tags?post=250348"}],"curies":[{"name":"wp","href":"https:\/\/api.w.org\/{rel}","templated":true}]}}