{"id":250352,"date":"2025-11-22T21:02:10","date_gmt":"2025-11-22T21:02:10","guid":{"rendered":"https:\/\/www.europesays.com\/es\/250352\/"},"modified":"2025-11-22T21:02:10","modified_gmt":"2025-11-22T21:02:10","slug":"unos-turistas-derriban-parte-del-muro-de-un-castillo-de-500-anos-para-hacerse-una-foto","status":"publish","type":"post","link":"https:\/\/www.europesays.com\/es\/250352\/","title":{"rendered":"Unos turistas derriban parte del muro de un castillo de 500 a\u00f1os para hacerse una foto"},"content":{"rendered":"<p class=\"c-paragraph\">Un grupo de turistas ha indignado a <a href=\"https:\/\/www.20minutos.es\/tags\/lugares\/escocia.html\" title=\"Escocia\" rel=\"nofollow noopener\" target=\"_blank\">Escocia<\/a> despu\u00e9s de que <b>derribaran parcialmente el muro de un castillo <\/b>de m\u00e1s de 500 a\u00f1os de antig\u00fcedad solo para poder hacerse una fotograf\u00eda.<\/p>\n<p class=\"c-paragraph\">Tal y como recoge el <a href=\"https:\/\/www.mirror.co.uk\/news\/uk-news\/instagram-vandals-demolish-ancient-castle-36289673\" rel=\"nofollow noreferrer noopener\" title=\"Instagram vandals demolish ancient castle wall to get better pictures\" target=\"_blank\">Mirror<\/a>, los hechos ocurrieron en el\u00a0<b>castillo de Ardvreck<\/b>, en Lairg, en Highlands escocesas, que data del a\u00f1o 1490. Seg\u00fan la organizaci\u00f3n encargada de su conservaci\u00f3n,\u00a0Historic Assynt, los visitantes fueron acusados de derribar parte de la estructura y dejar un mont\u00f3n de piedras de la muralla esparcidas por el suelo.<\/p>\n<p class=\"c-paragraph\">La organizaci\u00f3n dice que los turistas derribaron parte de la muralla para evitar pisar la arena mojada de la playa anexa al castillo y <b>no mojarse los pies<\/b> para as\u00ed poder hacerse una foto.<\/p>\n<p class=\"c-paragraph\">No es la primera vez que los turistas crean problemas en el castillo de Ardvreck, seg\u00fan<b> Historic Assynt<\/b>, que se queja de que estas personas trepan por los muros para hacerse fotos con destino Instagram.<\/p>\n<p class=\"c-paragraph\">Un portavoz de Historic Assynt declar\u00f3: \u00abEste a\u00f1o volvimos a sufrir vandalismo en Ardvreck. No solo los t\u00edpicos<b> robos en las cajas de recolecci\u00f3n <\/b>y escalada por los muros como si fueran monos con derecho a todo\u00bb.<\/p>\n<p class=\"c-paragraph\">\u00abEste a\u00f1o, <b>unas personas especiales <\/b>decidieron que, cuando el agua sobrepas\u00f3 la playa, en lugar de mojarse los pies, derribar\u00edan un muro de 500 a\u00f1os para abrirse camino. Incre\u00edble, pero sucedi\u00f3\u00bb, dijo.<\/p>\n<p class=\"c-paragraph\">\u00abSi est\u00e1s planeando unas vacaciones y quieres trepar por un monumento antiguo para esa foto de Instagram,<b> \u00a1no lo hagas! <\/b>Esta es nuestra historia, y cada vez que alguien la pisotea, se desmorona un poco m\u00e1s\u00bb, a\u00f1ade.\u00a0<\/p>\n<p class=\"c-paragraph\">\u00abHaz fotograf\u00edas sin subirte a las cosas, deja s\u00f3lo huellas y, cuando te vayas, deja el pasado para que<b> lo disfruten las generaciones futuras\u00bb,<\/b> concluye el comentario del portavoz.<\/p>\n<p class=\"c-paragraph\">El castillo atrae a numerosos visitantes, ya que se encuentra en la famosa ruta NC500. Se cree que fue<b> construido por el clan Macleod alrededor del a\u00f1o 1490,<\/b> pero fue abandonado en 1726.<\/p>\n","protected":false},"excerpt":{"rendered":"Un grupo de turistas ha indignado a Escocia despu\u00e9s de que derribaran parcialmente el muro de un castillo&hellip;\n","protected":false},"author":2,"featured_media":250353,"comment_status":"","ping_status":"","sticky":false,"template":"","format":"standard","meta":{"footnotes":""},"categories":[42],"tags":[17,18,26473,13,14,11,61,62,63,64,19,20,13055,9,10,15,16,863,12,5173,21,22,63485,65,66,67],"class_list":{"0":"post-250352","1":"post","2":"type-post","3":"status-publish","4":"format-standard","5":"has-post-thumbnail","7":"category-internacional","8":"tag-breaking-news","9":"tag-breakingnews","10":"tag-derriban","11":"tag-featured-news","12":"tag-featurednews","13":"tag-headlines","14":"tag-internacional","15":"tag-international","16":"tag-international-news","17":"tag-internationalnews","18":"tag-latest-news","19":"tag-latestnews","20":"tag-muro","21":"tag-news","22":"tag-noticias","23":"tag-noticias-destacadas","24":"tag-noticiasdestacadas","25":"tag-parte","26":"tag-titulares","27":"tag-turistas","28":"tag-ultimas-noticias","29":"tag-ultimasnoticias","30":"tag-unos","31":"tag-world","32":"tag-world-news","33":"tag-worldnews"},"share_on_mastodon":{"url":"https:\/\/pubeurope.com\/@es\/115595375074080627","error":""},"_links":{"self":[{"href":"https:\/\/www.europesays.com\/es\/wp-json\/wp\/v2\/posts\/250352","targetHints":{"allow":["GET"]}}],"collection":[{"href":"https:\/\/www.europesays.com\/es\/wp-json\/wp\/v2\/posts"}],"about":[{"href":"https:\/\/www.europesays.com\/es\/wp-json\/wp\/v2\/types\/post"}],"author":[{"embeddable":true,"href":"https:\/\/www.europesays.com\/es\/wp-json\/wp\/v2\/users\/2"}],"replies":[{"embeddable":true,"href":"https:\/\/www.europesays.com\/es\/wp-json\/wp\/v2\/comments?post=250352"}],"version-history":[{"count":0,"href":"https:\/\/www.europesays.com\/es\/wp-json\/wp\/v2\/posts\/250352\/revisions"}],"wp:featuredmedia":[{"embeddable":true,"href":"https:\/\/www.europesays.com\/es\/wp-json\/wp\/v2\/media\/250353"}],"wp:attachment":[{"href":"https:\/\/www.europesays.com\/es\/wp-json\/wp\/v2\/media?parent=250352"}],"wp:term":[{"taxonomy":"category","embeddable":true,"href":"https:\/\/www.europesays.com\/es\/wp-json\/wp\/v2\/categories?post=250352"},{"taxonomy":"post_tag","embeddable":true,"href":"https:\/\/www.europesays.com\/es\/wp-json\/wp\/v2\/tags?post=250352"}],"curies":[{"name":"wp","href":"https:\/\/api.w.org\/{rel}","templated":true}]}}