{"id":250354,"date":"2025-11-22T21:03:11","date_gmt":"2025-11-22T21:03:11","guid":{"rendered":"https:\/\/www.europesays.com\/es\/250354\/"},"modified":"2025-11-22T21:03:11","modified_gmt":"2025-11-22T21:03:11","slug":"investigan-la-muerte-violenta-de-una-mujer-en-malaga","status":"publish","type":"post","link":"https:\/\/www.europesays.com\/es\/250354\/","title":{"rendered":"Investigan la muerte violenta de una mujer en M\u00e1laga"},"content":{"rendered":"<p>Una <strong>mujer <\/strong>de 60 a\u00f1os ha sido <strong>asesinada <\/strong>este s\u00e1bado en la localidad malague\u00f1a de Rinc\u00f3n de la Victoria, <strong>M\u00e1laga<\/strong>, presuntamente a manos de su expareja, un hombre que ha sido detenido por la Guardia Civil. El Ministerio de Igualdad est\u00e1 recabando datos del caso como violencia de g\u00e9nero.<\/p>\n<p>Los hechos se han producido en la ma\u00f1ana de este s\u00e1bado.<strong> Los vecinos han alertado al 112 sobre las 10.20 horas de una pelea de pareja<\/strong> en una vivienda del municipio, por lo que el centro de emergencias ha movilizado a la Guardia Civil y se inform\u00f3 al Instituto Andaluz de la Mujer. Adem\u00e1s, tambi\u00e9n acudieron efectivos de la Polic\u00eda Local.<\/p>\n<p>El instituto armado ha confirmado el fallecimiento de la mujer y la detenci\u00f3n de la expareja por su presunta relaci\u00f3n con el suceso, del que no han trascendido m\u00e1s detalles. El levantamiento del cad\u00e1ver para su posterior traslado al Instituto de Medicina Legal se ha producido a las 14:10 horas.<\/p>\n<p>Igualdad est\u00e1 recabando datos de este caso que, de confirmarse, elevar\u00eda a doce las mujeres asesinadas en Andaluc\u00eda por violencia de g\u00e9nero en lo que llevamos de 2025; lo que<strong> ser\u00eda un total de 39 v\u00edctimas en toda Espa\u00f1a durante este a\u00f1o <\/strong>y de 1.334 desde 2003, cuando se empezaron a recabar datos. <\/p>\n<p>No existen antecedentes de denuncias en el sistema Viog\u00e9n<\/p>\n<p>El <strong>subdelegado del Gobierno<\/strong> en M\u00e1laga, Javier Salas, ha se\u00f1alado que las fuerzas de seguridad est\u00e1n \u00abrecabando datos\u00bb sobre la muerte de la mujer y que no existen antecedentes de denuncias en el sistema Viog\u00e9n de seguimiento de los casos de violencia de g\u00e9nero.<\/p>\n<p>Por su parte, el <strong>alcalde de Rinc\u00f3n de la Victoria<\/strong>, Francisco Salado, ha expresado su p\u00e9same a la familia y amigos de vecina de la localidad que \u00abha perdido la vida, presuntamente a manos de su expareja\u00bb y ha mostrado su \u00abm\u00e1s absoluta condena y repulsa\u00bb ante este nuevo supuesto caso de violencia machista.<\/p>\n<p>Adem\u00e1s, Salado ha invitado \u00aba todas las mujeres a que <strong>no duden ni un momento en denunciar cualquier tipo de agresi\u00f3n<\/strong>\u00bb y a todas las personas \u00aba que reaccionen y denuncien cualquier tipo de situaci\u00f3n an\u00f3mala y que pueda generar en un caso de violencia\u00bb.<\/p>\n<p>Asimismo, ha anunciado que el municipio guardar\u00e1 este domingo un <strong>minuto de silencio<\/strong> a las puertas del Ayuntamiento en una concentraci\u00f3n a partir de las 12.00 horas en se\u00f1al de repulsa.<\/p>\n<p>                        <strong>Informaci\u00f3n de inter\u00e9s para v\u00edctimas de violencia machista<\/strong><\/p>\n<p>El<strong> 016<\/strong> atiende a todas las v\u00edctimas de violencia machista las <strong>24 horas<\/strong> del d\u00eda y en <strong>53 idiomas<\/strong> diferentes, al igual que el <strong>correo 016-online@igualdad.gob.es<\/strong>; tambi\u00e9n se presta atenci\u00f3n mediante <strong>WhatsApp<\/strong> a trav\u00e9s del n\u00famero <strong>600000016<\/strong>, y los <strong>menores <\/strong>pueden dirigirse al tel\u00e9fono de la Fundaci\u00f3n ANAR <strong>900 20 20 10<\/strong>.<\/p>\n<p>En una situaci\u00f3n de emergencia, se puede<strong> llamar al 112 <\/strong>o a los tel\u00e9fonos de la<strong> Polic\u00eda Nacional (091) <\/strong>y de la <strong>Guardia Civil (062) <\/strong>y en caso de no poder llamar se puede recurrir a la <strong>aplicaci\u00f3n ALERTCOPS<\/strong>, desde la que se env\u00eda una se\u00f1al de alerta a la Polic\u00eda con geolocalizaci\u00f3n.<\/p>\n","protected":false},"excerpt":{"rendered":"Una mujer de 60 a\u00f1os ha sido asesinada este s\u00e1bado en la localidad malague\u00f1a de Rinc\u00f3n de la&hellip;\n","protected":false},"author":2,"featured_media":250355,"comment_status":"","ping_status":"","sticky":false,"template":"","format":"standard","meta":{"footnotes":""},"categories":[8],"tags":[17,18,25,24,13,14,11,19,20,9,10,15,16,23,12,21,22],"class_list":{"0":"post-250354","1":"post","2":"type-post","3":"status-publish","4":"format-standard","5":"has-post-thumbnail","7":"category-espana","8":"tag-breaking-news","9":"tag-breakingnews","10":"tag-es","11":"tag-espana","12":"tag-featured-news","13":"tag-featurednews","14":"tag-headlines","15":"tag-latest-news","16":"tag-latestnews","17":"tag-news","18":"tag-noticias","19":"tag-noticias-destacadas","20":"tag-noticiasdestacadas","21":"tag-spain","22":"tag-titulares","23":"tag-ultimas-noticias","24":"tag-ultimasnoticias"},"share_on_mastodon":{"url":"https:\/\/pubeurope.com\/@es\/115595379016511747","error":""},"_links":{"self":[{"href":"https:\/\/www.europesays.com\/es\/wp-json\/wp\/v2\/posts\/250354","targetHints":{"allow":["GET"]}}],"collection":[{"href":"https:\/\/www.europesays.com\/es\/wp-json\/wp\/v2\/posts"}],"about":[{"href":"https:\/\/www.europesays.com\/es\/wp-json\/wp\/v2\/types\/post"}],"author":[{"embeddable":true,"href":"https:\/\/www.europesays.com\/es\/wp-json\/wp\/v2\/users\/2"}],"replies":[{"embeddable":true,"href":"https:\/\/www.europesays.com\/es\/wp-json\/wp\/v2\/comments?post=250354"}],"version-history":[{"count":0,"href":"https:\/\/www.europesays.com\/es\/wp-json\/wp\/v2\/posts\/250354\/revisions"}],"wp:featuredmedia":[{"embeddable":true,"href":"https:\/\/www.europesays.com\/es\/wp-json\/wp\/v2\/media\/250355"}],"wp:attachment":[{"href":"https:\/\/www.europesays.com\/es\/wp-json\/wp\/v2\/media?parent=250354"}],"wp:term":[{"taxonomy":"category","embeddable":true,"href":"https:\/\/www.europesays.com\/es\/wp-json\/wp\/v2\/categories?post=250354"},{"taxonomy":"post_tag","embeddable":true,"href":"https:\/\/www.europesays.com\/es\/wp-json\/wp\/v2\/tags?post=250354"}],"curies":[{"name":"wp","href":"https:\/\/api.w.org\/{rel}","templated":true}]}}