{"id":250360,"date":"2025-11-22T21:09:12","date_gmt":"2025-11-22T21:09:12","guid":{"rendered":"https:\/\/www.europesays.com\/es\/250360\/"},"modified":"2025-11-22T21:09:12","modified_gmt":"2025-11-22T21:09:12","slug":"el-mensaje-de-alcaraz-tras-la-clasificacion-de-espana-para-la-final-de-la-copa-davis","status":"publish","type":"post","link":"https:\/\/www.europesays.com\/es\/250360\/","title":{"rendered":"El mensaje de Alcaraz tras la clasificaci\u00f3n de Espa\u00f1a para la final de la Copa Davis"},"content":{"rendered":"<p>Espa\u00f1a disputar\u00e1 la final de la Copa Davis por und\u00e9cima vez, <a title=\"despu\u00e9s de eliminar a Alemania\" href=\"https:\/\/www.larazon.es\/deportes\/tenis\/espana-volvera-luchar-ensaladera-culminar-dobles-hazana-alemania_202511226921fa79df41134465e5337c.html\" target=\"_blank\" rel=\"nofollow noopener\">despu\u00e9s de eliminar a Alemania<\/a>, y tal vez esta es una de las m\u00e1s meritorias, al menos de las recientes, por la baja de algunos de los mejores jugadores, como <b>Davidovich, en este caso por decisi\u00f3n t\u00e9cnica<\/b>, y <b>Carlos Alcaraz<\/b>, por lesi\u00f3n. El lunes se uni\u00f3 al equipo y el martes tuvo que irse, despu\u00e9s de las pruebas m\u00e9dicas que se hizo.<\/p>\n<p>En esta edici\u00f3n se est\u00e1 demostrando lo <b>importante que es el dobles en el nuevo formato <\/b>y que es una competici\u00f3n donde la palabra \u201cequipo\u201d es determinante. En los cuartos ante Rep\u00fablica Checa, gan\u00f3 Munar un punto en individual. <a title=\"En las semifinales contra Alemania fue Carre\u00f1o \" href=\"https:\/\/www.larazon.es\/deportes\/tenis\/paciencia-carreno-desborda-struff-deja-espana-victoria-final-davis_202511226921b4c78080bd5ad6200ea5.html\" target=\"_blank\" rel=\"nofollow noopener\">En las semifinales contra Alemania fue Carre\u00f1o <\/a>el que consigui\u00f3 esa importante victoria. En ambos casos remat\u00f3 el encuentro por parejas. Alemania ten\u00eda un d\u00fao fant\u00e1stico, <b>Puetz y Krawietz<\/b>, consolidados en el circuito; pero Espa\u00f1a tiene <b>al mejor doblista, Marcel Granollers<\/b>, que est\u00e1 teniendo el acompa\u00f1amiento perfecto de Pedro Mart\u00ednez. \u201cMarcel es quien gu\u00eda el dobles, yo s\u00f3lo intento dar mi energ\u00eda\u201d, dec\u00eda <b>David Ferrer, el capit\u00e1n, que trata de quitarse un m\u00e9rito que s\u00ed tiene<\/b>.<\/p>\n<p>\u00c9l empuja, el resto del grupo, no s\u00f3lo los jugadores, tambi\u00e9n lo hace desde el banquillo, e incluso Alcaraz desde su casa lo intenta.<\/p>\n<p>Nada m\u00e1s acabar el duelo de dobles y que Espa\u00f1a confirmara que est\u00e1 en la final, lleg\u00f3 el mensaje del murciano en redes sociales: \u201cVamooos\u201d, escribi\u00f3 en \u201cX\u201d primero.<\/p>\n<p>Y despu\u00e9s: \u201cMa\u00f1ana a por la Copa\u201d. Italia espera en la final. Es la tercera vez que la alcanza, campe\u00f3n las dos \u00faltimas, con Jannik Sinner en sus filas. Esta vez, como Alcaraz, el pelirrojo no est\u00e1.<\/p>\n","protected":false},"excerpt":{"rendered":"Espa\u00f1a disputar\u00e1 la final de la Copa Davis por und\u00e9cima vez, despu\u00e9s de eliminar a Alemania, y tal&hellip;\n","protected":false},"author":2,"featured_media":250361,"comment_status":"","ping_status":"","sticky":false,"template":"","format":"standard","meta":{"footnotes":""},"categories":[274],"tags":[168,25,24,23,167,327,326],"class_list":{"0":"post-250360","1":"post","2":"type-post","3":"status-publish","4":"format-standard","5":"has-post-thumbnail","7":"category-tenis","8":"tag-deportes","9":"tag-es","10":"tag-espana","11":"tag-spain","12":"tag-sports","13":"tag-tenis","14":"tag-tennis"},"share_on_mastodon":{"url":"https:\/\/pubeurope.com\/@es\/115595402728384677","error":""},"_links":{"self":[{"href":"https:\/\/www.europesays.com\/es\/wp-json\/wp\/v2\/posts\/250360","targetHints":{"allow":["GET"]}}],"collection":[{"href":"https:\/\/www.europesays.com\/es\/wp-json\/wp\/v2\/posts"}],"about":[{"href":"https:\/\/www.europesays.com\/es\/wp-json\/wp\/v2\/types\/post"}],"author":[{"embeddable":true,"href":"https:\/\/www.europesays.com\/es\/wp-json\/wp\/v2\/users\/2"}],"replies":[{"embeddable":true,"href":"https:\/\/www.europesays.com\/es\/wp-json\/wp\/v2\/comments?post=250360"}],"version-history":[{"count":0,"href":"https:\/\/www.europesays.com\/es\/wp-json\/wp\/v2\/posts\/250360\/revisions"}],"wp:featuredmedia":[{"embeddable":true,"href":"https:\/\/www.europesays.com\/es\/wp-json\/wp\/v2\/media\/250361"}],"wp:attachment":[{"href":"https:\/\/www.europesays.com\/es\/wp-json\/wp\/v2\/media?parent=250360"}],"wp:term":[{"taxonomy":"category","embeddable":true,"href":"https:\/\/www.europesays.com\/es\/wp-json\/wp\/v2\/categories?post=250360"},{"taxonomy":"post_tag","embeddable":true,"href":"https:\/\/www.europesays.com\/es\/wp-json\/wp\/v2\/tags?post=250360"}],"curies":[{"name":"wp","href":"https:\/\/api.w.org\/{rel}","templated":true}]}}