{"id":250362,"date":"2025-11-22T21:10:26","date_gmt":"2025-11-22T21:10:26","guid":{"rendered":"https:\/\/www.europesays.com\/es\/250362\/"},"modified":"2025-11-22T21:10:26","modified_gmt":"2025-11-22T21:10:26","slug":"del-corazon-de-italia-al-alma-de-china-la-increible-travesia-de-ana-una-ciclista-de-albacete","status":"publish","type":"post","link":"https:\/\/www.europesays.com\/es\/250362\/","title":{"rendered":"Del coraz\u00f3n de Italia al alma de China: la incre\u00edble traves\u00eda de Ana, una ciclista de Albacete"},"content":{"rendered":"<p>Hace unos meses les cont\u00e1bamos desde <a href=\"https:\/\/www.eldigitaldealbacete.com\/2025\/08\/10\/la-aventura-de-ana-de-albacete-a-china-sobre-ruedas\/\" rel=\"nofollow noopener\" target=\"_blank\">El Digital de Albacete <\/a>la aventura de Ana Carmen Navajas, una almanse\u00f1a con alma aventurera que se hab\u00eda propuesto recorrer en bicicleta la Ruta de la Seda, desde el coraz\u00f3n de Italia hasta la lejana China con el objetivo de llegar hasta los emblem\u00e1ticos Guerreros de Terracota en la ciudad china de Xian.<\/p>\n<p>Pues bien, acompa\u00f1ada de su inseparable y fiel amigo de cuatro patas, Dexter, y sobre las ruedas de bicicleta, Ana Carmen ha llegado a su destino final con miles de kil\u00f3metros en sus piernas. As\u00ed, la de Albacete ha recorrido cerca de 15.000 kil\u00f3metros desde su partida desde Bolonia (Italia), pasando por Austria, Eslovenia, Croacia, Bosnia, Montenegro, Albania, Grecia, Turqu\u00eda, Georgia, Armenia, Ir\u00e1n, Afganist\u00e1n, as\u00ed como los enigm\u00e1ticos Uzbekist\u00e1n, Tayikist\u00e1n, Turkist\u00e1n y Kazajist\u00e1n, Mongolia, y finalmente la milenaria China.<\/p>\n<p><img loading=\"lazy\" decoding=\"async\" width=\"1200\" height=\"2133\" src=\"https:\/\/www.europesays.com\/es\/wp-content\/uploads\/2025\/11\/ANA-CARMEN-NAVAJASWhatsApp-Image-2025-11-13-at-11.45.53-1.jpeg\" alt=\"\" class=\"wp-image-1094787\"  \/>Foto: Cedidas Ana Carmen Navajas<\/p>\n<p>Una aventura que quedar\u00e1 para siempre grabada en la retina de Ana Carmen Navajas, que ha recorrido miles de kil\u00f3metros durante un a\u00f1o, hasta avistar finalmente su objetivo, este emblem\u00e1tico espacio de la ciudad de Xian en China. Eso s\u00ed, un viaje cuyo destino no ha sido m\u00e1s que \u201cuna excusa\u201d, como indica esta albacete\u00f1a con coraz\u00f3n de aventurera, para vivir una experiencia que ha marcado un antes y un despu\u00e9s en su vida.<\/p>\n<p><img loading=\"lazy\" decoding=\"async\" width=\"1200\" height=\"1600\" src=\"https:\/\/www.europesays.com\/es\/wp-content\/uploads\/2025\/11\/ANA-CARMEN-NAVAJASWhatsApp-Image-2025-11-13-at-11.45.56.jpeg\" alt=\"\" class=\"wp-image-1094788\"  \/>Foto: Cedidas Ana Carmen Navajas<\/p>\n<p><strong>Ana y Dexter, la pareja m\u00e1s aventurera de Albacete, llegan a China tras un a\u00f1o pedaleando<\/strong><\/p>\n<p>As\u00ed, tras un a\u00f1o de largo viaje, el pasado lunes, 10 de noviembre, Ana Carmen Navajas lleg\u00f3 por fin a su destino. \u201cLa recta final fue una locura\u201d, asegura la ciclista, que se\u00f1ala que \u201cestuvimos casi un mes parados antes de entrar a China porque Dexter necesitaba sus papeles para acceder al pa\u00eds\u201d. Y por fin, tras varias semanas de espera y papeleo, Ana pudo llegar a su destino final.<\/p>\n<p><img loading=\"lazy\" decoding=\"async\" width=\"1200\" height=\"1600\" src=\"https:\/\/www.europesays.com\/es\/wp-content\/uploads\/2025\/11\/ANA-CARMEN-NAVAJASWhatsApp-Image-2025-11-13-at-11.45.58.jpeg\" alt=\"\" class=\"wp-image-1094789\"  \/>Foto: Cedidas Ana Carmen Navajas<\/p>\n<p>\u201cNo me lo cre\u00eda\u201d, asegura, y es que han sido cerca de 15.000 kil\u00f3metros y m\u00e1s de 300 d\u00edas de camino. \u201cLa noche anterior dormimos a las afueras de la ciudad para descansar, al d\u00eda siguiente comenc\u00e9 a pedalear y sent\u00ed algo diferente, porque hasta ahora parec\u00eda que estaba todo lejos\u201d, recuerda, y manifiesta que \u201centr\u00e9 en un t\u00fanel y al salir, vi la muralla antigua del centro de la ciudad, y ah\u00ed supe que de verdad estaba en Xian y empec\u00e9 a llorar\u201d. \u201cPensaba que por fin hab\u00edamos llegado, y sent\u00ed mucha felicidad, nunca hab\u00eda sentido esa plenitud y esa sensaci\u00f3n de libertad y de fuerza interior, de decir, por fin lo he conseguido\u201d, manifiesta.<\/p>\n<p><img loading=\"lazy\" decoding=\"async\" width=\"1200\" height=\"1600\" src=\"https:\/\/www.europesays.com\/es\/wp-content\/uploads\/2025\/11\/ANA-CARMEN-NAVAJASWhatsApp-Image-2025-11-13-at-11.46.01.jpeg\" alt=\"\" class=\"wp-image-1094790\"  \/>Foto: Cedidas Ana Carmen Navajas<\/p>\n<p>Sobre esta experiencia, Ana Carmen Navajas se\u00f1ala que \u201cel destino es solo una excusa\u201d para hacer un viaje que trasciende lo terrenal. \u201cMe quedo con todo, los paisajes, las culturas, las personas que he conocido por el camino y tambi\u00e9n con los altibajos que me han hecho aprender much\u00edsimo y me han ense\u00f1ado muchas lecciones\u201d, manifiesta, y explica que se trata de \u201cun crecimiento interior muy potente que no se hace en dos d\u00edas, que requiere esfuerzo f\u00edsico y mental tambi\u00e9n\u201d. \u201cTodo lo que te llevas no es solo por lo que ves, sino por lo que pasa en tu interior\u201d, detalla.<\/p>\n<p><img loading=\"lazy\" decoding=\"async\" width=\"1200\" height=\"2133\" src=\"https:\/\/www.europesays.com\/es\/wp-content\/uploads\/2025\/11\/ANA-CARMEN-NAVAJASWhatsApp-Image-2025-11-13-at-11.46.10-1.jpeg\" alt=\"\" class=\"wp-image-1094792\"  \/>Foto: Cedidas Ana Carmen Navajas<\/p>\n<p><strong>Una historia que inspira: una albacete\u00f1a y su perro cruzan el mundo sobre ruedas<\/strong><\/p>\n<p>Tras un a\u00f1o de pedalear, Ana Carmen ha cumplido el que ha sido, sin duda, el reto de su vida, al menos por el momento. Pero \u00bfy ahora qu\u00e9? Pues bien, en un principio, la ciclista almanse\u00f1a ten\u00eda previsto regresar a casa, pero los planes han cambiado. \u201cQuer\u00eda recorrer la Ruta de la Seda y cuando empezamos el viaje, solo ten\u00eda el destino y no ten\u00eda nada m\u00e1s planificado\u201d, indica, y manifiesta que \u201cahora hay que volver, y me apetece vivirla de nuevo, as\u00ed que en lugar de volver en avi\u00f3n, lo haremos pedaleando\u201d.<\/p>\n<p><img loading=\"lazy\" decoding=\"async\" width=\"1200\" height=\"2480\" src=\"https:\/\/www.europesays.com\/es\/wp-content\/uploads\/2025\/11\/ANA-CARMEN-NAVAJASWhatsApp-Image-2025-11-13-at-11.46.11.jpeg\" alt=\"\" class=\"wp-image-1094793\"  \/>Foto: Cedidas Ana Carmen Navajas<\/p>\n<p>As\u00ed, Ana y Dexter, su fiel compa\u00f1ero de rutas y locuras, regresar\u00e1n a Espa\u00f1a. Eso s\u00ed, lo har\u00e1n de cara a \u201cla pr\u00f3xima Navidad\u201d, como indica Navajas. \u201cAhora hay nieve en China y estaremos unos meses conociendo el sudeste asi\u00e1tico, y despu\u00e9s emprenderemos el viaje de vuelta sobre ruedas\u201d, detalla.<\/p>\n<p><img loading=\"lazy\" decoding=\"async\" width=\"1200\" height=\"1600\" src=\"https:\/\/www.europesays.com\/es\/wp-content\/uploads\/2025\/11\/ANA-CARMEN-NAVAJASWhatsApp-Image-2025-11-13-at-11.45.53.jpeg\" alt=\"\" class=\"wp-image-1094794\"  \/>Foto: Cedidas Ana Carmen Navajas<\/p>\n<p>Ya en Xian, esta albacete\u00f1a descansar\u00e1 una breve temporada para descubrir las bondades de este continente con una promesa de regreso a casa como mejor sabe hacer, sobre ruedas. As\u00ed, a Ana y su compa\u00f1ero de cuatro patas todav\u00eda les quedan aventuras que vivir el pr\u00f3ximo a\u00f1o.<\/p>\n","protected":false},"excerpt":{"rendered":"Hace unos meses les cont\u00e1bamos desde El Digital de Albacete la aventura de Ana Carmen Navajas, una almanse\u00f1a&hellip;\n","protected":false},"author":2,"featured_media":250363,"comment_status":"","ping_status":"","sticky":false,"template":"","format":"standard","meta":{"footnotes":""},"categories":[273],"tags":[2545,313,312,168,25,24,10,338,23,167],"class_list":{"0":"post-250362","1":"post","2":"type-post","3":"status-publish","4":"format-standard","5":"has-post-thumbnail","7":"category-ciclismo","8":"tag-albacete","9":"tag-ciclismo","10":"tag-cycling","11":"tag-deportes","12":"tag-es","13":"tag-espana","14":"tag-noticias","15":"tag-portada","16":"tag-spain","17":"tag-sports"},"share_on_mastodon":{"url":"https:\/\/pubeurope.com\/@es\/115595409498186521","error":""},"_links":{"self":[{"href":"https:\/\/www.europesays.com\/es\/wp-json\/wp\/v2\/posts\/250362","targetHints":{"allow":["GET"]}}],"collection":[{"href":"https:\/\/www.europesays.com\/es\/wp-json\/wp\/v2\/posts"}],"about":[{"href":"https:\/\/www.europesays.com\/es\/wp-json\/wp\/v2\/types\/post"}],"author":[{"embeddable":true,"href":"https:\/\/www.europesays.com\/es\/wp-json\/wp\/v2\/users\/2"}],"replies":[{"embeddable":true,"href":"https:\/\/www.europesays.com\/es\/wp-json\/wp\/v2\/comments?post=250362"}],"version-history":[{"count":0,"href":"https:\/\/www.europesays.com\/es\/wp-json\/wp\/v2\/posts\/250362\/revisions"}],"wp:featuredmedia":[{"embeddable":true,"href":"https:\/\/www.europesays.com\/es\/wp-json\/wp\/v2\/media\/250363"}],"wp:attachment":[{"href":"https:\/\/www.europesays.com\/es\/wp-json\/wp\/v2\/media?parent=250362"}],"wp:term":[{"taxonomy":"category","embeddable":true,"href":"https:\/\/www.europesays.com\/es\/wp-json\/wp\/v2\/categories?post=250362"},{"taxonomy":"post_tag","embeddable":true,"href":"https:\/\/www.europesays.com\/es\/wp-json\/wp\/v2\/tags?post=250362"}],"curies":[{"name":"wp","href":"https:\/\/api.w.org\/{rel}","templated":true}]}}