{"id":250370,"date":"2025-11-22T21:18:22","date_gmt":"2025-11-22T21:18:22","guid":{"rendered":"https:\/\/www.europesays.com\/es\/250370\/"},"modified":"2025-11-22T21:18:22","modified_gmt":"2025-11-22T21:18:22","slug":"nuevo-programa-de-la-ruleta-de-la-suerte-noche-tenemos-premios-muy-distintos","status":"publish","type":"post","link":"https:\/\/www.europesays.com\/es\/250370\/","title":{"rendered":"Nuevo programa de La ruleta de la suerte noche: \u201cTenemos premios muy distintos\u201d"},"content":{"rendered":"<p>Nadie ha conseguido hacerse con los<b> cuatro gajos de 25.000 euros<\/b> en esta nueva edici\u00f3n de<b> La ruleta de la suerte noche<\/b>, por lo que ning\u00fan concursante ha podido ganar el <b>gran premio final de 100.000 euros<\/b>.<\/p>\n<p>En este programa, los presentadores, <b>Jorge Fern\u00e1ndez <\/b>y <b>Laura Moure<\/b>, acompa\u00f1ar\u00e1n a los concursantes a ganar el m\u00e1ximo dinero posible. Esta noche va a estar llena de <b>muchas risas y de momentos \u00fanicos.<\/b><\/p>\n<p><b>\u201c\u00a1Qu\u00e9 buenos son!\u201d<\/b>, ha dicho <b>Jorge Fern\u00e1ndez <\/b>al presentar la <b>banda<\/b>. Con Tayra Taylor y Joaqu\u00edn Padilla a la cabeza, <b>animar\u00e1n al p\u00fablico <\/b>como todas las noches, con canciones muy especiales. Siempre hay un tema que consigue conquistar al presentador, \u00bfcu\u00e1l ser\u00e1 esta vez?<\/p>\n<p><b>\u00a1No te pierdas el programa de esta noche, en Antena 3! <\/b><\/p>\n","protected":false},"excerpt":{"rendered":"Nadie ha conseguido hacerse con los cuatro gajos de 25.000 euros en esta nueva edici\u00f3n de La ruleta&hellip;\n","protected":false},"author":2,"featured_media":250371,"comment_status":"","ping_status":"","sticky":false,"template":"","format":"standard","meta":{"footnotes":""},"categories":[171],"tags":[146,147,25,24,23,214],"class_list":{"0":"post-250370","1":"post","2":"type-post","3":"status-publish","4":"format-standard","5":"has-post-thumbnail","7":"category-tv","8":"tag-entertainment","9":"tag-entretenimiento","10":"tag-es","11":"tag-espana","12":"tag-spain","13":"tag-tv"},"share_on_mastodon":{"url":"https:\/\/pubeurope.com\/@es\/115595438184997860","error":""},"_links":{"self":[{"href":"https:\/\/www.europesays.com\/es\/wp-json\/wp\/v2\/posts\/250370","targetHints":{"allow":["GET"]}}],"collection":[{"href":"https:\/\/www.europesays.com\/es\/wp-json\/wp\/v2\/posts"}],"about":[{"href":"https:\/\/www.europesays.com\/es\/wp-json\/wp\/v2\/types\/post"}],"author":[{"embeddable":true,"href":"https:\/\/www.europesays.com\/es\/wp-json\/wp\/v2\/users\/2"}],"replies":[{"embeddable":true,"href":"https:\/\/www.europesays.com\/es\/wp-json\/wp\/v2\/comments?post=250370"}],"version-history":[{"count":0,"href":"https:\/\/www.europesays.com\/es\/wp-json\/wp\/v2\/posts\/250370\/revisions"}],"wp:featuredmedia":[{"embeddable":true,"href":"https:\/\/www.europesays.com\/es\/wp-json\/wp\/v2\/media\/250371"}],"wp:attachment":[{"href":"https:\/\/www.europesays.com\/es\/wp-json\/wp\/v2\/media?parent=250370"}],"wp:term":[{"taxonomy":"category","embeddable":true,"href":"https:\/\/www.europesays.com\/es\/wp-json\/wp\/v2\/categories?post=250370"},{"taxonomy":"post_tag","embeddable":true,"href":"https:\/\/www.europesays.com\/es\/wp-json\/wp\/v2\/tags?post=250370"}],"curies":[{"name":"wp","href":"https:\/\/api.w.org\/{rel}","templated":true}]}}