{"id":250372,"date":"2025-11-22T21:19:22","date_gmt":"2025-11-22T21:19:22","guid":{"rendered":"https:\/\/www.europesays.com\/es\/250372\/"},"modified":"2025-11-22T21:19:22","modified_gmt":"2025-11-22T21:19:22","slug":"la-historia-detras-de-la-unica-cancion-en-espanol-que-canto-michael-jackson-con-ayuda-de-ruben-blades","status":"publish","type":"post","link":"https:\/\/www.europesays.com\/es\/250372\/","title":{"rendered":"La historia detr\u00e1s de la \u00fanica canci\u00f3n en espa\u00f1ol que cant\u00f3 Michael Jackson con ayuda de Rub\u00e9n Blades"},"content":{"rendered":"<p>Durante la producci\u00f3n del \u00e1lbum Bad, el Rey del Pop trabaj\u00f3 arduamente para interpretar una balada adaptada a otro idioma, supervisado por un \u00edcono paname\u00f1o. (Instagram\/@conlospiessobrelaluna)<\/p>\n<p class=\"paragraph\">En 1987, mientras preparaba el lanzamiento de <b>Bad<\/b>, uno de los \u00e1lbumes m\u00e1s influyentes de su carrera, Michael Jackson tom\u00f3 una decisi\u00f3n estrat\u00e9gica poco conocida por el p\u00fablico internacional: grabar por primera y \u00fanica vez una canci\u00f3n en espa\u00f1ol. El tema elegido fue <b>I Just Can\u2019t Stop Loving You<\/b>, la balada rom\u00e1ntica incluida originalmente en Bad, que ocupar\u00eda el primer lugar en las listas estadounidenses de Billboard ese mismo a\u00f1o.<\/p>\n<p class=\"paragraph\">La idea surgi\u00f3 como parte de un esfuerzo por acercarse al p\u00fablico latino, que en la d\u00e9cada de los 80 crec\u00eda de manera exponencial en Estados Unidos y en el mercado global. Sin embargo, hab\u00eda un obst\u00e1culo evidente: Michael no hablaba espa\u00f1ol. Fue entonces cuando el productor Quincy Jones recurri\u00f3 a una figura fundamental de la m\u00fasica latina: <b>Rub\u00e9n Blades<\/b>, reconocido cantautor paname\u00f1o y referente de la salsa en todo el mundo.<\/p>\n<p><img alt=\"La adaptaci\u00f3n realizada por Rub\u00e9n\" class=\"global-image\" decoding=\"async\" fetchpriority=\"low\" height=\"425\" loading=\"lazy\" src=\"https:\/\/www.europesays.com\/es\/wp-content\/uploads\/2025\/11\/ISOIXEQCFNGJFLFC3CTVZU7MMA.png\" width=\"334\"\/>La adaptaci\u00f3n realizada por Rub\u00e9n Blades otorg\u00f3 al salsero el 35% de los cr\u00e9ditos oficiales de la canci\u00f3n Todo mi amor eres t\u00fa. (Instagram\/@conlospiessobrelaluna)<\/p>\n<p class=\"paragraph\">Seg\u00fan revel\u00f3 Blades en entrevistas recientes a medios internacionales como Time Out y Univisi\u00f3n, fue convocado para ayudar a Jackson no solo a traducir la letra, sino tambi\u00e9n para ense\u00f1arle fon\u00e9tica, acento y entonaci\u00f3n. El resultado fue la versi\u00f3n titulada <b>Todo Mi Amor Eres T\u00fa<\/b>, una interpretaci\u00f3n tan precisa que sorprendi\u00f3 incluso a ejecutivos discogr\u00e1ficos de la \u00e9poca.<\/p>\n<p class=\"paragraph\">Blades recuerda que trabaj\u00f3 con Jackson durante tres d\u00edas dentro del estudio de grabaci\u00f3n, donde el artista estadounidense demostr\u00f3 un nivel de profesionalismo que desment\u00eda la imagen exc\u00e9ntrica con la que era frecuentemente retratado en la prensa. El paname\u00f1o se\u00f1al\u00f3 que Jackson era <b>\u201cun alumno dedicado, muy preocupado por la pronunciaci\u00f3n correcta\u201d<\/b>, lo que explica la claridad y fluidez con la que logr\u00f3 interpretar la letra en espa\u00f1ol.<\/p>\n<p><img alt=\"Quincy Jones coordin\u00f3 la colaboraci\u00f3n\" class=\"global-image\" decoding=\"async\" fetchpriority=\"low\" height=\"1200\" loading=\"lazy\" src=\"https:\/\/www.europesays.com\/es\/wp-content\/uploads\/2025\/11\/YYZTM4XH3VBHPIFAQEHPDIBF7E.jpg\" width=\"1200\"\/>Quincy Jones coordin\u00f3 la colaboraci\u00f3n entre Michael Jackson y Rub\u00e9n Blades tras reconocer el impacto de la m\u00fasica latina en la industria global.<\/p>\n<p class=\"paragraph\">El propio Blades confes\u00f3 que en varios momentos los productores dudaron de que fuera realmente Michael quien cantaba, debido a la sorprendente nitidez del acento. La versi\u00f3n original de Todo Mi Amor Eres T\u00fa fue publicada como sencillo en 1987 y, con el paso de los a\u00f1os, se convirti\u00f3 en una pieza de culto dentro de la discograf\u00eda del <b>Rey del Pop<\/b>, reapareciendo en el \u00e1lbum conmemorativo Bad 25 Anniversary, lanzado en 2012.<\/p>\n<p class=\"paragraph\">El v\u00ednculo creativo entre Blades y Jackson no surgi\u00f3 de la nada. En la misma entrevista, el salsero paname\u00f1o revel\u00f3 que Quincy Jones ya admiraba profundamente su trabajo antes de contactarlo. Tanto as\u00ed que Jones adapt\u00f3 los acordes iniciales de <b>Pedro Navaja<\/b> para la introducci\u00f3n del tema <b>Thriller<\/b>, incluida en el legendario \u00e1lbum hom\u00f3nimo de 1982. Blades record\u00f3 que se sorprendi\u00f3 al descubrir que Jones \u201c<b>conoc\u00eda mis canciones y era fan de la salsa<\/b>\u201d, un detalle confirmado por medios especializados como RPP Noticias.<\/p>\n<p><img alt=\"Rub\u00e9n Blades trabaj\u00f3 tres d\u00edas\" class=\"global-image\" decoding=\"async\" fetchpriority=\"low\" height=\"540\" loading=\"lazy\" src=\"https:\/\/www.europesays.com\/es\/wp-content\/uploads\/2025\/11\/7IDA77UFGVC6BAWGTJSXTVYL7E.png\" width=\"331\"\/>Rub\u00e9n Blades trabaj\u00f3 tres d\u00edas en el estudio con Michael Jackson para perfeccionar la pronunciaci\u00f3n en espa\u00f1ol de Todo mi amor eres t\u00fa. (Instagram\/@conlospiessobrelaluna)<\/p>\n<p class=\"paragraph\">El \u00e9xito de la colaboraci\u00f3n llev\u00f3 a Jackson a considerar un proyecto a\u00fan m\u00e1s ambicioso: grabar un disco entero en espa\u00f1ol. Seg\u00fan Blades, despu\u00e9s de finalizar Todo Mi Amor Eres T\u00fa recibi\u00f3 una llamada personal de Michael, en la que expresaba su deseo de continuar explorando el idioma y la cultura latina. Sin embargo, la idea nunca lleg\u00f3 a concretarse debido a la agenda de giras y compromisos del artista.<\/p>\n<p class=\"paragraph\">Un gesto poco conocido es que Michael Jackson decidi\u00f3 reconocer formalmente la contribuci\u00f3n de Rub\u00e9n Blades otorg\u00e1ndole <b>el 35% de los cr\u00e9ditos y regal\u00edas<\/b> de la canci\u00f3n, un porcentaje muy superior al habitual para adaptaciones ling\u00fc\u00edsticas. Para Blades, fue una muestra de respeto hacia su trabajo y hacia la m\u00fasica latina.<\/p>\n<p><img alt=\"Todo mi amor eres t\u00fa\" class=\"global-image\" decoding=\"async\" fetchpriority=\"low\" height=\"539\" loading=\"lazy\" src=\"https:\/\/www.europesays.com\/es\/wp-content\/uploads\/2025\/11\/FG342WMLRNFJFF6QA6PVIH6WOE.png\" width=\"325\"\/>Todo mi amor eres t\u00fa fue grabada en 1987 durante la producci\u00f3n del \u00e1lbum Bad, convirti\u00e9ndose en la \u00fanica canci\u00f3n en espa\u00f1ol de Michael Jackson. (Instagram\/@conlospiessobrelaluna)<\/p>\n<p class=\"paragraph\">Durante las sesiones de grabaci\u00f3n, ambos mantuvieron conversaciones sobre temas culturales y sociales. Blades relat\u00f3 que Jackson mostraba verdadera curiosidad por la historia y la realidad socioecon\u00f3mica de Am\u00e9rica Latina, describi\u00e9ndolo como <b>\u201cun ni\u00f1o adulto, pero un profesional completo\u201d<\/b>.<\/p>\n<p class=\"paragraph\">Este a\u00f1o se cumplen quince a\u00f1os del fallecimiento de Michael Jackson, ocurrido el 25 de junio de 2009, a causa de una sobredosis de anest\u00e9sicos administrados en su residencia de Los \u00c1ngeles. Su m\u00e9dico personal fue posteriormente condenado por homicidio involuntario, alimentando hasta hoy un debate p\u00fablico sobre las circunstancias reales de su muerte.<\/p>\n<p class=\"paragraph\">La influencia de Jackson como el indiscutible <b>Rey del Pop<\/b> permanece intacta. \u00c1lbumes como Thriller \u2014el m\u00e1s vendido de la historia con estimaciones de m\u00e1s de 66 millones de copias a nivel mundial\u2014 y \u00e9xitos como <b>Beat It<\/b>, <b>Bad<\/b> y <b>Smooth Criminal<\/b>, contin\u00faan marcando generaciones.<\/p>\n<p class=\"paragraph\">Rub\u00e9n Blades, por su parte, sigue consolidado como una de las voces m\u00e1s importantes de la m\u00fasica latina. Su trayectoria acumula Grammy, Latin Grammy y obras ic\u00f3nicas como <b>Siembra<\/b>, uno de los discos m\u00e1s vendidos en la historia de la salsa. Incluso en a\u00f1os recientes ha estado en el centro de debates p\u00fablicos, como su pol\u00e9mica con Willie Col\u00f3n por el aniversario de Siembra.<\/p>\n<p><img alt=\"Tras aquella experiencia, el artista\" class=\"global-image\" decoding=\"async\" fetchpriority=\"low\" height=\"551\" loading=\"lazy\" src=\"https:\/\/www.europesays.com\/es\/wp-content\/uploads\/2025\/11\/2T2VYGY6EBFTLJV4K7E2LAW2RE.png\" width=\"322\"\/>Tras aquella experiencia, el artista manifest\u00f3 inter\u00e9s por crear un proyecto completo para p\u00fablico latino, iniciativa que jam\u00e1s logr\u00f3 concretarse por compromisos profesionales. (Instagram\/@conlospiessobrelaluna)<\/p>\n<p class=\"paragraph\">La grabaci\u00f3n de <b>Todo Mi Amor Eres T\u00fa<\/b> sigue siendo un episodio excepcional en la historia de la m\u00fasica: el encuentro entre dos artistas que transformaron sus respectivos g\u00e9neros y demostraron que el arte puede derribar barreras ling\u00fc\u00edsticas y culturales. Lo que comenz\u00f3 como un experimento estrat\u00e9gico termin\u00f3 convirti\u00e9ndose en un s\u00edmbolo de respeto mutuo y colaboraci\u00f3n creativa.<\/p>\n<p class=\"paragraph\">Para los fan\u00e1ticos del pop y la salsa, aquel momento de 1987 permanece como un tesoro hist\u00f3rico: la \u00fanica vez que Michael Jackson cant\u00f3 en espa\u00f1ol, guiado por la mano experta de Rub\u00e9n Blades, dos universos musicales unidos en una sola voz.<\/p>\n","protected":false},"excerpt":{"rendered":"Durante la producci\u00f3n del \u00e1lbum Bad, el Rey del Pop trabaj\u00f3 arduamente para interpretar una balada adaptada a&hellip;\n","protected":false},"author":2,"featured_media":250373,"comment_status":"","ping_status":"","sticky":false,"template":"","format":"standard","meta":{"footnotes":""},"categories":[170],"tags":[146,147,25,24,184,185,23],"class_list":{"0":"post-250372","1":"post","2":"type-post","3":"status-publish","4":"format-standard","5":"has-post-thumbnail","7":"category-musica","8":"tag-entertainment","9":"tag-entretenimiento","10":"tag-es","11":"tag-espana","12":"tag-music","13":"tag-musica","14":"tag-spain"},"share_on_mastodon":{"url":"https:\/\/pubeurope.com\/@es\/115595442458506793","error":""},"_links":{"self":[{"href":"https:\/\/www.europesays.com\/es\/wp-json\/wp\/v2\/posts\/250372","targetHints":{"allow":["GET"]}}],"collection":[{"href":"https:\/\/www.europesays.com\/es\/wp-json\/wp\/v2\/posts"}],"about":[{"href":"https:\/\/www.europesays.com\/es\/wp-json\/wp\/v2\/types\/post"}],"author":[{"embeddable":true,"href":"https:\/\/www.europesays.com\/es\/wp-json\/wp\/v2\/users\/2"}],"replies":[{"embeddable":true,"href":"https:\/\/www.europesays.com\/es\/wp-json\/wp\/v2\/comments?post=250372"}],"version-history":[{"count":0,"href":"https:\/\/www.europesays.com\/es\/wp-json\/wp\/v2\/posts\/250372\/revisions"}],"wp:featuredmedia":[{"embeddable":true,"href":"https:\/\/www.europesays.com\/es\/wp-json\/wp\/v2\/media\/250373"}],"wp:attachment":[{"href":"https:\/\/www.europesays.com\/es\/wp-json\/wp\/v2\/media?parent=250372"}],"wp:term":[{"taxonomy":"category","embeddable":true,"href":"https:\/\/www.europesays.com\/es\/wp-json\/wp\/v2\/categories?post=250372"},{"taxonomy":"post_tag","embeddable":true,"href":"https:\/\/www.europesays.com\/es\/wp-json\/wp\/v2\/tags?post=250372"}],"curies":[{"name":"wp","href":"https:\/\/api.w.org\/{rel}","templated":true}]}}