{"id":250374,"date":"2025-11-22T21:20:15","date_gmt":"2025-11-22T21:20:15","guid":{"rendered":"https:\/\/www.europesays.com\/es\/250374\/"},"modified":"2025-11-22T21:20:15","modified_gmt":"2025-11-22T21:20:15","slug":"los-motivos-de-su-estancia-en-barcelona-y-los-lugares-por-donde-se-mueve","status":"publish","type":"post","link":"https:\/\/www.europesays.com\/es\/250374\/","title":{"rendered":"los motivos de su estancia en Barcelona y los lugares por donde se mueve"},"content":{"rendered":"<p data-gtm-element-container=\"modulo-texto-link\" class=\"paragraph\"><strong>John Travolta<\/strong> se ha instalado durante el mes de noviembre en Catalunya. Y aunque ya sabemos que est\u00e1 disfrutando de la gastronom\u00eda catalana por su visita a ciertos restaurantes, lo cierto es que se ha trasladado por cuestiones laborales, tal y como revel\u00f3 en exclusiva <strong>Jaume Miranda<\/strong> (@mossenmiranda) en &#8216;Que no surti d&#8217;aqu\u00ed&#8217;.\u00a0<\/p>\n<p>                <img loading=\"lazy\" decoding=\"async\" data-full-src=\"https:\/\/www.mundodeportivo.com\/uploads\/2019\/08\/14\/60e76cdc3348c.jpeg\" alt=\"Horizontal\" width=\"449\" height=\"298\" src=\"https:\/\/www.europesays.com\/es\/wp-content\/uploads\/2025\/11\/60e76cdc3348c.jpeg\" class=\"lazy\"\/><\/p>\n<p class=\"caption-title \">\u00a0John Travolta\u00a0<\/p>\n<p>                    Otras Fuentes<\/p>\n<p data-gtm-element-container=\"modulo-texto-link\" class=\"paragraph\">El colaborador del programa de Catalunya R\u00e0dio, conocido tambi\u00e9n por sus peregrinaciones pop en redes sociales, inform\u00f3 que el actor estadounidense lleg\u00f3 en su propio avi\u00f3n y est\u00e1 grabando su nueva pel\u00edcula, <strong>&#8216;Black Tides&#8217;,<\/strong> en el Parc Audiovisual de Catalunya (Terrassa), compartiendo instalaciones con Noem\u00ed Galera, Chenoa y todos los concursantes de &#8216;OT 2025&#8217;. Sin embargo, <strong>se estar\u00eda alojando en una casa situada en la zona del Garraf.<\/strong><\/p>\n<p data-gtm-element-container=\"modulo-texto-link\" class=\"paragraph\">Esta producci\u00f3n tambi\u00e9n se ha grabado en Gran Canaria durante el mes de septiembre, donde se pudo ver al actor disfrutando de varios restaurantes de la zona y posando con los fans que se le acercaban. Travolta comparte reparto y rodaje con <strong>Melissa Barrera,<\/strong> su hija <strong>Ella Bleu Travolta <\/strong>y el actor espa\u00f1ol <strong>\u00c1lvaro Mel.<\/strong><\/p>\n<p>                <img loading=\"lazy\" decoding=\"async\" data-full-src=\"https:\/\/www.mundodeportivo.com\/uploads\/2025\/11\/22\/6922206b710aa.jpeg\" alt=\"\u00c1lvaro Mel\" width=\"449\" height=\"253\" src=\"https:\/\/www.europesays.com\/es\/wp-content\/uploads\/2025\/11\/6922206b710aa.jpeg\" class=\"lazy\"\/><\/p>\n<p class=\"caption-title \">\u00c1lvaro Mel<\/p>\n<p>                    Getty Images<\/p>\n<p>    Lee tambi\u00e9n<\/p>\n<p>Sinopsis de &#8216;Black Tides&#8217;<\/p>\n<p data-gtm-element-container=\"modulo-texto-link\" class=\"paragraph\">Esperando un viaje familiar reparador y soleado en M\u00e1laga con su hijo, Sebasti\u00e1n, Rebecca se re\u00fane con su padre con el que se ha distanciado, Bill. Su traves\u00eda por el<strong> Estrecho de Gibraltar da un giro aterrador cuando unas implacables orcas rebeldes atacan.<\/strong> Enfrent\u00e1ndose a profundas heridas emocionales, Rebecca debe convertirse en una hero\u00edna inesperada en una batalla por la supervivencia.<\/p>\n","protected":false},"excerpt":{"rendered":"John Travolta se ha instalado durante el mes de noviembre en Catalunya. Y aunque ya sabemos que est\u00e1&hellip;\n","protected":false},"author":2,"featured_media":250375,"comment_status":"","ping_status":"","sticky":false,"template":"","format":"standard","meta":{"footnotes":""},"categories":[169],"tags":[177,146,147,25,24,176,175,23],"class_list":{"0":"post-250374","1":"post","2":"type-post","3":"status-publish","4":"format-standard","5":"has-post-thumbnail","7":"category-cine","8":"tag-cine","9":"tag-entertainment","10":"tag-entretenimiento","11":"tag-es","12":"tag-espana","13":"tag-film","14":"tag-movies","15":"tag-spain"},"share_on_mastodon":{"url":"https:\/\/pubeurope.com\/@es\/115595446094495383","error":""},"_links":{"self":[{"href":"https:\/\/www.europesays.com\/es\/wp-json\/wp\/v2\/posts\/250374","targetHints":{"allow":["GET"]}}],"collection":[{"href":"https:\/\/www.europesays.com\/es\/wp-json\/wp\/v2\/posts"}],"about":[{"href":"https:\/\/www.europesays.com\/es\/wp-json\/wp\/v2\/types\/post"}],"author":[{"embeddable":true,"href":"https:\/\/www.europesays.com\/es\/wp-json\/wp\/v2\/users\/2"}],"replies":[{"embeddable":true,"href":"https:\/\/www.europesays.com\/es\/wp-json\/wp\/v2\/comments?post=250374"}],"version-history":[{"count":0,"href":"https:\/\/www.europesays.com\/es\/wp-json\/wp\/v2\/posts\/250374\/revisions"}],"wp:featuredmedia":[{"embeddable":true,"href":"https:\/\/www.europesays.com\/es\/wp-json\/wp\/v2\/media\/250375"}],"wp:attachment":[{"href":"https:\/\/www.europesays.com\/es\/wp-json\/wp\/v2\/media?parent=250374"}],"wp:term":[{"taxonomy":"category","embeddable":true,"href":"https:\/\/www.europesays.com\/es\/wp-json\/wp\/v2\/categories?post=250374"},{"taxonomy":"post_tag","embeddable":true,"href":"https:\/\/www.europesays.com\/es\/wp-json\/wp\/v2\/tags?post=250374"}],"curies":[{"name":"wp","href":"https:\/\/api.w.org\/{rel}","templated":true}]}}