{"id":250376,"date":"2025-11-22T21:21:23","date_gmt":"2025-11-22T21:21:23","guid":{"rendered":"https:\/\/www.europesays.com\/es\/250376\/"},"modified":"2025-11-22T21:21:23","modified_gmt":"2025-11-22T21:21:23","slug":"nueva-exhibicion-ofensiva-del-real-madrid-y-liderato-en-la-acb","status":"publish","type":"post","link":"https:\/\/www.europesays.com\/es\/250376\/","title":{"rendered":"Nueva exhibici\u00f3n ofensiva del Real Madrid y liderato en la ACB"},"content":{"rendered":"<p style=\"\">El ataque blanco est\u00e1 de dulce. Tras firmar <a href=\"https:\/\/www.abc.es\/deportes\/baloncesto\/imparable-maledon-acaba-bravura-zalgiris-20251120224501-nt.html\" target=\"_self\" data-voc-vtm-id=\"in-text-traffic\" title=\"cien puntos en la ajustada victoria sobre el Zalgiris Kaunas el jueves en la Euroliga\" rel=\"nofollow noopener\">cien puntos en la ajustada victoria sobre el Zalgiris Kaunas el jueves en la Euroliga<\/a>, el Real Madrid venci\u00f3 este s\u00e1bado al Covir\u00e1n Granada con su mejor ejercicio anotador de la temporada. En su sexta victoria  &#8230; consecutiva en la Liga Endesa, el equipo de <strong>Sergio Scariolo<\/strong> asalt\u00f3 el pabell\u00f3n del conjunto actuaci\u00f3n con un 100-111, en el que brillaron Theo Maledon (18 puntos, 10 asistencias y 26 de valoraci\u00f3n) y Mario Hezonja (14 de sus 20 puntos en el \u00faltimo cuarto).<\/p>\n<p class=\"voc-p\" style=\"\">Ya desde el primer cuarto las mu\u00f1ecas comenzaron calientes en ambos equipos, volcados m\u00e1s en labores ofensivas que en las ingratas obligaciones en defensa. <strong>Sin Campazzo, Deck y Len<\/strong>, que descansaron por decisi\u00f3n del t\u00e9cnico madridista, fueron Llull, Okeke y Maledon los que tiraron del carro y ayudaron a la suma de 30 puntos en el primer acto. Solo con su acierto en el lanzamiento de tres, especialmente por parte de Costa, pudo contrarrestar el Granada el empuje blanco, quedando solo un punto por debajo (29-30).<\/p>\n<p class=\"voc-p\" style=\"\">El segundo cuarto fluctu\u00f3 seg\u00fan se sentase en el banquillo o se levantase <strong>Tavares<\/strong>. Sin la torre blanca en pista Hankins y Bozic se hicieron notar en la zona, ayudando a que los locales se llegaran a poner por delante. Pero con el caboverdiano en acci\u00f3n el caudal ofensivo granadino se fren\u00f3 y fueron los de Scariolo los que llegaron arriba en el marcador (48-56). <\/p>\n<p class=\"voc-p\" style=\"\">El paso por vestuarios no le sent\u00f3 mal al Madrid, que ampli\u00f3 la ventaja hasta los 14 puntos, pero una vez m\u00e1s cuando Tavares dej\u00f3 la pista el Covir\u00e1n Granada recobr\u00f3 la confianza y el acierto para dar la vuelta incluso al resultado (79-78).<\/p>\n<p class=\"voc-p\" style=\"\">La igualdad se mantuvo en los primeros minutos del \u00faltimo cuarto, hasta que el Madrid meti\u00f3 un punto m\u00e1s de intensidad, en el que fueron fundamentales Abalde y Garuba, y <strong>encontraron su mejor versi\u00f3n Maledon y Hezonja<\/strong> para certificar el triunfo y el liderato en la ACB.<\/p>\n","protected":false},"excerpt":{"rendered":"El ataque blanco est\u00e1 de dulce. Tras firmar cien puntos en la ajustada victoria sobre el Zalgiris Kaunas&hellip;\n","protected":false},"author":2,"featured_media":250377,"comment_status":"","ping_status":"","sticky":false,"template":"","format":"standard","meta":{"footnotes":""},"categories":[93],"tags":[168,25,24,608,205,795,9071,798,23,167],"class_list":{"0":"post-250376","1":"post","2":"type-post","3":"status-publish","4":"format-standard","5":"has-post-thumbnail","7":"category-deportes","8":"tag-deportes","9":"tag-es","10":"tag-espana","11":"tag-exhibicion","12":"tag-madrid","13":"tag-nueva","14":"tag-ofensiva","15":"tag-real","16":"tag-spain","17":"tag-sports"},"share_on_mastodon":{"url":"https:\/\/pubeurope.com\/@es\/115595449926002284","error":""},"_links":{"self":[{"href":"https:\/\/www.europesays.com\/es\/wp-json\/wp\/v2\/posts\/250376","targetHints":{"allow":["GET"]}}],"collection":[{"href":"https:\/\/www.europesays.com\/es\/wp-json\/wp\/v2\/posts"}],"about":[{"href":"https:\/\/www.europesays.com\/es\/wp-json\/wp\/v2\/types\/post"}],"author":[{"embeddable":true,"href":"https:\/\/www.europesays.com\/es\/wp-json\/wp\/v2\/users\/2"}],"replies":[{"embeddable":true,"href":"https:\/\/www.europesays.com\/es\/wp-json\/wp\/v2\/comments?post=250376"}],"version-history":[{"count":0,"href":"https:\/\/www.europesays.com\/es\/wp-json\/wp\/v2\/posts\/250376\/revisions"}],"wp:featuredmedia":[{"embeddable":true,"href":"https:\/\/www.europesays.com\/es\/wp-json\/wp\/v2\/media\/250377"}],"wp:attachment":[{"href":"https:\/\/www.europesays.com\/es\/wp-json\/wp\/v2\/media?parent=250376"}],"wp:term":[{"taxonomy":"category","embeddable":true,"href":"https:\/\/www.europesays.com\/es\/wp-json\/wp\/v2\/categories?post=250376"},{"taxonomy":"post_tag","embeddable":true,"href":"https:\/\/www.europesays.com\/es\/wp-json\/wp\/v2\/tags?post=250376"}],"curies":[{"name":"wp","href":"https:\/\/api.w.org\/{rel}","templated":true}]}}