{"id":250380,"date":"2025-11-22T21:23:11","date_gmt":"2025-11-22T21:23:11","guid":{"rendered":"https:\/\/www.europesays.com\/es\/250380\/"},"modified":"2025-11-22T21:23:11","modified_gmt":"2025-11-22T21:23:11","slug":"yo-no-soy-ningun-monstruo","status":"publish","type":"post","link":"https:\/\/www.europesays.com\/es\/250380\/","title":{"rendered":"Yo no soy ning\u00fan monstruo"},"content":{"rendered":"<p class=\"c-paragraph\">Tras conocerse definitivamente su separaci\u00f3n, <b>la pol\u00e9mica entre Andy y Lucas<\/b> se mantiene en el foco medi\u00e1tico. Despu\u00e9s de la entrevista de la mujer de Lucas en \u00a1De viernes!, este ha mostrado su tristeza y, sobrepasado, <b>ha lanzado una petici\u00f3n desesperada a Andy<\/b>.\u00a0<\/p>\n<p class=\"c-paragraph\">Durante su entrevista en el programa de Bea Archidona y Santi Acosta, <b>Mar\u00eda Jos\u00e9 ha tachado a su exmarido<\/b>, el promotor musical \u00c1lvaro Molina,<b> de mentiroso<\/b> y ha aclarado que <b>en ning\u00fan momento le fue infiel<\/b> con Lucas.\u00a0<\/p>\n<p class=\"c-paragraph\">Sobre la campa\u00f1a de\u00a0desprestigio en la que est\u00e1 involucrado tambi\u00e9n Andy, la mujer de Lucas asegur\u00f3 que<b> \u00aben 20 a\u00f1os nunca ha visto conflicto entre ellos\u00bb<\/b> y que considera que Andy est\u00e1 actuando as\u00ed para favorecer la \u00a0promoci\u00f3n de su trabajo en solitario.\u00a0<\/p>\n<p>Las primeras palabras de Lucas tras la entrevista<\/p>\n<p class=\"c-paragraph\">Este s\u00e1bado, el equipo de \u00a1Vaya fama! se ha trasladado al domicilio de Lucas para conocer <b>c\u00f3mo se encuentra el gaditano<\/b> tras los \u00faltimos acontecimientos. El artista ha dejado ver su tristeza y se ha mostrado <b>completamente sobrepasado por la situaci\u00f3n<\/b> en la que se est\u00e1 viendo envuelto.\u00a0<\/p>\n<p class=\"c-paragraph\">Lucas ha calificado de <b>\u00abbullying\u00bb <\/b>lo que tanto \u00e9l como su familia han estado viviendo en el \u00faltimo a\u00f1o. <b>\u00abSe est\u00e1n pasando\u00a0unas l\u00edneas rojas<\/b> que son falsas, son todas mentira. No s\u00e9 por qu\u00e9 esto hacia mi persona, hacia mi familia y sorbe todo hacia m\u00ed\u00bb, ha comentado al reportero del formato de Telecinco.<\/p>\n<p class=\"c-paragraph\">El gaditano ha aclarado que \u00e9l en<b> ning\u00fan momento ha llamado a la prensa<\/b> para hablar sobre la pol\u00e9mica con Andy. \u00abQue no digan que yo llamo a nadie para hablar de nadie porque yo <b>lo que quiero es vivir en paz<\/b> y en tranquilidad\u00bb, ha explicado.\u00a0<\/p>\n<p class=\"c-paragraph\">Lucas ha recalcado que <b>en ning\u00fan momento ha ido \u00aba ning\u00fan plat\u00f3 a hablar de nadie\u00bb<\/b> y, aunque se alegra de que \u00abtodo el mundo que tenga la oportunidad triunfe en la vida\u00bb, pide que se haga \u00absin pisar a nadie\u00bb. \u00abNo es enfado, <b>es dolor lo que estoy sufriendo\u00bb,<\/b> ha a\u00f1adido el artista, que ha pedido \u00abun poco de empat\u00eda\u00bb porque no ha podido ni siquiera \u00abmantener el luto\u00bb por su hermano. \u00a0<\/p>\n<p class=\"c-paragraph\">Sobre su relaci\u00f3n con Andy, <b>Lucas ha asegurado que lo sigue queriendo<\/b>. <b>\u00abQuiero pensar que est\u00e1 mal aconsejado, <\/b>habr\u00e1 alguien por detr\u00e1s al que le interese m\u00e1s la venta de esa canci\u00f3n o de su m\u00fasica que nuestra propia amistad\u00bb, ha comentado para las c\u00e1maras de \u00a1Vaya fama!<\/p>\n<p class=\"c-paragraph\">El artista ha lanzado <b>una \u00faltima petici\u00f3n <\/b>al que ha sido su compa\u00f1ero profesional en las \u00faltimas dos d\u00e9cadas: <b>\u00abOjal\u00e1 que tenga todo el \u00e9xito del mundo<\/b>, pero tambi\u00e9n le pedir\u00eda que pare ya, <b>que no hablara de m\u00ed en los plat\u00f3s<\/b> como si yo fuera un despojo de la sociedad, un monstruo, yo creo que no soy as\u00ed\u00bb.<\/p>\n","protected":false},"excerpt":{"rendered":"Tras conocerse definitivamente su separaci\u00f3n, la pol\u00e9mica entre Andy y Lucas se mantiene en el foco medi\u00e1tico. Despu\u00e9s&hellip;\n","protected":false},"author":2,"featured_media":250381,"comment_status":"","ping_status":"","sticky":false,"template":"","format":"standard","meta":{"footnotes":""},"categories":[91],"tags":[146,147,25,24,2629,7357,9643,45429,23,20877],"class_list":{"0":"post-250380","1":"post","2":"type-post","3":"status-publish","4":"format-standard","5":"has-post-thumbnail","7":"category-entretenimiento","8":"tag-entertainment","9":"tag-entretenimiento","10":"tag-es","11":"tag-espana","12":"tag-lanza","13":"tag-lucas","14":"tag-peticion","15":"tag-sobrepasado","16":"tag-spain","17":"tag-una"},"share_on_mastodon":{"url":"https:\/\/pubeurope.com\/@es\/115595457748177503","error":""},"_links":{"self":[{"href":"https:\/\/www.europesays.com\/es\/wp-json\/wp\/v2\/posts\/250380","targetHints":{"allow":["GET"]}}],"collection":[{"href":"https:\/\/www.europesays.com\/es\/wp-json\/wp\/v2\/posts"}],"about":[{"href":"https:\/\/www.europesays.com\/es\/wp-json\/wp\/v2\/types\/post"}],"author":[{"embeddable":true,"href":"https:\/\/www.europesays.com\/es\/wp-json\/wp\/v2\/users\/2"}],"replies":[{"embeddable":true,"href":"https:\/\/www.europesays.com\/es\/wp-json\/wp\/v2\/comments?post=250380"}],"version-history":[{"count":0,"href":"https:\/\/www.europesays.com\/es\/wp-json\/wp\/v2\/posts\/250380\/revisions"}],"wp:featuredmedia":[{"embeddable":true,"href":"https:\/\/www.europesays.com\/es\/wp-json\/wp\/v2\/media\/250381"}],"wp:attachment":[{"href":"https:\/\/www.europesays.com\/es\/wp-json\/wp\/v2\/media?parent=250380"}],"wp:term":[{"taxonomy":"category","embeddable":true,"href":"https:\/\/www.europesays.com\/es\/wp-json\/wp\/v2\/categories?post=250380"},{"taxonomy":"post_tag","embeddable":true,"href":"https:\/\/www.europesays.com\/es\/wp-json\/wp\/v2\/tags?post=250380"}],"curies":[{"name":"wp","href":"https:\/\/api.w.org\/{rel}","templated":true}]}}