{"id":250382,"date":"2025-11-22T21:24:21","date_gmt":"2025-11-22T21:24:21","guid":{"rendered":"https:\/\/www.europesays.com\/es\/250382\/"},"modified":"2025-11-22T21:24:21","modified_gmt":"2025-11-22T21:24:21","slug":"chip-invisible-y-gafas-ar-lo-reemplazaran-en-2028-fayerwayer","status":"publish","type":"post","link":"https:\/\/www.europesays.com\/es\/250382\/","title":{"rendered":"chip invisible y gafas AR lo reemplazar\u00e1n en 2028 \u2013 FayerWayer"},"content":{"rendered":"<p class=\"c-paragraph\">Adm\u00edtelo: amas tu smartphone, pero ya es el mayor obst\u00e1culo entre t\u00fa y el mundo. Es un rect\u00e1ngulo de cristal que te obliga a tocar, deslizar y buscar apps para tareas que una m\u00e1quina deber\u00eda hacer autom\u00e1ticamente. <\/p>\n<p class=\"c-paragraph\">Lee tambi\u00e9n: <a href=\"https:\/\/www.fayerwayer.com\/internet\/2025\/11\/20\/elon-musk-predice-que-trabajar-sera-opcional-en-un-futuro-donde-la-ia-y-los-robots-haran-ricos-a-todos\/\" target=\"_self\" rel=\"nofollow noopener\" title=\"https:\/\/www.fayerwayer.com\/internet\/2025\/11\/20\/elon-musk-predice-que-trabajar-sera-opcional-en-un-futuro-donde-la-ia-y-los-robots-haran-ricos-a-todos\/\">Elon Musk predice que trabajar ser\u00e1 opcional en un futuro donde la IA y los robots har\u00e1n \u201cricos a todos\u201d<\/a><\/p>\n<p class=\"c-paragraph\">Es un <b>freno cognitivo<\/b>. La industria lo sabe, y por eso el <b>Apocalipsis Post-Tel\u00e9fono<\/b> no es una profec\u00eda, es un calendario de producto. Para 2028, las tres tecnolog\u00edas m\u00e1s poderosas de la d\u00e9cada converger\u00e1n para matar el smartphone como lo conocemos, reemplaz\u00e1ndolo con una experiencia de <b>computaci\u00f3n ubicua<\/b> tan fluida que el simple acto de sacar el tel\u00e9fono de tu bolsillo ser\u00e1 visto como una reliquia arqueol\u00f3gica.<\/p>\n<p><img decoding=\"async\" data-chromatic=\"ignore\" alt=\"Debemos estar alertas ante se\u00f1ales de que alguien podr\u00eda estar espiando nuestro tel\u00e9fono celular. Foto: Freepik.\" class=\"c-image\" loading=\"lazy\" src=\"https:\/\/www.europesays.com\/es\/wp-content\/uploads\/2025\/11\/6DAZGPDV6ZHKPM5R7MAPZLIG5Y.jpg\"  width=\"800\" height=\"533\"\/>Ciberseguridad. Debemos estar alertas ante se\u00f1ales de que alguien podr\u00eda estar espiando nuestro tel\u00e9fono celular. Foto: Freepik. <b>El rect\u00e1ngulo de cristal est\u00e1 muriendo: La obsolescencia del formato<\/b><\/p>\n<p class=\"c-paragraph\">El smartphone lleva una d\u00e9cada estancado en la misma forma. Sus limitaciones ya son insalvables para el futuro de la IA<b>.<\/b><\/p>\n<p class=\"c-paragraph\">La pantalla no puede ser m\u00e1s grande y la bater\u00eda no puede durar m\u00e1s de 24 horas sin volverse absurdamente pesada. Hemos llegado al l\u00edmite de la <b>arquitectura t\u00e1ctil<\/b>.<\/p>\n<p class=\"c-paragraph\">\u00bfPor qu\u00e9 tienes que abrir una app de navegaci\u00f3n, una app de mensajer\u00eda y una app de clima para planear tu ma\u00f1ana? El tel\u00e9fono exige una <b>intervenci\u00f3n manual constante<\/b>, algo que la IA ya considera ineficiente. El tel\u00e9fono te saca del mundo real. La nueva tecnolog\u00eda busca la <b>integraci\u00f3n total<\/b>.<\/p>\n<p><b>El <\/b><b>triplete<\/b><b> asesino: IA, AR y el Chip Invisible<\/b><\/p>\n<p class=\"c-paragraph\">Tres tecnolog\u00edas que, al fusionarse, eliminan la necesidad de llevar un cristal en el bolsillo:<\/p>\n<ol>\n<li><b>El Chip Invisible (Computaci\u00f3n Ubicua):<\/b> El poder de procesamiento de tu tel\u00e9fono se reducir\u00e1 a un dispositivo diminuto: un chip incrustado en tus gafas, en un colgante o en un wearable de mu\u00f1eca. Este chip contendr\u00e1 tu <b>identidad digital<\/b> y tu <b>IA personal<\/b> siempre activa, pero sin la carga de la bater\u00eda ni la pantalla.<\/li>\n<li><b>La Interfaz Fantasma (Realidad Aumentada &#8211; AR):<\/b> Las gafas AR ligeras y con dise\u00f1o de moda (que Apple, Google y Meta est\u00e1n puliendo) reemplazar\u00e1n a la pantalla. Tu interfaz no ser\u00e1 un rect\u00e1ngulo, sino una <b>capa digital superpuesta al mundo real<\/b>. Ver\u00e1s mapas flotando sobre las calles o notificaciones junto a la persona que te habla, sin aislarte.<\/li>\n<li><b>La IA <\/b><b>Agentic<\/b><b> (El Sistema Operativo):<\/b> La IA generativa dejar\u00e1 de ser un chatbot. Se convertir\u00e1 en un <b>agente personal<\/b> que anticipa tus necesidades, toma decisiones y maneja tareas (como reservar la cena, responder mensajes de rutina o resumir tu d\u00eda) <b>sin que se lo pidas<\/b>. Tu interacci\u00f3n ser\u00e1 solo para <b>validar<\/b> o <b>intervenir<\/b>.<\/li>\n<\/ol>\n<p><img decoding=\"async\" data-chromatic=\"ignore\" alt=\"\" class=\"c-image\" loading=\"lazy\" src=\"https:\/\/www.europesays.com\/es\/wp-content\/uploads\/2025\/11\/6TIIXRKQWZH4XPEVPPUNWWMQLQ.jpg\"  width=\"800\" height=\"600\"\/>El Hospital Universitario La Luz realiza una \u00abcompleja\u00bb cirug\u00eda hep\u00e1tica con realidad aumentada. QUIR\u00d3NSALUD (QUIR\u00d3NSALUD\/Europa Press) <b>El futuro <\/b><b>Hands-Free<\/b><b>: Adi\u00f3s a tocar, hola a mirar y hablar<\/b><\/p>\n<p class=\"c-paragraph\">La muerte del smartphone significa el fin de la era del tacto (el touch). El nuevo modelo de interacci\u00f3n se basar\u00e1 en la tecnolog\u00eda m\u00e1s r\u00e1pida que poseemos: Los comandos se har\u00e1n por voz o por <b>seguimiento ocular (<\/b><b>gaze input<\/b><b>)<\/b>. Querr\u00e1s saber la hora de un edificio, simplemente lo miras y la informaci\u00f3n aparece. Querr\u00e1s contestar un mensaje, simplemente lo dices.<\/p>\n<p class=\"c-paragraph\">El objetivo es reducir la <b>interacci\u00f3n activa<\/b> al m\u00ednimo. El tel\u00e9fono te avisaba; el futuro agente de IA <b>act\u00faa<\/b> por ti. Esto libera tu atenci\u00f3n para el mundo real, revirtiendo la tendencia de estar siempre mirando hacia abajo.<\/p>\n<p><img decoding=\"async\" data-chromatic=\"ignore\" alt=\"\" class=\"c-image\" loading=\"lazy\" src=\"https:\/\/www.europesays.com\/es\/wp-content\/uploads\/2025\/11\/UQYXOHOXPNGD7LREONC7OZWGGE.jpg\"  width=\"800\" height=\"450\"\/>El nuevo prototipo de gafas de realidad aumentada de Meta, Orion. META (META\/Europa Press) <b>La transici\u00f3n a Cyborg lento<\/b><\/p>\n<p class=\"c-paragraph\">El smartphone ha sido el software y hardware m\u00e1s revolucionario del siglo, pero su forma ya es su l\u00edmite. Los avances en <b>computaci\u00f3n ubicua<\/b> y <b>AR<\/b> no buscan mejorar el tel\u00e9fono; buscan <b>eliminarlo<\/b>. <\/p>\n<p class=\"c-paragraph\">Para 2028, tener un dispositivo de cristal en la mano ser\u00e1 tan extra\u00f1o como tener un walkman en 1999. Estamos en medio de una transici\u00f3n lenta hacia el <b>post-tel\u00e9fono<\/b>, donde la tecnolog\u00eda no est\u00e1 en nuestra mano, sino en nuestra percepci\u00f3n. Prep\u00e1rate: tu pr\u00f3ximo tel\u00e9fono no ser\u00e1 un tel\u00e9fono.<\/p>\n","protected":false},"excerpt":{"rendered":"Adm\u00edtelo: amas tu smartphone, pero ya es el mayor obst\u00e1culo entre t\u00fa y el mundo. Es un rect\u00e1ngulo&hellip;\n","protected":false},"author":2,"featured_media":250383,"comment_status":"","ping_status":"","sticky":false,"template":"","format":"standard","meta":{"footnotes":""},"categories":[81],"tags":[26797,119,123,124,25,24,1636,136,53393,117,121,122,1604,23,118,120],"class_list":{"0":"post-250382","1":"post","2":"type-post","3":"status-publish","4":"format-standard","5":"has-post-thumbnail","7":"category-ciencia-y-tecnologia","8":"tag-ai","9":"tag-ciencia","10":"tag-ciencia-y-tecnologia","11":"tag-cienciaytecnologia","12":"tag-es","13":"tag-espana","14":"tag-ia","15":"tag-inteligencia-artificial","16":"tag-realidad-aumentada","17":"tag-science","18":"tag-science-and-technology","19":"tag-scienceandtechnology","20":"tag-smartphone","21":"tag-spain","22":"tag-technology","23":"tag-tecnologia"},"share_on_mastodon":{"url":"https:\/\/pubeurope.com\/@es\/115595462000498098","error":""},"_links":{"self":[{"href":"https:\/\/www.europesays.com\/es\/wp-json\/wp\/v2\/posts\/250382","targetHints":{"allow":["GET"]}}],"collection":[{"href":"https:\/\/www.europesays.com\/es\/wp-json\/wp\/v2\/posts"}],"about":[{"href":"https:\/\/www.europesays.com\/es\/wp-json\/wp\/v2\/types\/post"}],"author":[{"embeddable":true,"href":"https:\/\/www.europesays.com\/es\/wp-json\/wp\/v2\/users\/2"}],"replies":[{"embeddable":true,"href":"https:\/\/www.europesays.com\/es\/wp-json\/wp\/v2\/comments?post=250382"}],"version-history":[{"count":0,"href":"https:\/\/www.europesays.com\/es\/wp-json\/wp\/v2\/posts\/250382\/revisions"}],"wp:featuredmedia":[{"embeddable":true,"href":"https:\/\/www.europesays.com\/es\/wp-json\/wp\/v2\/media\/250383"}],"wp:attachment":[{"href":"https:\/\/www.europesays.com\/es\/wp-json\/wp\/v2\/media?parent=250382"}],"wp:term":[{"taxonomy":"category","embeddable":true,"href":"https:\/\/www.europesays.com\/es\/wp-json\/wp\/v2\/categories?post=250382"},{"taxonomy":"post_tag","embeddable":true,"href":"https:\/\/www.europesays.com\/es\/wp-json\/wp\/v2\/tags?post=250382"}],"curies":[{"name":"wp","href":"https:\/\/api.w.org\/{rel}","templated":true}]}}