{"id":250386,"date":"2025-11-22T21:26:10","date_gmt":"2025-11-22T21:26:10","guid":{"rendered":"https:\/\/www.europesays.com\/es\/250386\/"},"modified":"2025-11-22T21:26:10","modified_gmt":"2025-11-22T21:26:10","slug":"una-anciana-muere-de-frio-en-un-deposito-de-cadaveres-tras-ser-dada-por-muerta-por-error","status":"publish","type":"post","link":"https:\/\/www.europesays.com\/es\/250386\/","title":{"rendered":"Una anciana muere de fr\u00edo en un dep\u00f3sito de cad\u00e1veres tras ser dada por muerta por error"},"content":{"rendered":"<p class=\"c-paragraph\">Una anciana de 80 a\u00f1os que hab\u00eda sido dada por muerta de manera prematura <b>muri\u00f3 de fr\u00edo en el dep\u00f3sito de cad\u00e1veres <\/b>al que hab\u00eda sido llevada y cuando trataba de salir de la bolsa en la que la hab\u00edan metido.<\/p>\n<p class=\"c-paragraph\">Tal y como recoge el\u00a0<a href=\"https:\/\/www.mirror.co.uk\/news\/us-news\/gran-froze-death-trying-escape-36264809\" rel=\"nofollow noreferrer noopener\" title=\"Gran &#039;froze to death trying to escape morgue freezer after being declared dead&#039;\" target=\"_blank\">Mirror<\/a>, los hechos ocurrieron en\u00a0Boyle Heights, Los \u00c1ngeles, California (EEUU). La mujer,<b> Mar\u00eda de Jes\u00fas Arroyo,<\/b>\u00a0sufri\u00f3 un supuesto ataque al coraz\u00f3n y fue trasladada de urgencia al Centro M\u00e9dico White Memorial , donde los m\u00e9dicos la declararon muerta.<\/p>\n<p class=\"c-paragraph\">La mujer fue llevada entonces al dep\u00f3sito de cad\u00e1veres refrigerado del centro hospitalario. Cuando unos d\u00edas despu\u00e9s el personal del centro fue a sacarla para el funeral,<b> hicieron el impactante hallazgo.<\/b><\/p>\n<p class=\"c-paragraph\">Encontraron el cuerpo de la mujer boca abajo, con la nariz rota y magulladuras, y con la cremallera de la bolsa mortuoria medio abierta.<b> La anciana hab\u00eda muerto de hipotermia.<\/b><\/p>\n<p class=\"c-paragraph\">Un pat\u00f3logo contratado por la familia, el doctor <b>William Manion<\/b>, concluy\u00f3 m\u00e1s tarde que la mujer estaba viva cuando la colocaron en el congelador y que hab\u00eda sufrido heridas mientras intentaba escapar de la bolsa para cad\u00e1veres despu\u00e9s de recuperar la conciencia en el ambiente fr\u00edo.<\/p>\n<p class=\"c-paragraph\">En los registros judiciales, el pat\u00f3logo afirm\u00f3 que la mujer hab\u00eda sido \u00abcongelada viva\u00bb, \u00abfinalmente despert\u00f3\u00bb <b>y \u00abse da\u00f1\u00f3 la cara <\/b>y se puso boca abajo mientras luchaba sin \u00e9xito por escapar de su tumba congelada\u00bb. El asunto est\u00e1 en los tribunales.<\/p>\n","protected":false},"excerpt":{"rendered":"Una anciana de 80 a\u00f1os que hab\u00eda sido dada por muerta de manera prematura muri\u00f3 de fr\u00edo en&hellip;\n","protected":false},"author":2,"featured_media":250387,"comment_status":"","ping_status":"","sticky":false,"template":"","format":"standard","meta":{"footnotes":""},"categories":[42],"tags":[20266,17,18,13,14,16249,11,61,62,63,64,19,20,8938,9,10,15,16,12,21,22,16743,20877,65,66,67],"class_list":{"0":"post-250386","1":"post","2":"type-post","3":"status-publish","4":"format-standard","5":"has-post-thumbnail","7":"category-internacional","8":"tag-anciana","9":"tag-breaking-news","10":"tag-breakingnews","11":"tag-featured-news","12":"tag-featurednews","13":"tag-frio","14":"tag-headlines","15":"tag-internacional","16":"tag-international","17":"tag-international-news","18":"tag-internationalnews","19":"tag-latest-news","20":"tag-latestnews","21":"tag-muere","22":"tag-news","23":"tag-noticias","24":"tag-noticias-destacadas","25":"tag-noticiasdestacadas","26":"tag-titulares","27":"tag-ultimas-noticias","28":"tag-ultimasnoticias","29":"tag-un","30":"tag-una","31":"tag-world","32":"tag-world-news","33":"tag-worldnews"},"share_on_mastodon":{"url":"","error":""},"_links":{"self":[{"href":"https:\/\/www.europesays.com\/es\/wp-json\/wp\/v2\/posts\/250386","targetHints":{"allow":["GET"]}}],"collection":[{"href":"https:\/\/www.europesays.com\/es\/wp-json\/wp\/v2\/posts"}],"about":[{"href":"https:\/\/www.europesays.com\/es\/wp-json\/wp\/v2\/types\/post"}],"author":[{"embeddable":true,"href":"https:\/\/www.europesays.com\/es\/wp-json\/wp\/v2\/users\/2"}],"replies":[{"embeddable":true,"href":"https:\/\/www.europesays.com\/es\/wp-json\/wp\/v2\/comments?post=250386"}],"version-history":[{"count":0,"href":"https:\/\/www.europesays.com\/es\/wp-json\/wp\/v2\/posts\/250386\/revisions"}],"wp:featuredmedia":[{"embeddable":true,"href":"https:\/\/www.europesays.com\/es\/wp-json\/wp\/v2\/media\/250387"}],"wp:attachment":[{"href":"https:\/\/www.europesays.com\/es\/wp-json\/wp\/v2\/media?parent=250386"}],"wp:term":[{"taxonomy":"category","embeddable":true,"href":"https:\/\/www.europesays.com\/es\/wp-json\/wp\/v2\/categories?post=250386"},{"taxonomy":"post_tag","embeddable":true,"href":"https:\/\/www.europesays.com\/es\/wp-json\/wp\/v2\/tags?post=250386"}],"curies":[{"name":"wp","href":"https:\/\/api.w.org\/{rel}","templated":true}]}}