{"id":250393,"date":"2025-11-22T21:33:12","date_gmt":"2025-11-22T21:33:12","guid":{"rendered":"https:\/\/www.europesays.com\/es\/250393\/"},"modified":"2025-11-22T21:33:12","modified_gmt":"2025-11-22T21:33:12","slug":"todas-las-finales-de-la-copa-davis-que-ha-jugado-espana-a-lo-largo-de-su-historia","status":"publish","type":"post","link":"https:\/\/www.europesays.com\/es\/250393\/","title":{"rendered":"Todas las finales de la Copa Davis que ha jugado Espa\u00f1a a lo largo de su historia"},"content":{"rendered":"<p class=\"\"><b>Contra todo y contra todos<\/b>. La Armada se ha propuesto hacer historia en Bolonia pese a <a href=\"https:\/\/as.com\/tenis\/alcaraz-celebra-el-pase-en-la-davis-junto-a-su-premio-as-f202511-n\/\" target=\"_self\" rel=\"nofollow noopener\" title=\"https:\/\/as.com\/tenis\/alcaraz-celebra-el-pase-en-la-davis-junto-a-su-premio-as-f202511-n\/\">las ausencias de Carlos Alcaraz<\/a> (1\u00ba) y <a href=\"https:\/\/as.com\/noticias\/alejandro-davidovich-fokina\/\" target=\"_self\" rel=\"nofollow noopener\" title=\"https:\/\/as.com\/noticias\/alejandro-davidovich-fokina\/\">Alejandro Davidovich<\/a> (14\u00ba), <b>las cr\u00edticas vertidas sobre David Ferrer<\/b> y contar con un bloque de tenistas que, si bien no llegaban a la cita como favoritos, est\u00e1n demostrando que, en la Copa Davis, <b>el ranking queda en un plano muy secundario<\/b>.<\/p>\n<p class=\"\"><a href=\"https:\/\/as.com\/tenis\/espana-derrota-a-alemania-en-el-dobles-y-se-mete-en-la-final-f202511-n\/\" target=\"_self\" rel=\"nofollow noopener\" title=\"https:\/\/as.com\/tenis\/espana-derrota-a-alemania-en-el-dobles-y-se-mete-en-la-final-f202511-n\/\">Tras su vibrante victoria ante Alemania en semifinales este s\u00e1bado (2-1)<\/a>, <b>la Selecci\u00f3n jugar\u00e1 su und\u00e9cima final<\/b> de la competici\u00f3n por equipos m\u00e1s prestigiosa del mundo del tenis. <b>Ser\u00e1 ante la anfitriona, Italia<\/b>, que tratar\u00e1 de defender sus dos t\u00edtulos recientes <a href=\"https:\/\/as.com\/tenis\/copa_davis\/sinner-desvela-la-razon-de-su-ausencia-en-la-copa-davis-italia-merece-mucho-mas-f202511-n\/\" target=\"_self\" rel=\"nofollow noopener\" title=\"https:\/\/as.com\/tenis\/copa_davis\/sinner-desvela-la-razon-de-su-ausencia-en-la-copa-davis-italia-merece-mucho-mas-f202511-n\/\">sin su gran estandarte, Jannik Sinner<\/a>. <\/p>\n<p class=\"\">En total, <b>Espa\u00f1a ha disputado diez finales<\/b> de la Copa Davis con un balance favorable, ya que <b>la Ensaladera termin\u00f3 volando a casa en seis ocasiones<\/b>. La \u00faltima, all\u00e1 por 2019, cuando el equipo formado por Rafael Nadal, Pablo Carre\u00f1o, Roberto Bautista, Marcel Granollers y Feliciano L\u00f3pez <b>derrot\u00f3 a Canad\u00e1 (2-0) en la Caja M\u00e1gica de Madrid<\/b>. <\/p>\n<p class=\"\">Con esa victoria, acab\u00f3 con una sequ\u00eda de ocho a\u00f1os sin alzar el t\u00edtulo, ya que el anterior hab\u00eda llegado en 2011 en Sevilla, <b>donde Espa\u00f1a super\u00f3 a Argentina un a\u00f1o antes de haber ca\u00eddo ante la Rep\u00fablica Checa en Praga (3-2)<\/b>.<\/p>\n<p class=\"\">Las Ensaladeras conquistadas en Madrid y Sevilla, <b>en la capital hispalense por partida doble junto a la de 2004<\/b>, no fueron las \u00fanicas en suelo espa\u00f1ol. Y es que <b>la Armada tambi\u00e9n gan\u00f3 las ediciones de 2009 y 2000 en Barcelona<\/b>.<\/p>\n<p class=\"\">Eso s\u00ed, su gran debe en la competici\u00f3n sale a relucir fuera de nuestras fronteras, <b>donde solo ha conseguido ganar una vez<\/b>. <a href=\"https:\/\/as.com\/tenis\/copa_davis\/las-horas-mas-dificiles-de-una-espana-inspirada-en-mar-del-plata-f202511-n\/\" target=\"_self\" rel=\"nofollow noopener\" title=\"https:\/\/as.com\/tenis\/copa_davis\/las-horas-mas-dificiles-de-una-espana-inspirada-en-mar-del-plata-f202511-n\/\">Fue en 2008 tras una gesta hist\u00f3rica en Mar del Plata ante Argentina (1-3)<\/a>. Junto a la mencionada derrota en Praga, <b>su gran bestia negra ha sido Australia<\/b>, conjunto ante el que ha ca\u00eddo hasta en tres ocasiones, todas ellas a domicilio: <b>1965 (Sidney), 1967 (Brisbane) y 2003 (Melbourne)<\/b>.<\/p>\n<tr>A\u00f1oSedeFinalResultadoEquipo<\/tr>\n<tr>\n<td>2019<\/td>\n<td>Madrid<\/td>\n<td>Espa\u00f1a-Canad\u00e1<\/td>\n<td>2-0<\/td>\n<td>Nadal, Bautista, Carre\u00f1o, Granollers y Feliciano<\/td>\n<\/tr>\n<tr>\n<td>2012<\/td>\n<td>Praga<\/td>\n<td>Chequia-Espa\u00f1a<\/td>\n<td>3-2<\/td>\n<td>Ferrer, Almagro, Granollers y M. L\u00f3pez<\/td>\n<\/tr>\n<tr>\n<td>2011<\/td>\n<td>Sevilla<\/td>\n<td>Espa\u00f1a-Argentina<\/td>\n<td>3-1<\/td>\n<td>Nadal, Ferrer, Feliciano, Verdasco y Granollers<\/td>\n<\/tr>\n<tr>\n<td>2009<\/td>\n<td>Barcelona<\/td>\n<td>Espa\u00f1a-Chequia<\/td>\n<td>5-0<\/td>\n<td>Nadal, Verdasco, Ferrer y Feliciano<\/td>\n<\/tr>\n<tr>\n<td>2008<\/td>\n<td>Mar del Plata<\/td>\n<td>Argentina-Espa\u00f1a<\/td>\n<td>1-3<\/td>\n<td>Ferrer, Verdasco, Feliciano y Granollers<\/td>\n<\/tr>\n<tr>\n<td>2004<\/td>\n<td>Sevilla<\/td>\n<td>Espa\u00f1a-EEUU<\/td>\n<td>3-2<\/td>\n<td>Ferrero, Moy\u00e1, Nadal y Robredo<\/td>\n<\/tr>\n<tr>\n<td>2003<\/td>\n<td>Melbourne<\/td>\n<td>Australia-Espa\u00f1a<\/td>\n<td>3-1<\/td>\n<td>Ferrero, Moy\u00e1, Feliciano y Corretja<\/td>\n<\/tr>\n<tr>\n<td>2000<\/td>\n<td>Barcelona<\/td>\n<td>Espa\u00f1a-Australia<\/td>\n<td>3-1<\/td>\n<td>Ferrero, Corretja, Costa y Balcells<\/td>\n<\/tr>\n<tr>\n<td>1967<\/td>\n<td>Brisbane<\/td>\n<td>Australia-Espa\u00f1a<\/td>\n<td>4-1<\/td>\n<td>Santana, Orantes, Arilla y Gisbert<\/td>\n<\/tr>\n<tr>\n<td>1965<\/td>\n<td>S\u00eddney<\/td>\n<td>Australia-Espa\u00f1a<\/td>\n<td>4-1<\/td>\n<td>Santana, Arilla, Gisbert y Coudet<\/td>\n<\/tr>\n<p>Noticias relacionadas<a href=\"https:\/\/as.com\/tenis\/espana-derrota-a-alemania-en-el-dobles-y-se-mete-en-la-final-f202511-n\/\" class=\"s_m_w _rt-16x9\" title=\"Granollers y Mart\u00ednez se llevan el dobles y hacen bueno el triunfo previo de Carre\u00f1o para cargarse a la Alemania de Zverev. Italia, rival en la final.\" data-tb-link=\"\" rel=\"nofollow noopener\" target=\"_blank\"><img decoding=\"async\" src=\"https:\/\/www.europesays.com\/es\/wp-content\/uploads\/2025\/11\/1763847191_116_VFTKGJJTC5L3JLLJCURDA7SPCI.jpg\" alt=\"Espa\u00f1a derrota a Alemania en el dobles y se mete en la final\" class=\"\" height=\"9\" width=\"16\"   loading=\"lazy\" data-tb-thumbnail=\"\"\/><\/a><a href=\"https:\/\/as.com\/tenis\/copa_davis\/marc-lopez-el-capitan-en-la-sombra-de-la-seleccion-espanola-f202511-n\/\" class=\"s_m_w _rt-16x9\" title=\"El catal\u00e1n, oro ol\u00edmpico en 2016 y ganador de un Roland Garros en dobles, vive sus primeras Finales de Copa Davis al lado de David Ferrer, quien asegura que es tan capit\u00e1n como \u00e9l.\" data-tb-link=\"\" rel=\"nofollow noopener\" target=\"_blank\"><img decoding=\"async\" src=\"https:\/\/www.europesays.com\/es\/wp-content\/uploads\/2025\/11\/1763847192_589_T3UMZYJDNFCHHIIQHFW6I5ACPM.jpg\" alt=\"Marc L\u00f3pez, el capit\u00e1n en la sombra de la Selecci\u00f3n espa\u00f1ola\" class=\"\" height=\"9\" width=\"16\"   loading=\"lazy\" data-tb-thumbnail=\"\"\/><\/a><\/p>\n<p class=\"\"><b>\u00a1Tus opiniones importan! <\/b>Comenta en los art\u00edculos y suscr\u00edbete gratis a nuestra <a href=\"https:\/\/asfan.as.com\/newsletters\/\" rel=\"nofollow noopener\" title=\"https:\/\/asfan.as.com\/newsletters\/\" target=\"_blank\">newsletter<\/a> y a las alertas informativas en la <a href=\"https:\/\/as.com\/aplicacion-de-as-n\/\" rel=\"nofollow noopener\" title=\"https:\/\/as.com\/aplicacion-de-as-n\/\" target=\"_blank\">App<\/a> o el canal de <a href=\"https:\/\/www.whatsapp.com\/channel\/0029VaAasdA7j6g745nz9M10\" rel=\"nofollow noopener\" title=\"https:\/\/www.whatsapp.com\/channel\/0029VaAasdA7j6g745nz9M10\" target=\"_blank\">WhatsApp<\/a>.<\/p>\n<p class=\"\">\u00bfBuscas licenciar contenido? Haz clic <a href=\"https:\/\/profesional.elpais.com\/soluciones-sindicacion?utm_medium=interno&amp;utm_source=crosslinking&amp;utm_campaign=sindicacion_as_pie_articulos\" rel=\"nofollow noopener\" title=\"https:\/\/profesional.elpais.com\/soluciones-sindicacion?utm_medium=interno&amp;utm_source=crosslinking&amp;utm_campaign=sindicacion_as_pie_articulos\" target=\"_blank\">aqu\u00ed<\/a><\/p>\n","protected":false},"excerpt":{"rendered":"Contra todo y contra todos. La Armada se ha propuesto hacer historia en Bolonia pese a las ausencias&hellip;\n","protected":false},"author":2,"featured_media":250394,"comment_status":"","ping_status":"","sticky":false,"template":"","format":"standard","meta":{"footnotes":""},"categories":[274],"tags":[168,25,24,23,167,327,326],"class_list":{"0":"post-250393","1":"post","2":"type-post","3":"status-publish","4":"format-standard","5":"has-post-thumbnail","7":"category-tenis","8":"tag-deportes","9":"tag-es","10":"tag-espana","11":"tag-spain","12":"tag-sports","13":"tag-tenis","14":"tag-tennis"},"share_on_mastodon":{"url":"https:\/\/pubeurope.com\/@es\/115595497415781957","error":""},"_links":{"self":[{"href":"https:\/\/www.europesays.com\/es\/wp-json\/wp\/v2\/posts\/250393","targetHints":{"allow":["GET"]}}],"collection":[{"href":"https:\/\/www.europesays.com\/es\/wp-json\/wp\/v2\/posts"}],"about":[{"href":"https:\/\/www.europesays.com\/es\/wp-json\/wp\/v2\/types\/post"}],"author":[{"embeddable":true,"href":"https:\/\/www.europesays.com\/es\/wp-json\/wp\/v2\/users\/2"}],"replies":[{"embeddable":true,"href":"https:\/\/www.europesays.com\/es\/wp-json\/wp\/v2\/comments?post=250393"}],"version-history":[{"count":0,"href":"https:\/\/www.europesays.com\/es\/wp-json\/wp\/v2\/posts\/250393\/revisions"}],"wp:featuredmedia":[{"embeddable":true,"href":"https:\/\/www.europesays.com\/es\/wp-json\/wp\/v2\/media\/250394"}],"wp:attachment":[{"href":"https:\/\/www.europesays.com\/es\/wp-json\/wp\/v2\/media?parent=250393"}],"wp:term":[{"taxonomy":"category","embeddable":true,"href":"https:\/\/www.europesays.com\/es\/wp-json\/wp\/v2\/categories?post=250393"},{"taxonomy":"post_tag","embeddable":true,"href":"https:\/\/www.europesays.com\/es\/wp-json\/wp\/v2\/tags?post=250393"}],"curies":[{"name":"wp","href":"https:\/\/api.w.org\/{rel}","templated":true}]}}