{"id":250395,"date":"2025-11-22T21:34:13","date_gmt":"2025-11-22T21:34:13","guid":{"rendered":"https:\/\/www.europesays.com\/es\/250395\/"},"modified":"2025-11-22T21:34:13","modified_gmt":"2025-11-22T21:34:13","slug":"carlos-verona-cede-el-testigo-a-raul-garcia-pierna-en-el-memorial-ma-isabel-clavero","status":"publish","type":"post","link":"https:\/\/www.europesays.com\/es\/250395\/","title":{"rendered":"Carlos Verona cede el testigo a Ra\u00fal Garc\u00eda Pierna en el Memorial M\u00aa Isabel Clavero"},"content":{"rendered":"<p>\t\t\t&#13;<br \/>\n&#13;<\/p>\n<p><img loading=\"lazy\" decoding=\"async\" src=\"https:\/\/www.europesays.com\/es\/wp-content\/uploads\/2025\/11\/meorial-clavero-cartel-2025-clavero-press.jpg\" width=\"556\" height=\"418\" class=\"setborder\" alt=\"Carlos Verona cede el testigo a Ra\u00fal Garc\u00eda Pierna en el Memorial M\u00aa Isabel Clavero\" title=\"Carlos Verona cede el testigo a Ra\u00fal Garc\u00eda Pierna en el Memorial M\u00aa Isabel Clavero\"\/><br \/>\n&#13;<br \/>\n&#13;<br \/>\n&#13;<br \/>\n<a href=\"https:\/\/www.esciclismo.com\/actualidad\/esciclismo\/\" rel=\"nofollow noopener\" target=\"_blank\">EsCiclismo.com<\/a> \u00b7 <a href=\"https:\/\/www.esciclismo.com\/actualidad\/carretera\/\" rel=\"nofollow noopener\" target=\"_blank\">Competici\u00f3n Carretera<\/a>  \u00b7 22\/11\/2025<\/p>\n<p>Ra\u00fal Garc\u00eda Pierna (Ark\u00e9a-B&amp;B Hotels) se impuso este s\u00e1bado en la manga profesional del XXXIV Memorial Mar\u00eda Isabel Clavero, celebrado en el tradicional circuito urbano del Parque Empresarial de Las Rozas (Madrid), sucediendo as\u00ed en el palmar\u00e9s al madrile\u00f1o Carlos Verona y escribiendo su nombre junto a los de otros ilustres vencedores como Sergio Mart\u00edn, Omar Fraile y Marcos Garc\u00eda.<\/p>\n<p>&#13;<\/p>\n<p><b id=\"P1\"\/>En una jornada festiva que reuni\u00f3 a ciclistas profesionales, \u00e9lite, sub-23, exprofesionales y f\u00e9minas, el corredor de Tres Cantos volvi\u00f3 a brillar en esta cita que ya gan\u00f3 en 2023. Tras completar las 15 vueltas al circuito, Garc\u00eda Pierna cruz\u00f3 la l\u00ednea de meta por delante de Omar Fraile (Ineos Grenadiers), segundo clasificado, y de Pablo Torres (UAE Emirates), que cerr\u00f3 el podio de la prueba m\u00e1s esperada del d\u00eda.<\/p>\n<p>&#13;<br \/>\nJavier Pascual Rodr\u00edguez brilla entre las leyendas&#13;<\/p>\n<p><b id=\"P2\"\/>En la manga reservada para exprofesionales, aut\u00e9ntico espect\u00e1culo para los aficionados rozenses, la victoria fue para Javier Pascual Rodr\u00edguez, que se impuso en un apretado mano a mano a Chechu Rubiera. El asturiano, habitual en esta cita, volvi\u00f3 a demostrar su combatividad, aunque tuvo que conformarse esta vez con la segunda plaza en un final de gran nivel.<\/p>\n<p>&#13;<br \/>\nRepite Almudena Morales en f\u00e9minas&#13;<\/p>\n<p><b id=\"P3\"\/>La manga femenina, que abri\u00f3 la jornada competitiva con diez vueltas al circuito, volvi\u00f3 a coronar a Almudena Morales (Abadi\u00f1o Cycling Academy), que revalid\u00f3 el t\u00edtulo logrado en 2024. La madrile\u00f1a demostr\u00f3 una vez m\u00e1s su velocidad en la llegada, superando a Eva \u00c1ngela, segunda clasificada, en un sprint ajustado que volvi\u00f3 a elevar el nivel de esta categor\u00eda, cada vez m\u00e1s consolidada dentro del Memorial.<\/p>\n<p>&#13;<br \/>\nUna prueba con historia y arraigo en el calendario&#13;<\/p>\n<p><b id=\"P4\"\/>El Memorial Mar\u00eda Isabel Clavero, que en 2025 alcanz\u00f3 su 34\u00aa edici\u00f3n, se ha consolidado como una de las pruebas m\u00e1s emblem\u00e1ticas del calendario ciclista madrile\u00f1o. Desde su creaci\u00f3n, la carrera ha rendido homenaje a la memoria de la hermana del exprofesional Daniel Clavero y ha sabido conjugar la competici\u00f3n con el car\u00e1cter festivo, reuniendo en un mismo d\u00eda a profesionales en activo, leyendas del ciclismo, j\u00f3venes talentos y familias aficionadas a la bicicleta.<\/p>\n<p>&#13;<\/p>\n<p>En su palmar\u00e9s figuran nombres como \u00d3scar Freire, Pedro Delgado, Igor Astarloa, Omar Fraile o Carlos Verona, y con la victoria de Ra\u00fal Garc\u00eda Pierna este s\u00e1bado, se reafirma como una cita imprescindible para cerrar la temporada ciclista en la Comunidad de Madrid.<\/p>\n<p>&#13;<br \/>\n&#13;<br \/>\n&#13;<br \/>\nEsCiclismo &#8211; Todos los derechos reservados. Est\u00e1 prohibido todo tipo de reproducci\u00f3n sin autorizaci\u00f3n expresa escrita.<br \/>&#13;<br \/>\n&#13;<\/p>\n<blockquote class=\"style-3\"><p>\ud83d\udce3<\/p>\n<p>Sigue toda la actualidad del mundo del ciclismo en nuestros canales de <a href=\"https:\/\/bit.ly\/WhatsappEsCiclismo\" target=\"_blank\" rel=\"noopener nofollow\"><b>WhatsApp<\/b><\/a> y <a href=\"https:\/\/bit.ly\/EsciclismoTelegram\" target=\"_blank\" rel=\"noopener nofollow\"><b>Telegram<\/b><\/a>, donde recibiras las noticias m\u00e1s destacadas.<\/p>\n<\/blockquote>\n","protected":false},"excerpt":{"rendered":"&#13; &#13; &#13; &#13; &#13; EsCiclismo.com \u00b7 Competici\u00f3n Carretera \u00b7 22\/11\/2025 Ra\u00fal Garc\u00eda Pierna (Ark\u00e9a-B&amp;B Hotels) se impuso&hellip;\n","protected":false},"author":2,"featured_media":250396,"comment_status":"","ping_status":"","sticky":false,"template":"","format":"standard","meta":{"footnotes":""},"categories":[273],"tags":[31566,8722,31567,415,18152,313,3201,63493,312,168,19849,25,19435,24,3142,31568,13868,15112,1729,2326,205,54107,27671,1932,13052,14043,41737,5993,31565,2032,10571,47620,3397,23,167,63494,7112,1436,42770,63492],"class_list":{"0":"post-250395","1":"post","2":"type-post","3":"status-publish","4":"format-standard","5":"has-post-thumbnail","7":"category-ciclismo","8":"tag-arkea","9":"tag-asi","10":"tag-bb","11":"tag-carlos","12":"tag-celebrado","13":"tag-ciclismo","14":"tag-circuito","15":"tag-clavero","16":"tag-cycling","17":"tag-deportes","18":"tag-empresarial","19":"tag-es","20":"tag-escribiendo","21":"tag-espana","22":"tag-garcia","23":"tag-hotels","24":"tag-ilustres","25":"tag-impuso","26":"tag-isabel","27":"tag-junto","28":"tag-madrid","29":"tag-madrileno","30":"tag-manga","31":"tag-maria","32":"tag-memorial","33":"tag-nombre","34":"tag-palmares","35":"tag-parque","36":"tag-pierna","37":"tag-profesional","38":"tag-raul","39":"tag-rozas","40":"tag-sabado","41":"tag-spain","42":"tag-sports","43":"tag-sucediendo","44":"tag-tradicional","45":"tag-urbano","46":"tag-verona","47":"tag-xxxiv"},"share_on_mastodon":{"url":"https:\/\/pubeurope.com\/@es\/115595500908632088","error":""},"_links":{"self":[{"href":"https:\/\/www.europesays.com\/es\/wp-json\/wp\/v2\/posts\/250395","targetHints":{"allow":["GET"]}}],"collection":[{"href":"https:\/\/www.europesays.com\/es\/wp-json\/wp\/v2\/posts"}],"about":[{"href":"https:\/\/www.europesays.com\/es\/wp-json\/wp\/v2\/types\/post"}],"author":[{"embeddable":true,"href":"https:\/\/www.europesays.com\/es\/wp-json\/wp\/v2\/users\/2"}],"replies":[{"embeddable":true,"href":"https:\/\/www.europesays.com\/es\/wp-json\/wp\/v2\/comments?post=250395"}],"version-history":[{"count":0,"href":"https:\/\/www.europesays.com\/es\/wp-json\/wp\/v2\/posts\/250395\/revisions"}],"wp:featuredmedia":[{"embeddable":true,"href":"https:\/\/www.europesays.com\/es\/wp-json\/wp\/v2\/media\/250396"}],"wp:attachment":[{"href":"https:\/\/www.europesays.com\/es\/wp-json\/wp\/v2\/media?parent=250395"}],"wp:term":[{"taxonomy":"category","embeddable":true,"href":"https:\/\/www.europesays.com\/es\/wp-json\/wp\/v2\/categories?post=250395"},{"taxonomy":"post_tag","embeddable":true,"href":"https:\/\/www.europesays.com\/es\/wp-json\/wp\/v2\/tags?post=250395"}],"curies":[{"name":"wp","href":"https:\/\/api.w.org\/{rel}","templated":true}]}}