{"id":25040,"date":"2025-08-04T13:04:07","date_gmt":"2025-08-04T13:04:07","guid":{"rendered":"https:\/\/www.europesays.com\/es\/25040\/"},"modified":"2025-08-04T13:04:07","modified_gmt":"2025-08-04T13:04:07","slug":"de-la-posible-vuelta-de-informativos-a-un-espacio-matinal-con-fecha-prevista","status":"publish","type":"post","link":"https:\/\/www.europesays.com\/es\/25040\/","title":{"rendered":"de la posible vuelta de informativos a un espacio matinal con fecha prevista"},"content":{"rendered":"<p class=\"article-text\">\n        <strong>La 2<\/strong> de <strong>RTVE <\/strong>est\u00e1 viviendo un rese\u00f1able <a href=\"https:\/\/www.eldiario.es\/vertele\/audiencias-tv\/mes-julio-2025-antena-3-lidera-la1-rtve-celebra-mejor-ano-telecinco-bate-record-negativo-crisis-minimo_1_12503711.html\" target=\"_blank\" data-mrf-recirculation=\"links-noticia\" class=\"link\" rel=\"nofollow noopener\">ascenso en audiencias<\/a> despu\u00e9s de que desde hace un a\u00f1o y medio la cadena p\u00fablica haya decidido impulsar la producci\u00f3n propia para su segundo canal, con formatos como <strong>Cifras y letras<\/strong>, <strong>Malas lenguas<\/strong>, el <strong>Late Xou<\/strong><strong> de Marc Gir\u00f3<\/strong> que acab\u00f3 &#8216;ascendiendo&#8217; a La 1; o formatos como <strong>Pasa sin llamar<\/strong> o <strong>Al cielo con ellas<\/strong>, que han saltado a La 2 tras ser concebidos inicialmente para la &#8216;primera&#8217; y para <strong>RTVE Play<\/strong>, respectivmaente.\n    <\/p>\n<p>    <a href=\"https:\/\/www.eldiario.es\/noticias\/silvia-intxaurrondo-vuelve-la-hora-de-la-1-inicia-etapa-solitario-rtve-discreta-salida-marc-sala_1_12512684.html\" data-mrf-recirculation=\"saber-mas\" data-dl-event=\"saber-mas\" rel=\"nofollow noopener\" target=\"_blank\"><\/p>\n<p class=\"know-more__title\">Silvia Intxaurrondo vuelve a &#8216;La hora de La 1&#8217; e inicia su etapa en solitario en RTVE tras la discreta salida de Marc Sala<\/p>\n<p>            <img decoding=\"async\" class=\"lazy\" loading=\"lazy\" data-src=\"https:\/\/static.eldiario.es\/clip\/b26141ef-aa81-496f-a2b7-5e24a58f01a1_16-9-aspect-ratio_default_0.jpg\" src=\"data:image\/svg+xml,%3Csvg xmlns=\" http:=\"\" viewbox=\"0 0 880 495\" alt=\"Silvia Intxaurrondo vuelve a 'La hora de La 1' e inicia su etapa en solitario en RTVE tras la discreta salida de Marc Sala\"\/><\/p>\n<p>                        <\/a><\/p>\n<p class=\"article-text\">\n        Una apuesta que ha hecho crecer a la segunda cadena de la &#8216;televisi\u00f3n de todos&#8217; a <strong>un 3.3% en su media mensual de julio<\/strong>, medio punto m\u00e1s que aquel 2.8% que registr\u00f3 en el comienzo de curso el pasado mes de septiembre, y que podr\u00eda tener continuidad durante la pr\u00f3xima temporada, tal y como ha avanzado <strong>Sergio Calder\u00f3n<\/strong>, director de <strong>TVE<\/strong>, en unas declaraciones para <a href=\"https:\/\/elpais.com\/television\/2025-08-03\/el-futuro-de-la-2-tras-su-ascenso-en-audiencias-planea-recuperar-sus-informativos-y-reforzar-sus-mananas-con-un-espacio-en-directo.html\" target=\"_blank\" data-mrf-recirculation=\"links-noticia\" class=\"link\" rel=\"nofollow noopener\">El Pa\u00eds<\/a>.\n    <\/p>\n<p class=\"article-text\">\n        Seg\u00fan el responsable, la idea es seguir trabajando en una programaci\u00f3n diaria estable que ayude a consolidar la identidad y el seguimiento cosechado hasta ahora por La 2. En esa l\u00ednea, Calder\u00f3n pone en valor <strong>la vuelta al directo en el segundo canal de RTVE<\/strong> de la mano de Malas lenguas -duplicado ahora con un primer tramo en La 1-, que \u201cha logrado los mejores resultados en esa franja [la de La 2] en m\u00e1s de 15 a\u00f1os\u201d. Algo que atribuye \u201cal trabajo de los profesionales de la casa, que han demostrado una encomiable labor poniendo en marcha en apenas seis meses muchas m\u00e1s horas de producci\u00f3n en directo\u201d.\n    <\/p>\n<p>            <img decoding=\"async\" class=\"lazy\" loading=\"lazy\" data-src=\"https:\/\/static.eldiario.es\/clip\/33f177ab-94a4-40f7-9563-bd2a342b5b40_16-9-discover-aspect-ratio_default_0.jpg\" src=\"data:image\/svg+xml,%3Csvg xmlns=\" http:=\"\" viewbox=\"0 0 1200 675\" alt=\"Jes\u00fas Cintora, en una entrega de 'Malas lenguas'\"\/><\/p>\n<p>    De la vuelta de los informativos a un matinal ideado para 2026<\/p>\n<p class=\"article-text\">\n        Para Calder\u00f3n, esa es la hoja de ruta deben seguir, con la intenci\u00f3n de que La 2 deje de transmitir esa idea de ser un canal contenedor como los tem\u00e1ticos de la TDT. Preguntado sobre si una de las ideas que la p\u00fablica tiene en mente es el regreso a La 2 de sus propios informativos, el director de TVE matiza que, en caso de suceder, <strong>no podr\u00eda hacerse con la marca<\/strong><strong> La 2 Noticias.<\/strong><strong> <\/strong>\n    <\/p>\n<p class=\"article-text\">\n        \u201cFue un producto que todos admiramos y de una enorme calidad. Pero<strong> tenemos que recuperar unos informativos en un contexto adecuado, aplicado los tiempos de hoy<\/strong>, en los que se demanda un consumo de noticias muy distinto\u201d, esboza el responsable, sin profundizar m\u00e1s en el asunto, antes de pronunciarse sobre los planes de TVE para las ma\u00f1anas de La 2.\n    <\/p>\n<p class=\"article-text\">\n        \u201cEs un momento del d\u00eda en el que evidentemente tenemos el deber y la obligaci\u00f3n de construir un nuevo espacio de producci\u00f3n propia\u201d, se\u00f1ala Calder\u00f3n al citado medio, que asegura que ese nuevo programa est\u00e1 <strong>pensado para estrenarse a comienzos de 2026<\/strong>, abordando temas como la cultura o el medio ambiente, entre otros asuntos de inter\u00e9s p\u00fablico.\n    <\/p>\n<p>    <a href=\"https:\/\/www.eldiario.es\/vertele\/audiencias-tv\/domingo-3-agosto-2025-agarrate-al-sillon-sube-susto-rafa-castano-bate-record-experimento-tarde-dominical-telecinco_1_12512401.html\" data-mrf-recirculation=\"saber-mas-abajo\" data-dl-event=\"saber-mas-abajo\" rel=\"nofollow noopener\" target=\"_blank\"><\/p>\n<p class=\"know-more__title\">&#8216;Ag\u00e1rrate al sill\u00f3n&#8217; (10.3%) sube tras el susto con Rafa Casta\u00f1o y bate r\u00e9cord en su experimento en la tarde dominical\n<\/p>\n<p>            <img decoding=\"async\" class=\"lazy\" loading=\"lazy\" data-src=\"https:\/\/static.eldiario.es\/clip\/45321994-49bb-4dba-84d5-24fc61880f75_16-9-aspect-ratio_default_0.jpg\" src=\"data:image\/svg+xml,%3Csvg xmlns=\" http:=\"\" viewbox=\"0 0 880 495\" alt=\"'Ag\u00e1rrate al sill\u00f3n' (10.3%) sube tras el susto con Rafa Casta\u00f1o y bate r\u00e9cord en su experimento en la tarde dominical\"\/><\/p>\n<p>                        <\/a><\/p>\n<p class=\"article-text\">\n        Por otro lado, Sergio Calder\u00f3n anticipa adem\u00e1s la intenci\u00f3n de TVE de apostar por <strong>un formato musical para La 2<\/strong> y <strong>otro de humor <\/strong>en colaboraci\u00f3n con RTVE Play que permita dar visibilidad a \u201crostros emergentes que luego puedan llegar a tener un viaje mucho m\u00e1s all\u00e1 de la de la pantalla digital\u201d.\n    <\/p>\n","protected":false},"excerpt":{"rendered":"La 2 de RTVE est\u00e1 viviendo un rese\u00f1able ascenso en audiencias despu\u00e9s de que desde hace un a\u00f1o&hellip;\n","protected":false},"author":2,"featured_media":25041,"comment_status":"","ping_status":"","sticky":false,"template":"","format":"standard","meta":{"footnotes":""},"categories":[171],"tags":[10903,146,147,25,10558,24,1151,10848,1783,14053,10,1042,8677,2397,1784,518,23,214,1357],"class_list":{"0":"post-25040","1":"post","2":"type-post","3":"status-publish","4":"format-standard","5":"has-post-thumbnail","7":"category-tv","8":"tag-10903","9":"tag-entertainment","10":"tag-entretenimiento","11":"tag-es","12":"tag-espacio","13":"tag-espana","14":"tag-fecha","15":"tag-informativos","16":"tag-la","17":"tag-matinal","18":"tag-noticias","19":"tag-perfila","20":"tag-planes","21":"tag-posible","22":"tag-prevista","23":"tag-rtve","24":"tag-spain","25":"tag-tv","26":"tag-vuelta"},"share_on_mastodon":{"url":"","error":""},"_links":{"self":[{"href":"https:\/\/www.europesays.com\/es\/wp-json\/wp\/v2\/posts\/25040","targetHints":{"allow":["GET"]}}],"collection":[{"href":"https:\/\/www.europesays.com\/es\/wp-json\/wp\/v2\/posts"}],"about":[{"href":"https:\/\/www.europesays.com\/es\/wp-json\/wp\/v2\/types\/post"}],"author":[{"embeddable":true,"href":"https:\/\/www.europesays.com\/es\/wp-json\/wp\/v2\/users\/2"}],"replies":[{"embeddable":true,"href":"https:\/\/www.europesays.com\/es\/wp-json\/wp\/v2\/comments?post=25040"}],"version-history":[{"count":0,"href":"https:\/\/www.europesays.com\/es\/wp-json\/wp\/v2\/posts\/25040\/revisions"}],"wp:featuredmedia":[{"embeddable":true,"href":"https:\/\/www.europesays.com\/es\/wp-json\/wp\/v2\/media\/25041"}],"wp:attachment":[{"href":"https:\/\/www.europesays.com\/es\/wp-json\/wp\/v2\/media?parent=25040"}],"wp:term":[{"taxonomy":"category","embeddable":true,"href":"https:\/\/www.europesays.com\/es\/wp-json\/wp\/v2\/categories?post=25040"},{"taxonomy":"post_tag","embeddable":true,"href":"https:\/\/www.europesays.com\/es\/wp-json\/wp\/v2\/tags?post=25040"}],"curies":[{"name":"wp","href":"https:\/\/api.w.org\/{rel}","templated":true}]}}