{"id":250403,"date":"2025-11-22T21:41:13","date_gmt":"2025-11-22T21:41:13","guid":{"rendered":"https:\/\/www.europesays.com\/es\/250403\/"},"modified":"2025-11-22T21:41:13","modified_gmt":"2025-11-22T21:41:13","slug":"tener-tres-trabajos-es-fantastico-no-pasa-nada-mi-padre-tenia-seis-hay-que-llegar-a-fin-de-mes","status":"publish","type":"post","link":"https:\/\/www.europesays.com\/es\/250403\/","title":{"rendered":"Tener tres trabajos es fant\u00e1stico, no pasa nada. Mi padre ten\u00eda seis. Hay que llegar a fin de mes"},"content":{"rendered":"<p data-gtm-element-container=\"modulo-texto-link\" class=\"paragraph\">En un antiguo programa de &#8216;LaSexta Xplica&#8217;, el economista <strong>Gonzalo Bernardos<\/strong> se ve\u00eda enzarzado hace unos meses en un debate de dicho programa tras protagonizar una declaraci\u00f3n que no cay\u00f3 en saco roto. En concreto, todo comenz\u00f3 cuando uno de los participantes del debate preguntaba a Bernardos <strong>c\u00f3mo har\u00eda \u00e9l \u00abpara vivir con tres trabajos, 2.600 euros mensuales, tres ni\u00f1os, hipoteca y pagar todo\u00bb<\/strong>.<\/p>\n<p data-gtm-element-container=\"modulo-texto-link\" class=\"paragraph\">Para responder al trabajador, Bernardos se dirig\u00eda a Sonia, otra de las integrantes del debate del programa ese d\u00eda. El profesor de econom\u00eda preguntaba a la mujer cu\u00e1ntas horas trabajaba a la semana. \u00ab80 o 90, no exagero\u00bb, respond\u00eda.\u00a0 A lo que Bernardos a\u00f1ad\u00eda que <strong>\u00abtener tres trabajos es fant\u00e1stico, no pasa nada. Mi padre ten\u00eda seis. Hay que llegar a fin de mes\u00bb<\/strong>.<\/p>\n<p>                <img loading=\"lazy\" decoding=\"async\" data-full-src=\"https:\/\/www.mundodeportivo.com\/uploads\/2025\/10\/20\/68f5f45b41637.jpeg\" alt=\"Gonzalo Bernardos, en 'laSexta Xplica'\" width=\"449\" height=\"253\" src=\"https:\/\/www.europesays.com\/es\/wp-content\/uploads\/2025\/11\/68f5f45b41637.r_d.964-559.jpeg\" class=\"lazy\"\/><\/p>\n<p class=\"caption-title \">Gonzalo Bernardos, en &#8216;laSexta Xplica&#8217;<\/p>\n<p>                    Captura laSexta<\/p>\n<p data-gtm-element-container=\"modulo-texto-link\" class=\"paragraph\">No es esta la \u00fanica declaraci\u00f3n pol\u00e9mica que el experto economista ha dejado en un programa de &#8216;LaSexta Xplica&#8217;. En otra reciente edici\u00f3n de este formato, llamado a intervenir cuando se h<strong>ablaba del motivo por el que la natalidad no remonta en Espa\u00f1a<\/strong>, Bernardos <strong>apuntaba directamente a los j\u00f3venes<\/strong>. Y lo hac\u00eda con un argumento que recibi\u00f3 duras cr\u00edticas en directo.<\/p>\n<p>    Lee tambi\u00e9n<\/p>\n<p data-gtm-element-container=\"modulo-texto-link\" class=\"paragraph\">\u00abYo no reivindico que se tengan siete hijos, pero s\u00ed que reivindico que la gente pueda y quiera tener hijos. Pero lo que pasa es que, <strong>en Espa\u00f1a, la adolescencia ha cambiado. No es de 15 a 18 a\u00f1os. Llega hasta los 35<\/strong>. Y la gente lo que quiere es disfrutar, disfrutar y disfrutar. Y, <strong>si tienen hijos, pueden viajar menos, pueden disfrutar menos<\/strong>. Por lo tanto, no se tienen hijos\u00bb, relacionaba el economista.<\/p>\n<p>                <img loading=\"lazy\" decoding=\"async\" data-full-src=\"https:\/\/www.mundodeportivo.com\/uploads\/2025\/10\/05\/68e2a949178aa.jpeg\" alt=\"Gonzalo Bernardos, en 'laSexta Xplica'\" width=\"449\" height=\"252\" src=\"https:\/\/www.europesays.com\/es\/wp-content\/uploads\/2025\/11\/68e2a949178aa.r_d.816-444.jpeg\" class=\"lazy\"\/><\/p>\n<p class=\"caption-title \">Gonzalo Bernardos, en &#8216;laSexta Xplica&#8217;<\/p>\n<p>                    Captura laSexta<\/p>\n<p data-gtm-element-container=\"modulo-texto-link\" class=\"paragraph\">\u00abY este es un problema de los j\u00f3venes. <strong>No tiene que ver con el dinero. Hace 30 o 40 a\u00f1os se ten\u00eda menos<\/strong>\u00ab, dec\u00eda en el programa. Adem\u00e1s, completar\u00eda esa declaraci\u00f3n con una publicaci\u00f3n en su perfil de Twitter. \u00abLeo en X que nacen pocos ni\u00f1os porque los salarios son bajos y dif\u00edcil el acceso a una vivienda. <strong>Si esa fuera la principal raz\u00f3n, Espa\u00f1a se habr\u00eda despoblado durante los a\u00f1os 40 y 50<\/strong>. La tasa de natalidad de los extranjeros no ser\u00eda mayor que la de los espa\u00f1oles\u00bb.<\/p>\n","protected":false},"excerpt":{"rendered":"En un antiguo programa de &#8216;LaSexta Xplica&#8217;, el economista Gonzalo Bernardos se ve\u00eda enzarzado hace unos meses en&hellip;\n","protected":false},"author":2,"featured_media":250404,"comment_status":"","ping_status":"","sticky":false,"template":"","format":"standard","meta":{"footnotes":""},"categories":[171],"tags":[146,147,25,24,23,214],"class_list":{"0":"post-250403","1":"post","2":"type-post","3":"status-publish","4":"format-standard","5":"has-post-thumbnail","7":"category-tv","8":"tag-entertainment","9":"tag-entretenimiento","10":"tag-es","11":"tag-espana","12":"tag-spain","13":"tag-tv"},"share_on_mastodon":{"url":"https:\/\/pubeurope.com\/@es\/115595529536910537","error":""},"_links":{"self":[{"href":"https:\/\/www.europesays.com\/es\/wp-json\/wp\/v2\/posts\/250403","targetHints":{"allow":["GET"]}}],"collection":[{"href":"https:\/\/www.europesays.com\/es\/wp-json\/wp\/v2\/posts"}],"about":[{"href":"https:\/\/www.europesays.com\/es\/wp-json\/wp\/v2\/types\/post"}],"author":[{"embeddable":true,"href":"https:\/\/www.europesays.com\/es\/wp-json\/wp\/v2\/users\/2"}],"replies":[{"embeddable":true,"href":"https:\/\/www.europesays.com\/es\/wp-json\/wp\/v2\/comments?post=250403"}],"version-history":[{"count":0,"href":"https:\/\/www.europesays.com\/es\/wp-json\/wp\/v2\/posts\/250403\/revisions"}],"wp:featuredmedia":[{"embeddable":true,"href":"https:\/\/www.europesays.com\/es\/wp-json\/wp\/v2\/media\/250404"}],"wp:attachment":[{"href":"https:\/\/www.europesays.com\/es\/wp-json\/wp\/v2\/media?parent=250403"}],"wp:term":[{"taxonomy":"category","embeddable":true,"href":"https:\/\/www.europesays.com\/es\/wp-json\/wp\/v2\/categories?post=250403"},{"taxonomy":"post_tag","embeddable":true,"href":"https:\/\/www.europesays.com\/es\/wp-json\/wp\/v2\/tags?post=250403"}],"curies":[{"name":"wp","href":"https:\/\/api.w.org\/{rel}","templated":true}]}}