{"id":250405,"date":"2025-11-22T21:42:38","date_gmt":"2025-11-22T21:42:38","guid":{"rendered":"https:\/\/www.europesays.com\/es\/250405\/"},"modified":"2025-11-22T21:42:38","modified_gmt":"2025-11-22T21:42:38","slug":"ariana-grande-da-una-noticia-que-entristece-a-sus-fans","status":"publish","type":"post","link":"https:\/\/www.europesays.com\/es\/250405\/","title":{"rendered":"Ariana Grande da una noticia que entristece a sus fans"},"content":{"rendered":"<p><strong>La\u00a0noticia\u00a0ha\u00a0sacudido\u00a0a sus\u00a0seguidores<\/strong>\u00a0en\u00a0todo\u00a0el\u00a0mundo:<strong> <\/strong><a href=\"https:\/\/www.instagram.com\/arianagrande\/?hl=es\" target=\"_blank\" rel=\"noreferrer noopener nofollow\"><strong>Ariana Grande<\/strong> <\/a>se\u00a0prepara\u00a0para\u00a0un giro en su vida.<\/p>\n<p>M\u00e1s noticias<\/p>\n<p>La <strong>estrella pop\u00a0<\/strong>anunci\u00f3\u00a0que\u00a0su\u00a0pr\u00f3ximo\u00a0<strong>Eternal Sunshine Tour<\/strong>\u00a0ser\u00e1\u00a0<strong>el\u00a0\u00faltimo\u00a0en\u00a0mucho\u00a0tiempo.<\/strong> <\/p>\n<p>La\u00a0artista\u00a0quiere\u00a0<strong>entregarlo\u00a0todo\u00a0<\/strong>en\u00a0esta\u00a0serie\u00a0de\u00a0conciertos,\u00a0que\u00a0considera\u00a0una\u00a0<strong>\u201c\u00faltima\u00a0celebraci\u00f3n\u201d<\/strong>.\u00a0<\/p>\n<p><strong>\ud83c\udfa4 Ariana Grande: Un adi\u00f3s que resuena<\/strong><\/p>\n<p>La cantante de <strong>Boca Rat\u00f3n, Florida<\/strong>, abri\u00f3 su coraz\u00f3n en el <strong>p\u00f3dcast <a href=\"https:\/\/www.youtube.com\/watch?v=sqF-GLIjzxk\" target=\"_blank\" rel=\"noreferrer noopener nofollow\">Good Hang de Amy Poehler<\/a><\/strong>. All\u00ed, Ariana Grande confes\u00f3 que <strong>el tour ser\u00e1 su \u201c\u00faltimo gran adi\u00f3s\u201d<\/strong> antes de tomarse <strong>un descanso indefinido de los escenarios.<\/strong> <\/p>\n<p>La int\u00e9rprete confirm\u00f3 su <strong>deseo de no volver a embarcarse en algo as\u00ed <\/strong>\u201cen mucho, mucho, mucho tiempo\u201d, seg\u00fan report\u00f3 <a href=\"https:\/\/los40.com\/2025\/11\/19\/ariana-grande-se-despide-de-los-escenarios-durante-mucho-mucho-mucho-tiempo\/\" target=\"_blank\" rel=\"noreferrer noopener nofollow\">Los 40<\/a>. Por eso, su motivaci\u00f3n es <strong>\u201centregarlo todo\u201d a sus fans.<\/strong><\/p>\n<p><strong>\u2728 Transformaci\u00f3n: Los nuevos caminos de la artista<\/strong><\/p>\n<p>La<strong> carrera pop de la artista <\/strong>\u201ctom\u00f3 el control\u201d de su vida de una manera inesperada. Ahora, <strong>Ariana Grande reflexiona sobre su evoluci\u00f3n musical<\/strong> y su incursi\u00f3n en nuevas facetas creativas, especialmente en<strong> la actuaci\u00f3n<\/strong>. <\/p>\n<p>La cantante asegur\u00f3 que <strong>los pr\u00f3ximos a\u00f1os ser\u00e1n muy diferentes a la \u00faltima d\u00e9cada <\/strong>o quince, tal como lo cita <a href=\"https:\/\/www.marca.com\/tiramillas\/musica\/2025\/11\/19\/ariana-grande-pone-fecha-retirada-temporal-escenarios-gira-ethernal-sunshine-precioso.html\" target=\"_blank\" rel=\"noreferrer noopener nofollow\">Marca<\/a>.<\/p>\n<p><strong>No te pierdas de\u00a0leer:<\/strong> <a href=\"https:\/\/www.elcomercio.com\/tendencias\/disco-postumo-paulina-tamayo-lanzamiento\/\" target=\"_blank\" rel=\"noreferrer noopener nofollow\">El disco p\u00f3stumo de Paulina Tamayo ya tiene fecha de lanzamiento<\/a><\/p>\n<p><strong>\ud83c\udfac La magia de \u2018Wicked\u2019: Un nuevo impulso<\/strong><\/p>\n<p>Su papel como Glinda en l<strong>as adaptaciones cinematogr\u00e1ficas de <a href=\"https:\/\/www.youtube.com\/watch?v=I5FMRnh8-qs\" target=\"_blank\" rel=\"noreferrer noopener nofollow\">\u2018Wicked\u2019<\/a> fue clave<\/strong>. La experiencia de la filmaci\u00f3n le permiti\u00f3 <strong>redescubrir su pasi\u00f3n por la m\u00fasica<\/strong>, lo que la inspir\u00f3 a crear el \u00e1lbum <strong>\u2018Eternal Sunshine\u2019. <\/strong><\/p>\n<p>Sin embargo, este proyecto <strong>tambi\u00e9n reforz\u00f3 su deseo de enfocarse en otros compromisos <\/strong>y en proyectos \u201cmenos demandantes\u201d que una gira mundial.<\/p>\n<p><strong>\u2753 \u00bfUn adi\u00f3s definitivo? El suspenso de su futuro<\/strong><\/p>\n<p>La gira est\u00e1 programada para a<strong>compa\u00f1ar el lanzamiento de su \u00e1lbum de 2024 <\/strong>y comenzar\u00e1 en junio de 2026. <\/p>\n<p>Las fechas<strong> incluyen ciudades como Los \u00c1ngeles, Londres y Chicago<\/strong>, en lo que ser\u00e1 su primer tour desde 2019. <\/p>\n<p><strong>Te puede interesar:<\/strong> <a href=\"https:\/\/www.elcomercio.com\/afull\/cine-y-series\/muertes-personajes-simpson-television\/\" target=\"_blank\" rel=\"noreferrer noopener nofollow\">\u2018Los Simpson\u2019: En fotos, los 10 personajes que han muerto en la serie de Fox<\/a><\/p>\n<p>Aunque Ariana Grande ha sido cautelosa al decir que <strong>\u201cno quiero decir nada definitivo\u201d<\/strong>, no existen planes concretos para <strong>un regreso a los escenarios tras el Eternal Sunshine Tour<\/strong>. <\/p>\n<p>La noticia genera una <strong>oleada de nostalgia y expectaci\u00f3n entre sus fans.<\/strong><\/p>\n<p>Te recomendamos:\u00a0\u00a0  <script async src=\"\/\/www.instagram.com\/embed.js\"><\/script><\/p>\n","protected":false},"excerpt":{"rendered":"La\u00a0noticia\u00a0ha\u00a0sacudido\u00a0a sus\u00a0seguidores\u00a0en\u00a0todo\u00a0el\u00a0mundo: Ariana Grande se\u00a0prepara\u00a0para\u00a0un giro en su vida. M\u00e1s noticias La estrella pop\u00a0anunci\u00f3\u00a0que\u00a0su\u00a0pr\u00f3ximo\u00a0Eternal Sunshine Tour\u00a0ser\u00e1\u00a0el\u00a0\u00faltimo\u00a0en\u00a0mucho\u00a0tiempo. La\u00a0artista\u00a0quiere\u00a0entregarlo\u00a0todo\u00a0en\u00a0esta\u00a0serie\u00a0de\u00a0conciertos,\u00a0que\u00a0considera\u00a0una\u00a0\u201c\u00faltima\u00a0celebraci\u00f3n\u201d.\u00a0 \ud83c\udfa4&hellip;\n","protected":false},"author":2,"featured_media":250406,"comment_status":"","ping_status":"","sticky":false,"template":"","format":"standard","meta":{"footnotes":""},"categories":[170],"tags":[30465,1830,146,147,25,24,63496,4883,184,185,23,48409],"class_list":{"0":"post-250405","1":"post","2":"type-post","3":"status-publish","4":"format-standard","5":"has-post-thumbnail","7":"category-musica","8":"tag-ariana-grande","9":"tag-artista","10":"tag-entertainment","11":"tag-entretenimiento","12":"tag-es","13":"tag-espana","14":"tag-eternal-sunshine-tour","15":"tag-giras","16":"tag-music","17":"tag-musica","18":"tag-spain","19":"tag-wicked"},"share_on_mastodon":{"url":"https:\/\/pubeurope.com\/@es\/115595532360033215","error":""},"_links":{"self":[{"href":"https:\/\/www.europesays.com\/es\/wp-json\/wp\/v2\/posts\/250405","targetHints":{"allow":["GET"]}}],"collection":[{"href":"https:\/\/www.europesays.com\/es\/wp-json\/wp\/v2\/posts"}],"about":[{"href":"https:\/\/www.europesays.com\/es\/wp-json\/wp\/v2\/types\/post"}],"author":[{"embeddable":true,"href":"https:\/\/www.europesays.com\/es\/wp-json\/wp\/v2\/users\/2"}],"replies":[{"embeddable":true,"href":"https:\/\/www.europesays.com\/es\/wp-json\/wp\/v2\/comments?post=250405"}],"version-history":[{"count":0,"href":"https:\/\/www.europesays.com\/es\/wp-json\/wp\/v2\/posts\/250405\/revisions"}],"wp:featuredmedia":[{"embeddable":true,"href":"https:\/\/www.europesays.com\/es\/wp-json\/wp\/v2\/media\/250406"}],"wp:attachment":[{"href":"https:\/\/www.europesays.com\/es\/wp-json\/wp\/v2\/media?parent=250405"}],"wp:term":[{"taxonomy":"category","embeddable":true,"href":"https:\/\/www.europesays.com\/es\/wp-json\/wp\/v2\/categories?post=250405"},{"taxonomy":"post_tag","embeddable":true,"href":"https:\/\/www.europesays.com\/es\/wp-json\/wp\/v2\/tags?post=250405"}],"curies":[{"name":"wp","href":"https:\/\/api.w.org\/{rel}","templated":true}]}}