{"id":250409,"date":"2025-11-22T21:44:15","date_gmt":"2025-11-22T21:44:15","guid":{"rendered":"https:\/\/www.europesays.com\/es\/250409\/"},"modified":"2025-11-22T21:44:15","modified_gmt":"2025-11-22T21:44:15","slug":"temporada-2025-26-laliga-hypermotion-jornada-15-c-d-leganes-u-d-almeria-c-d-leganes","status":"publish","type":"post","link":"https:\/\/www.europesays.com\/es\/250409\/","title":{"rendered":"Temporada 2025\/26 | LALIGA Hypermotion | Jornada 15 | C.D. Legan\u00e9s &#8211; U.D. Almer\u00eda &#8211; C.D. Legan\u00e9s"},"content":{"rendered":"<p><strong>El C.D. Legan\u00e9s no pudo sumar en su encuentro de la decimoquinta jornada ante la U.D. Almer\u00eda en el Estadio Ontime Butarque (0-3). Embarba, Chirino y Arnau marcaron los tantos para los andaluces.<\/strong><\/p>\n<p>Repet\u00eda once Paco L\u00f3pez con respecto a la \u00faltima jornada, formando con el mismo equipo titular que venc\u00eda el pasado fin de semana en Ceuta. La ten\u00eda para empezar el Lega en el 6\u2019 con una oportunidad clara para Duk, que se plantaba en el mano a mano ante Andr\u00e9s Fern\u00e1ndez tras un env\u00edo de Diawara, pero el guardameta almeriense deten\u00eda con el pie. Sin embargo, el Almer\u00eda se iba a adelantar en el 10\u2019 por mediaci\u00f3n de Embarba, que bat\u00eda a Juan Soriano con un latigazo lejano que supon\u00eda el 0-1.<\/p>\n<p>Embarba adelantaba al Almer\u00eda en la primera mitad<\/p>\n<p>Trataba de reaccionar el Lega y dar continuidad a su buen inicio de partido con un tiro de Juan Cruz que repel\u00eda la zaga almeriense. Reclamaba penalti el Legan\u00e9s en el 23\u2019 en una ca\u00edda de Duk que el colegiado no consideraba punible, y en el 24\u2019 era Rub\u00e9n Pe\u00f1a quien la ten\u00eda tras una buena internada que repel\u00eda Andr\u00e9s Fern\u00e1ndez. Otra para Ciss\u00e9 en el 26\u2019 para un Legan\u00e9s que merec\u00eda mejor suerte.<\/p>\n<p>Otra para Duk en el 35\u2019 de libre directo que se marchaba ligeramente desviado, y poco despu\u00e9s otro intento de chilena que se iba por poco. Con buenas sensaciones para el Lega, pero por detr\u00e1s en el marcador, se llegaba al descanso.<\/p>\n<p>Chirino, al comienzo de la segunda parte, y Arnau, ya al final, sentenciaban el encuentro<\/p>\n<p>Comenzaba la segunda parte con otra ocasi\u00f3n clar\u00edsima para el Legan\u00e9s en la cabeza de Ciss\u00e9 tras una gran asistencia de Rub\u00e9n Pe\u00f1a, que repel\u00eda de nuevo Andr\u00e9s. Reclamaba penalti de nuevo Pe\u00f1a en el 47\u2019 en una acci\u00f3n en la que ca\u00eda dentro del \u00e1rea, pero el colegiado no consideraba suficiente el contacto. Sin embargo, en el 50\u2019 el Almer\u00eda duplicaba su ventaja en una acci\u00f3n individual de Chirino que lograba batir a Juan Soriano y marcar el 0-2.<\/p>\n<p>Buscaba la reacci\u00f3n ante la adversidad el Legan\u00e9s, con un doble cambio en el 57\u2019 entrando Melero y Miguel en lugar de Lalo y Diego Garc\u00eda. Apenas tres minutos despu\u00e9s, Paco L\u00f3pez se ve\u00eda obligado a realizar otra sustituci\u00f3n por la lesi\u00f3n de Rub\u00e9n Pe\u00f1a, entrando Roberto L\u00f3pez en su lugar. La ten\u00eda en el 70\u2019 Miguel para acortar distancias tras un gol anulado por el VAR a Embarba, pero su remate sal\u00eda ligeramente alto. Ya en el 83\u2019, \u00faltimos cambios blanquiazules, entrando Figueredo y Pauwels por Jorge S\u00e1enz y Naim.<\/p>\n<p>Ya en el 89\u2019, Arnau marcaba el definitivo 0-3 tras una acci\u00f3n a la contra del Almer\u00eda que sentenciaba el partido. El Legan\u00e9s se queda con 18 puntos en la clasificaci\u00f3n y su pr\u00f3ximo encuentro ser\u00e1 el domingo 30 (14:00 horas) a domicilio frente al Real Zaragoza.<\/p>\n","protected":false},"excerpt":{"rendered":"El C.D. Legan\u00e9s no pudo sumar en su encuentro de la decimoquinta jornada ante la U.D. Almer\u00eda en&hellip;\n","protected":false},"author":2,"featured_media":250410,"comment_status":"","ping_status":"","sticky":false,"template":"","format":"standard","meta":{"footnotes":""},"categories":[93],"tags":[168,25,24,63498,4174,63497,57565,23,167],"class_list":{"0":"post-250409","1":"post","2":"type-post","3":"status-publish","4":"format-standard","5":"has-post-thumbnail","7":"category-deportes","8":"tag-deportes","9":"tag-es","10":"tag-espana","11":"tag-jornada-15","12":"tag-laliga-hypermotion","13":"tag-leganes-almeria","14":"tag-ontime-butarque","15":"tag-spain","16":"tag-sports"},"share_on_mastodon":{"url":"https:\/\/pubeurope.com\/@es\/115595540566946770","error":""},"_links":{"self":[{"href":"https:\/\/www.europesays.com\/es\/wp-json\/wp\/v2\/posts\/250409","targetHints":{"allow":["GET"]}}],"collection":[{"href":"https:\/\/www.europesays.com\/es\/wp-json\/wp\/v2\/posts"}],"about":[{"href":"https:\/\/www.europesays.com\/es\/wp-json\/wp\/v2\/types\/post"}],"author":[{"embeddable":true,"href":"https:\/\/www.europesays.com\/es\/wp-json\/wp\/v2\/users\/2"}],"replies":[{"embeddable":true,"href":"https:\/\/www.europesays.com\/es\/wp-json\/wp\/v2\/comments?post=250409"}],"version-history":[{"count":0,"href":"https:\/\/www.europesays.com\/es\/wp-json\/wp\/v2\/posts\/250409\/revisions"}],"wp:featuredmedia":[{"embeddable":true,"href":"https:\/\/www.europesays.com\/es\/wp-json\/wp\/v2\/media\/250410"}],"wp:attachment":[{"href":"https:\/\/www.europesays.com\/es\/wp-json\/wp\/v2\/media?parent=250409"}],"wp:term":[{"taxonomy":"category","embeddable":true,"href":"https:\/\/www.europesays.com\/es\/wp-json\/wp\/v2\/categories?post=250409"},{"taxonomy":"post_tag","embeddable":true,"href":"https:\/\/www.europesays.com\/es\/wp-json\/wp\/v2\/tags?post=250409"}],"curies":[{"name":"wp","href":"https:\/\/api.w.org\/{rel}","templated":true}]}}