{"id":250411,"date":"2025-11-22T21:45:11","date_gmt":"2025-11-22T21:45:11","guid":{"rendered":"https:\/\/www.europesays.com\/es\/250411\/"},"modified":"2025-11-22T21:45:11","modified_gmt":"2025-11-22T21:45:11","slug":"cinco-veces-mas-ingresos-que-en-2024-pero-tambien-mas-cobertura-de-vacunas","status":"publish","type":"post","link":"https:\/\/www.europesays.com\/es\/250411\/","title":{"rendered":"cinco veces m\u00e1s ingresos que en 2024 pero tambi\u00e9n m\u00e1s cobertura de vacunas"},"content":{"rendered":"<p class=\"article-text\">\n        El Servicio Vasco de Salud (Osakidetza) ha hecho balance del primer tramo de la campa\u00f1a de la gripe, que habitualmente suele tener su pico en Navidad. La incidencia se sit\u00faa en 238 casos por  cada 100.000 habitantes y se espera que siga creciendo durante las pr\u00f3ximas semanas. Esta enfermedad ha causado, por el momento, 553 ingresos en centros hospitalarios, cinco veces m\u00e1s que el a\u00f1o pasado en la misma fecha, y la ocupaci\u00f3n de camas roza el 75%, seg\u00fan los datos oficiales. Las autoridades piden \u201cno bajar la guardia\u201d.\n    <\/p>\n<p>    <a href=\"https:\/\/www.eldiario.es\/euskadi\/guardia-civil-accedio-sedes-gobierno-vasco-busca-datos-cooperativas-antxon-alonso_1_12782566.html\" data-mrf-recirculation=\"saber-mas\" data-dl-event=\"saber-mas\" rel=\"nofollow noopener\" target=\"_blank\"><\/p>\n<p class=\"know-more__title\">La Guardia Civil accedi\u00f3 a dos sedes del Gobierno vasco en busca de datos de las cooperativas de Antxon Alonso<\/p>\n<p>            <img decoding=\"async\" class=\"lazy\" loading=\"lazy\" data-src=\"https:\/\/static.eldiario.es\/clip\/c1853888-ac31-4c94-be83-f71faea95431_16-9-aspect-ratio_default_0.jpg\" src=\"data:image\/svg+xml,%3Csvg xmlns=\" http:=\"\" viewbox=\"0 0 880 495\" alt=\"La Guardia Civil accedi\u00f3 a dos sedes del Gobierno vasco en busca de datos de las cooperativas de Antxon Alonso\"\/><\/p>\n<p>                        <\/a><\/p>\n<p class=\"article-text\">\n        Bizkaia sigue siendo el territorio vasco con una mayor incidencia de la gripe, en concreto 333 casos por 100.000 habitantes, mientras que en \u00c1lava es de 140 casos y en Gipuzkoa de 128 casos. En la red hospitalaria, el impacto de la gripe contin\u00faa aumentando y se contabilizan hasta el momento 5.363 casos atendidos y 553 ingresos, \u201cuna cifra bastante m\u00e1s elevada que la registrada en el a\u00f1o 2024 por estas fechas, en las que se hab\u00edan atendido 2.143 casos y 108 ingresos\u201d, informa Europa Press.\n    <\/p>\n<p class=\"article-text\">\n        El nivel de ocupaci\u00f3n de las camas est\u00e1 en este momento en el 75% y los responsables sanitarios han asegurado que \u201cse pondr\u00e1 en marcha el plan de contingencia con apertura de camas en hospitales en el momento que sea necesario\u201d. Osakidetza insiste en la importancia de la vacunaci\u00f3n \u201ccomo herramienta clave\u201d en la prevenci\u00f3n de enfermedades respiratorias y ha animado a la poblaci\u00f3n a \u201cinformarse sobre la vacunaci\u00f3n y a participar activamente en la campa\u00f1a\u201d. En este sentido, han destacado el avance en la administraci\u00f3n de dosis de la vacuna antigripal, que es un 16% mayor si se compara con el mismo periodo del a\u00f1o pasado. La gran novedad fue el &#8216;vacun\u00f3dromo&#8217; de La Casilla, en Bilbao.\n    <\/p>\n<p class=\"article-text\">\n        Hasta este mi\u00e9rcoles, 19 de noviembre, se han administrado en Euskadi un total de 531.922 vacunas frente a la gripe y 284.134 vacunas frente a la COVID-19. Destaca \u201cla simultaneidad en la vacunaci\u00f3n de ambos virus\u201d, ya que el 70% de las personas de 75 a\u00f1os o m\u00e1s han recibido ambas vacunas, \u201creflejando la importancia de la protecci\u00f3n en este grupo de edad, que es el m\u00e1s vulnerable\u201d. La cobertura de vacunaci\u00f3n entre las personas en residencias alcanza el 84% para la gripe y el 72% para coronavirus.\n    <\/p>\n<p class=\"article-text\">\n        Por su parte, en la poblaci\u00f3n infantil de 6 a 59 meses, se han vacunado 23.075 ni\u00f1os, lo que representa un 35% de cobertura en este grupo. Seg\u00fan han destacado, la vacunaci\u00f3n de la gripe en ni\u00f1os de hasta cinco a\u00f1os es \u201ccrucial para protegerlos de complicaciones graves y reducir la propagaci\u00f3n del virus en la comunidad\u201d, especialmente a personas vulnerables como abuelos o ni\u00f1os con enfermedades cr\u00f3nicas. \u201cLos ni\u00f1os peque\u00f1os son m\u00e1s susceptibles y son una fuente principal de contagio, por lo que vacunarles disminuye significativamente las hospitalizaciones, las visitas a urgencias y la transmisi\u00f3n del virus en general\u201d, han explicado.\n    <\/p>\n<p>    <a href=\"https:\/\/www.eldiario.es\/euskadi\/pradales-pide-espana-imite-alemania-pida-perdon-bombardeo-nazi-gernika-1937_1_12785881.html\" data-mrf-recirculation=\"saber-mas-abajo\" data-dl-event=\"saber-mas-abajo\" rel=\"nofollow noopener\" target=\"_blank\"><\/p>\n<p class=\"know-more__title\">Pradales reclama a Espa\u00f1a que imite a Alemania y que pida tambi\u00e9n perd\u00f3n por el bombardeo nazi de Gernika en 1937<\/p>\n<p>            <img decoding=\"async\" class=\"lazy\" loading=\"lazy\" data-src=\"https:\/\/static.eldiario.es\/clip\/be934c4b-e078-4e3e-8cb6-6bc1c7b6a11a_16-9-aspect-ratio_default_0.jpg\" src=\"data:image\/svg+xml,%3Csvg xmlns=\" http:=\"\" viewbox=\"0 0 880 495\" alt=\"Pradales reclama a Espa\u00f1a que imite a Alemania y que pida tambi\u00e9n perd\u00f3n por el bombardeo nazi de Gernika en 1937\"\/><\/p>\n<p>                        <\/a><\/p>\n<p class=\"article-text\">\n        En cuanto a la vacunaci\u00f3n antigripal de mujeres embarazadas, la cobertura actual se sit\u00faa en el 49%, una cifra que los responsables de Salud consideran \u201cmuy positiva para las fechas en las que nos encontramos\u201d ya que el a\u00f1o pasado la cobertura al final de la campa\u00f1a fue del 52%. Por lo que respecta a los profesionales sanitarios, se han administrado un total de 12.720 dosis de vacuna antigripal, lo que supone un 30% m\u00e1s de dosis administradas que el a\u00f1o pasado.\n    <\/p>\n<p>                    elDiario.es\/Euskadi<\/p>\n<p class=\"article-text\">\n        \u00bfNos sigues en redes sociales? elDiario.es\/Euskadi est\u00e1 en\u00a0<a href=\"https:\/\/bsky.app\/profile\/eldiarioeus.bsky.social\" target=\"_blank\" data-mrf-recirculation=\"links-noticia\" class=\"link\" rel=\"nofollow noopener\">Bluesky<\/a>,\u00a0<a href=\"https:\/\/twitter.com\/eldiarioeus\" target=\"_blank\" data-mrf-recirculation=\"links-noticia\" class=\"link\" rel=\"nofollow noopener\">X<\/a>\u00a0e\u00a0<a href=\"https:\/\/www.instagram.com\/eldiarioeus\/\" target=\"_blank\" data-mrf-recirculation=\"links-noticia\" class=\"link\" rel=\"nofollow noopener\">Instagram<\/a>. Y te enviamos alertas informativas por\u00a0<a href=\"https:\/\/telegram.me\/eldiarioeus\" target=\"_blank\" data-mrf-recirculation=\"links-noticia\" class=\"link\" rel=\"nofollow noopener\">Telegram<\/a>\u00a0y\u00a0<a href=\"https:\/\/www.whatsapp.com\/channel\/0029Va9Dx2MLNSZzLvNjNr3P\" target=\"_blank\" data-mrf-recirculation=\"links-noticia\" class=\"link\" rel=\"nofollow noopener\">WhatsApp<\/a>. Cada semana, te enviamos un bolet\u00edn a tu correo electr\u00f3nico. \u00a1<a href=\"https:\/\/usuarios.eldiario.es\/boletines?_gl=1*pa2ll6*_gcl_au*MTk0OTg1OTU2Mi4xNzMwMTk3MDYx*_ga*Njk1MjI5NDQyLjE3Mjk1MjAxNjg.*_ga_4RZPWREGF3*MTczNDE3ODQ5Ny4xMTYuMS4xNzM0MTc5OTEyLjEzLjAuMA..\" target=\"_blank\" data-mrf-recirculation=\"links-noticia\" class=\"link\" rel=\"nofollow noopener\">Ap\u00fantate<\/a>! Recuerda que puedes ser socio o socia de elDiario.es clicando en\u00a0<a href=\"https:\/\/usuarios.eldiario.es\/hazte_socio\/?utm_source=euskadi&amp;utm_campaign=eell&amp;utm_medium=all&amp;mc_cid=f16fc896fb&amp;mc_eid=05624d2e2d\" target=\"_blank\" data-mrf-recirculation=\"links-noticia\" class=\"link\" rel=\"nofollow noopener\">este enlace<\/a>. Y, para m\u00e1s informaci\u00f3n, puedes llamar o escribirnos al\u00a0625 88 87 80.\n    <\/p>\n<p>                                    <script async src=\"https:\/\/platform.twitter.com\/widgets.js\" charset=\"utf-8\"><\/script><script async src=\"\/\/www.instagram.com\/embed.js\"><\/script><\/p>\n","protected":false},"excerpt":{"rendered":"El Servicio Vasco de Salud (Osakidetza) ha hecho balance del primer tramo de la campa\u00f1a de la gripe,&hellip;\n","protected":false},"author":2,"featured_media":250412,"comment_status":"","ping_status":"","sticky":false,"template":"","format":"standard","meta":{"footnotes":""},"categories":[92],"tags":[517,3935,14300,14314,3285,14302,2601,4144,14316,14313,767,1349,2026,13451,14315,1813,3854,14299,14298,14307,12226,14318,6246,25,24,5691,14308,4910,3705,3978,6927,165,12252,1982,2178,14297,14317,7600,11701,14311,14312,14305,14303,6115,264,14304,952,14310,14309,14306,14301,166,3905,492,23,7192,2177],"class_list":{"0":"post-250411","1":"post","2":"type-post","3":"status-publish","4":"format-standard","5":"has-post-thumbnail","7":"category-salud","8":"tag-actualidad","9":"tag-alava","10":"tag-andar-en-bici","11":"tag-barakaldo","12":"tag-bbva","13":"tag-belen-ferreras","14":"tag-bilbao","15":"tag-bizkaia","16":"tag-brands","17":"tag-caso-de-miguel","18":"tag-corrupcion","19":"tag-donostia","20":"tag-educacion","21":"tag-eh-bildu","22":"tag-eibar","23":"tag-ela","24":"tag-eldiario-es","25":"tag-eldiario-es-euskadi","26":"tag-eldiario-eus","27":"tag-eldiarionorte-es","28":"tag-emergencia-climatica","29":"tag-eroski","30":"tag-ertzaintza","31":"tag-es","32":"tag-espana","33":"tag-euskadi","34":"tag-euskal-herria","35":"tag-feminismo","36":"tag-gernika","37":"tag-getxo","38":"tag-gipuzkoa","39":"tag-health","40":"tag-hondarribia","41":"tag-ignacio-escolar","42":"tag-igualdad","43":"tag-iker-rioja-andueza","44":"tag-imanol-pradales","45":"tag-irun","46":"tag-kutxabank","47":"tag-lab","48":"tag-lanbide","49":"tag-maialen-ferreira","50":"tag-montai","51":"tag-osakidetza","52":"tag-pais-vasco","53":"tag-pnv","54":"tag-politica","55":"tag-pp-vasco","56":"tag-pse-ee","57":"tag-rodrigo-saiz","58":"tag-ruben-pereda","59":"tag-salud","60":"tag-sindicatos","61":"tag-sociedad","62":"tag-spain","63":"tag-upv-ehu","64":"tag-vitoria"},"share_on_mastodon":{"url":"","error":"Validation failed: Text character limit of 500 exceeded"},"_links":{"self":[{"href":"https:\/\/www.europesays.com\/es\/wp-json\/wp\/v2\/posts\/250411","targetHints":{"allow":["GET"]}}],"collection":[{"href":"https:\/\/www.europesays.com\/es\/wp-json\/wp\/v2\/posts"}],"about":[{"href":"https:\/\/www.europesays.com\/es\/wp-json\/wp\/v2\/types\/post"}],"author":[{"embeddable":true,"href":"https:\/\/www.europesays.com\/es\/wp-json\/wp\/v2\/users\/2"}],"replies":[{"embeddable":true,"href":"https:\/\/www.europesays.com\/es\/wp-json\/wp\/v2\/comments?post=250411"}],"version-history":[{"count":0,"href":"https:\/\/www.europesays.com\/es\/wp-json\/wp\/v2\/posts\/250411\/revisions"}],"wp:featuredmedia":[{"embeddable":true,"href":"https:\/\/www.europesays.com\/es\/wp-json\/wp\/v2\/media\/250412"}],"wp:attachment":[{"href":"https:\/\/www.europesays.com\/es\/wp-json\/wp\/v2\/media?parent=250411"}],"wp:term":[{"taxonomy":"category","embeddable":true,"href":"https:\/\/www.europesays.com\/es\/wp-json\/wp\/v2\/categories?post=250411"},{"taxonomy":"post_tag","embeddable":true,"href":"https:\/\/www.europesays.com\/es\/wp-json\/wp\/v2\/tags?post=250411"}],"curies":[{"name":"wp","href":"https:\/\/api.w.org\/{rel}","templated":true}]}}