{"id":250417,"date":"2025-11-22T21:49:09","date_gmt":"2025-11-22T21:49:09","guid":{"rendered":"https:\/\/www.europesays.com\/es\/250417\/"},"modified":"2025-11-22T21:49:09","modified_gmt":"2025-11-22T21:49:09","slug":"iberia-cancela-sus-vuelos-comerciales-a-venezuela-por-la-situacion-en-el-pais","status":"publish","type":"post","link":"https:\/\/www.europesays.com\/es\/250417\/","title":{"rendered":"Iberia cancela sus vuelos comerciales a Venezuela por la situaci\u00f3n en el pa\u00eds"},"content":{"rendered":"<p><strong>Iberia<\/strong> ha cancelado este s\u00e1bado sus vuelos comerciales a <strong>Venezuela<\/strong> \u2014el primero de los cuales estaba previsto para este lunes\u2014 e ir\u00e1 evaluando la situaci\u00f3n en el pa\u00eds para decidir cu\u00e1ndo retoma sus operaciones, han informado fuentes de la compa\u00f1\u00eda a RTVE.<\/p>\n<p>La aerol\u00ednea espa\u00f1ola operaba hasta ahora <strong>cinco vuelos semanales a Caracas<\/strong>. El viernes y el domingo eran los \u00fanicos d\u00edas que no hab\u00eda programados vuelos.<\/p>\n<p>Iberia ha adoptado esta decisi\u00f3n en consonancia con lo que est\u00e1n haciendo <strong>otras aerol\u00edneas, que tambi\u00e9n est\u00e1n cancelando sus vuelos<\/strong> a Venezuela por la situaci\u00f3n en el pa\u00eds.<\/p>\n<p>La aerol\u00ednea portuguesa <strong>TAP tambi\u00e9n ha decidido cancelar sus vuelos<\/strong>: uno programado para este s\u00e1bado y otro para este martes. Una fuente oficial de TAP ha indicado a Efe que han tomado esta decisi\u00f3n para garantizar la seguridad de los pasajeros y la tripulaci\u00f3n, \u00aben conformidad con las recomendaciones internacionales\u00bb.<\/p>\n<p>La FAA advirti\u00f3 del \u00abdeterioro de la situaci\u00f3n de seguridad\u00bb<\/p>\n<p>La cancelaci\u00f3n de estos vuelos se produce despu\u00e9s del aviso que emiti\u00f3 la v\u00edspera la Administraci\u00f3n Federal de Aviaci\u00f3n (FAA, por sus siglas en ingl\u00e9s) de EE.UU. instando a los vuelos comerciales a \u00abextremar la precauci\u00f3n\u00bb al sobrevolar Venezuela y el sur del Caribe ante lo que considera \u00abuna situaci\u00f3n potencialmente peligrosa en la regi\u00f3n\u00bb.<\/p>\n<p>Este aviso a las compa\u00f1\u00edas a\u00e9reas con vuelos a Venezuela coincide con el <a href=\"https:\/\/www.rtve.es\/noticias\/20251114\/eeuu-operacion-lanza-sur-ofensiva-trump-caribe-narcotrafico\/16815134.shtml\" target=\"_blank\" rel=\"nofollow noopener\">despliegue militar de Washington en la zona<\/a> para presionar al Gobierno venezolano de Nicol\u00e1s Maduro.<\/p>\n<p>En su comunicaci\u00f3n, la FAA advirti\u00f3 \u00absobre una <strong>situaci\u00f3n potencialmente peligrosa en la regi\u00f3n de informaci\u00f3n de vuelo de Maiquet\u00eda<\/strong>\u00ab, que corresponde al espacio a\u00e9reo controlado por Venezuela, que incluye tambi\u00e9n parte del Caribe sur y oriental.<\/p>\n<p>\u00abSe recomienda a los operadores extremar la precauci\u00f3n al operar en la regi\u00f3n de informaci\u00f3n de vuelo de Maiquet\u00eda a todas las altitudes debido al deterioro de la situaci\u00f3n de seguridad y al aumento de la actividad militar en Venezuela o sus alrededores\u00bb, explica el texto. <\/p>\n<p>\u00abLas amenazas podr\u00edan representar un <strong>riesgo potencial para las aeronaves a todas las altitudes<\/strong>, incluyendo durante el sobrevuelo, las fases de llegada y salida del vuelo\u00bb, a\u00f1ade el escrito, que considera que el riesgo afecta tambi\u00e9n a los aeropuertos y a las aeronaves en tierra en la mencionada regi\u00f3n.<\/p>\n","protected":false},"excerpt":{"rendered":"Iberia ha cancelado este s\u00e1bado sus vuelos comerciales a Venezuela \u2014el primero de los cuales estaba previsto para&hellip;\n","protected":false},"author":2,"featured_media":250418,"comment_status":"","ping_status":"","sticky":false,"template":"","format":"standard","meta":{"footnotes":""},"categories":[42],"tags":[17,18,13,14,11,61,62,63,64,19,20,9,10,15,16,12,21,22,65,66,67],"class_list":{"0":"post-250417","1":"post","2":"type-post","3":"status-publish","4":"format-standard","5":"has-post-thumbnail","7":"category-internacional","8":"tag-breaking-news","9":"tag-breakingnews","10":"tag-featured-news","11":"tag-featurednews","12":"tag-headlines","13":"tag-internacional","14":"tag-international","15":"tag-international-news","16":"tag-internationalnews","17":"tag-latest-news","18":"tag-latestnews","19":"tag-news","20":"tag-noticias","21":"tag-noticias-destacadas","22":"tag-noticiasdestacadas","23":"tag-titulares","24":"tag-ultimas-noticias","25":"tag-ultimasnoticias","26":"tag-world","27":"tag-world-news","28":"tag-worldnews"},"share_on_mastodon":{"url":"https:\/\/pubeurope.com\/@es\/115595559985357031","error":""},"_links":{"self":[{"href":"https:\/\/www.europesays.com\/es\/wp-json\/wp\/v2\/posts\/250417","targetHints":{"allow":["GET"]}}],"collection":[{"href":"https:\/\/www.europesays.com\/es\/wp-json\/wp\/v2\/posts"}],"about":[{"href":"https:\/\/www.europesays.com\/es\/wp-json\/wp\/v2\/types\/post"}],"author":[{"embeddable":true,"href":"https:\/\/www.europesays.com\/es\/wp-json\/wp\/v2\/users\/2"}],"replies":[{"embeddable":true,"href":"https:\/\/www.europesays.com\/es\/wp-json\/wp\/v2\/comments?post=250417"}],"version-history":[{"count":0,"href":"https:\/\/www.europesays.com\/es\/wp-json\/wp\/v2\/posts\/250417\/revisions"}],"wp:featuredmedia":[{"embeddable":true,"href":"https:\/\/www.europesays.com\/es\/wp-json\/wp\/v2\/media\/250418"}],"wp:attachment":[{"href":"https:\/\/www.europesays.com\/es\/wp-json\/wp\/v2\/media?parent=250417"}],"wp:term":[{"taxonomy":"category","embeddable":true,"href":"https:\/\/www.europesays.com\/es\/wp-json\/wp\/v2\/categories?post=250417"},{"taxonomy":"post_tag","embeddable":true,"href":"https:\/\/www.europesays.com\/es\/wp-json\/wp\/v2\/tags?post=250417"}],"curies":[{"name":"wp","href":"https:\/\/api.w.org\/{rel}","templated":true}]}}