{"id":250420,"date":"2025-11-22T21:51:32","date_gmt":"2025-11-22T21:51:32","guid":{"rendered":"https:\/\/www.europesays.com\/es\/250420\/"},"modified":"2025-11-22T21:51:32","modified_gmt":"2025-11-22T21:51:32","slug":"medio-millar-de-personas-participaron-en-la-vi-carrera-popular-san-roque-corre-contra-la-violencia-de-genero","status":"publish","type":"post","link":"https:\/\/www.europesays.com\/es\/250420\/","title":{"rendered":"Medio millar de personas participaron en la VI Carrera Popular \u201cSan Roque corre contra la violencia de g\u00e9nero\u201d"},"content":{"rendered":"<p>El Centro de Informaci\u00f3n a la Mujer (CIM) organiza los actos con motivo del 25 de noviembre, D\u00eda Internacional para la Eliminaci\u00f3n de la Violencia contra las Mujeres, entre los que destaca \u00e9ste por su alta participaci\u00f3n.<\/p>\n<p>El alcalde de San Roque, Juan Carlos Ruiz Boix, la teniente de alcalde de Igualdad, Eva Gil, y otros ediles, estaban entre el medio millar de participantes, que realizaron un recorrido de tres kil\u00f3metros desde la plaza de las Constituciones.<\/p>\n<p>Antes de la salida se guard\u00f3 un minuto de silencio en recuerdo de todas las mujeres que sufren o han sufrido Violencia Machista.<\/p>\n<p>A la llegada a la meta, todos los corredores tuvieron una medalla conmemorativa de su participaci\u00f3n en la misma, y desde la delegaci\u00f3n de Deportes se hab\u00eda dispuesto una zona de avituallamiento.<\/p>\n<p>El alcalde de San Roque, Juan Carlos Ruiz Boix, se\u00f1al\u00f3 antes de la carrera que hay que erradicar esta lacra que mata a mujeres y tuvo palabras de recuerdo para las 1400 asesinadas desde 2003, a la treintena de mujeres asesinadas este a\u00f1o, y en especial a Mar\u00eda Isabel Mart\u00ednez, asesinada hace cuatro a\u00f1os en San Roque.\u00a0<\/p>\n<p>Ruiz Boix se\u00f1al\u00f3 la concentraci\u00f3n contra violencia de las mujeres debe realizarse en todos los \u00e1mbitos de edad y de todas las instituciones y colectivos.\u00a0<\/p>\n<p>El alcalde se\u00f1al\u00f3 que \u201cen San Roque trabajamos los 365 d\u00edas del a\u00f1o contra esta lacra, e intentamos concienciar a ni\u00f1os, j\u00f3venes y adultos con esta actividad deportiva para luchar entre todos porque no haya ning\u00fan asesinato m\u00e1s\u201d.<\/p>\n<p>Destac\u00f3 el apoyo jur\u00eddico y emocional que desde el Ayuntamiento se presta a las mujeres que sufren violencia machista, y los trabajos que se desarrollan para educar en igualdad.<\/p>\n<p>Eva Gil se\u00f1al\u00f3 que \u201chemos superado todas la expectativas y han sido casi 500 personas las que han acudido a la llamada\u201d.<\/p>\n<p>Puso en valor el Centro de Informaci\u00f3n a la Mujer de Asuntos Sociales, como una herramienta para las mujeres que sufren violencia machista y anim\u00f3 a los ciudadanos a participar en los actos programados.<\/p>\n<p>El objetivo de la carrera es dar visibilidad a la lucha contra la violencia de g\u00e9nero a trav\u00e9s del deporte, y promocionar el deporte y la salud como medio para conseguir fines sociales tan importantes como la defensa de la mujer.<\/p>\n<p>El recorrido de la carrera era un circuito urbano de 3.000 metros, todos ellos por carretera de asfalto y mayoritariamente llano, que discurri\u00f3 por el casco urbano de San Roque, adaptado a todas las personas de cualquier edad y caracter\u00edsticas que quieran mostrar su rechazo a la violencia de g\u00e9nero.<\/p>\n<p>Junto a la Delegaci\u00f3n de Igualdad, que dirige la concejal Eva Gil, colaboraron la Delegaci\u00f3n de Deportes, Polic\u00eda Local y Multimedia.<\/p>\n<p>\u00a0<\/p>\n<p>\u00a0<\/p>\n","protected":false},"excerpt":{"rendered":"El Centro de Informaci\u00f3n a la Mujer (CIM) organiza los actos con motivo del 25 de noviembre, D\u00eda&hellip;\n","protected":false},"author":2,"featured_media":250421,"comment_status":"","ping_status":"","sticky":false,"template":"","format":"standard","meta":{"footnotes":""},"categories":[5],"tags":[1250,17,18,2193,2191,25,24,13,14,2190,11,19,20,9,10,15,16,2186,2189,2185,2187,23,2192,12,2188,21,22],"class_list":{"0":"post-250420","1":"post","2":"type-post","3":"status-publish","4":"format-standard","5":"has-post-thumbnail","7":"category-titulares","8":"tag-ayuntamiento","9":"tag-breaking-news","10":"tag-breakingnews","11":"tag-cadiz","12":"tag-campamento","13":"tag-es","14":"tag-espana","15":"tag-featured-news","16":"tag-featurednews","17":"tag-guadiaro","18":"tag-headlines","19":"tag-latest-news","20":"tag-latestnews","21":"tag-news","22":"tag-noticias","23":"tag-noticias-destacadas","24":"tag-noticiasdestacadas","25":"tag-roque","26":"tag-san-enrique","27":"tag-san-roque","28":"tag-soto-grande","29":"tag-spain","30":"tag-taraguilla","31":"tag-titulares","32":"tag-torreguadiaro","33":"tag-ultimas-noticias","34":"tag-ultimasnoticias"},"share_on_mastodon":{"url":"https:\/\/pubeurope.com\/@es\/115595567696984839","error":""},"_links":{"self":[{"href":"https:\/\/www.europesays.com\/es\/wp-json\/wp\/v2\/posts\/250420","targetHints":{"allow":["GET"]}}],"collection":[{"href":"https:\/\/www.europesays.com\/es\/wp-json\/wp\/v2\/posts"}],"about":[{"href":"https:\/\/www.europesays.com\/es\/wp-json\/wp\/v2\/types\/post"}],"author":[{"embeddable":true,"href":"https:\/\/www.europesays.com\/es\/wp-json\/wp\/v2\/users\/2"}],"replies":[{"embeddable":true,"href":"https:\/\/www.europesays.com\/es\/wp-json\/wp\/v2\/comments?post=250420"}],"version-history":[{"count":0,"href":"https:\/\/www.europesays.com\/es\/wp-json\/wp\/v2\/posts\/250420\/revisions"}],"wp:featuredmedia":[{"embeddable":true,"href":"https:\/\/www.europesays.com\/es\/wp-json\/wp\/v2\/media\/250421"}],"wp:attachment":[{"href":"https:\/\/www.europesays.com\/es\/wp-json\/wp\/v2\/media?parent=250420"}],"wp:term":[{"taxonomy":"category","embeddable":true,"href":"https:\/\/www.europesays.com\/es\/wp-json\/wp\/v2\/categories?post=250420"},{"taxonomy":"post_tag","embeddable":true,"href":"https:\/\/www.europesays.com\/es\/wp-json\/wp\/v2\/tags?post=250420"}],"curies":[{"name":"wp","href":"https:\/\/api.w.org\/{rel}","templated":true}]}}