{"id":250422,"date":"2025-11-22T21:56:10","date_gmt":"2025-11-22T21:56:10","guid":{"rendered":"https:\/\/www.europesays.com\/es\/250422\/"},"modified":"2025-11-22T21:56:10","modified_gmt":"2025-11-22T21:56:10","slug":"espana-se-asegura-la-clasificacion-a-los-playoffs-de-septiembre-de-la-proxima-temporada-punto-de-break","status":"publish","type":"post","link":"https:\/\/www.europesays.com\/es\/250422\/","title":{"rendered":"Espa\u00f1a se asegura la clasificaci\u00f3n a los playoffs de septiembre de la pr\u00f3xima temporada &#8211; Punto de Break"},"content":{"rendered":"<ol>\n<li><a href=\"https:\/\/news.google.com\/rss\/articles\/CBMiqgFBVV95cUxNal80ZFBxazB0b2o4bFRwazFXNzdLenU5YTkyYlFWNjB6LXV4MkJ5VHRlZ0gyU1pvOWxVNWFjT1JOa3NTR1hoTU5RLXFPTGRTNDRFMFV0UUR3N0IydXEzdlFGSkY4NGo3M1owRkM4akVmMmMwZXVCc2ZTelM0M2pjcVBUbU9MbmxpUXpyNDY4Yk1WMWV0dFc5X2kyc3U0LUxwQUpKTl9TOEZjQQ?oc=5\" target=\"_blank\" rel=\"nofollow noopener\">Espa\u00f1a se asegura la clasificaci\u00f3n a los playoffs de septiembre de la pr\u00f3xima temporada<\/a>&nbsp;&nbsp;Punto de Break<\/li>\n<li><a href=\"https:\/\/news.google.com\/rss\/articles\/CBMixAFBVV95cUxPMW5XYTRQRjY2Mmk4VmREaFhkbWRPR1RjNXZpOUtaOVAzM01fa0hkWlQ0cm1rSDFzMFFlNENoY2ZQRGZlc2Z6ZGJFaFpSSTN1ZkRJSC1CbC1FYVRZa1hBWkcwZHZCVXp4R0ltcFRrU3ZmbzJZNkQ5Z05pZFpCblVydXpzMnA4X2dpXzV0S3V6WU5nZnBNbHlCWWdmb1NsRmFDejVKMi1LMEo5M05FYjZJVVBJZVVpNUNXZjVSMnlHNy1mWDV30gHEAUFVX3lxTFAxN0Zxb3Y4TFRRdGVzdnAxNnZCMWpaX1JRLV9ZR2lmM1N4YUZzVGZRbjZKNFl6RUJCRGFYLWJrQUVSOW9wMnhEa3otQ3R0b241Nk5jbDZLcDVtTlJHeEQ5d2czUGlpd21CQkZlQW9POWNERWFmS3pQYkloTW9oc1dTZ3MyOENHamdoNWJEalQwbHFId1RDUTJZdGE5WERoaEQ3dnVFT1V2TjRXQlVvMWJ6VHhfMTV1UFRRLXlMd0ZHV1E3dWU?oc=5\" target=\"_blank\" rel=\"nofollow noopener\">Espa\u00f1a evita el marr\u00f3n de jugar el &#8216;playoff&#8217; de febrero y est\u00e1 clasificada para los cruces de septiembre<\/a>&nbsp;&nbsp;MARCA<\/li>\n<li><a href=\"https:\/\/news.google.com\/rss\/articles\/CBMirgFBVV95cUxPZWMtV2xHeFB0ckRkRFZlWWo4TW9xNjRneXhxdF9PMDRJVmJLdjctZzJENDdPQU9uS1B4UUoxQ1JMMTcwb3A3OUw2WTIwLWRqdXJ2eVlOQUhaTWN5Zy1WZHY1ZkZUXzZpQzV3SlRGQWFMbm5abnRMaFdXRWdfbFd2SHBoTWhHLVpxejJkUkN0YjZPenczT0k5ZkFtakU3S2VDSXRnSmZPeTlybmpQSkE?oc=5\" target=\"_blank\" rel=\"nofollow noopener\">El sorteo de los Qualifiers 2026 se celebrar\u00e1 el domingo 23 de noviembre<\/a>&nbsp;&nbsp;Davis Cup<\/li>\n<li><a href=\"https:\/\/news.google.com\/rss\/articles\/CBMimAFBVV95cUxNNU0zS255REkwdHhVVGdTQzJGbkNETXI5dF9TX0o0aTlmTENYOHZyMG84ZGZTeU5RN1BQZXhGN0t2dm5Rc3FGWXd3NHRyZ3REOTIySWl5ZURZVjdjQVFiRFJnVHZGVS1acks4X3lQa01SRVZsMG1aMng5Snd1OWtOVFNCSjNDOEtkQXU5ZnFkQUJhanlLRUI4ONIBrAFBVV95cUxQXzUyVVJwOEJVSEVCRV9saUpwanNMdXh2Z09jWm56SktZcmpla29pV3QySG1WUzB5Vi04WVE4WFkxbXZmeHVQWEVUQVpsSmFvN2pyal9uVEZkUmhwWld3LXlSS050dmxOb3JrU2VxclJnRUtzWVFZazFqTDFhcW8xSkNYZ0JaQkJGRHN1MmE1QmVIcmRROUZPWG1lOHRyX2Q1a20wX0cyTW9acWFf?oc=5\" target=\"_blank\" rel=\"nofollow noopener\">Espa\u00f1a se libra de la primera eliminatoria de 2026<\/a>&nbsp;&nbsp;Diario AS<\/li>\n<li><a href=\"https:\/\/news.google.com\/rss\/articles\/CBMirwFBVV95cUxONnJodGRtZUNrSlowdmMwQnJIYWJubUlKYjlQNGJlSG9IeVRId0YtNEJ2SGJNNlRPQTRXclZxSDNWS3N1VVd2Slg5NGU4RE5tQUV3RXVVR212T0VkVG8yVDVpVlFEYVpDOWc5cjFBWUlVZmpkNHdsb0ZPZE1sMFZuQWZISzh6WXVsM0FBUXd2alR2SUptMXFXQ0xZS0NKd21FUHR0VXZVTHdoQkN4MzZJ0gG0AUFVX3lxTE5wNWc2aXQwZ1N4YmhIbGc3V2FlNDM5Z2htbW1takNudzhtUHVZTlJwM2RZRW5feFlXbUw4ZGI0dmZhYWNyRkw4elFaTHA0NE1MRHRma3J0c0d3TTVpWlJzeHlhQU0tNm52U1JQNFZrWmNMa0FqV082elpIS1dRcXRQOGlwdXctREFRNVpfNmVsUTdOSVM2TGhWUzh6Y1BBcE0xc1R1UmhoU2hGTU0weG93NFNISA?oc=5\" target=\"_blank\" rel=\"nofollow noopener\">Doble premio para Espa\u00f1a por alcanzar la final de la Davis: se evita la primera fase previa de 2026<\/a>&nbsp;&nbsp;OkDiario<\/li>\n<\/ol>\n","protected":false},"excerpt":{"rendered":"Espa\u00f1a se asegura la clasificaci\u00f3n a los playoffs de septiembre de la pr\u00f3xima temporada&nbsp;&nbsp;Punto de Break Espa\u00f1a evita&hellip;\n","protected":false},"author":2,"featured_media":250423,"comment_status":"","ping_status":"","sticky":false,"template":"","format":"standard","meta":{"footnotes":""},"categories":[274],"tags":[168,25,24,23,167,327,326],"class_list":{"0":"post-250422","1":"post","2":"type-post","3":"status-publish","4":"format-standard","5":"has-post-thumbnail","7":"category-tenis","8":"tag-deportes","9":"tag-es","10":"tag-espana","11":"tag-spain","12":"tag-sports","13":"tag-tenis","14":"tag-tennis"},"share_on_mastodon":{"url":"https:\/\/pubeurope.com\/@es\/115595587261806526","error":""},"_links":{"self":[{"href":"https:\/\/www.europesays.com\/es\/wp-json\/wp\/v2\/posts\/250422","targetHints":{"allow":["GET"]}}],"collection":[{"href":"https:\/\/www.europesays.com\/es\/wp-json\/wp\/v2\/posts"}],"about":[{"href":"https:\/\/www.europesays.com\/es\/wp-json\/wp\/v2\/types\/post"}],"author":[{"embeddable":true,"href":"https:\/\/www.europesays.com\/es\/wp-json\/wp\/v2\/users\/2"}],"replies":[{"embeddable":true,"href":"https:\/\/www.europesays.com\/es\/wp-json\/wp\/v2\/comments?post=250422"}],"version-history":[{"count":0,"href":"https:\/\/www.europesays.com\/es\/wp-json\/wp\/v2\/posts\/250422\/revisions"}],"wp:featuredmedia":[{"embeddable":true,"href":"https:\/\/www.europesays.com\/es\/wp-json\/wp\/v2\/media\/250423"}],"wp:attachment":[{"href":"https:\/\/www.europesays.com\/es\/wp-json\/wp\/v2\/media?parent=250422"}],"wp:term":[{"taxonomy":"category","embeddable":true,"href":"https:\/\/www.europesays.com\/es\/wp-json\/wp\/v2\/categories?post=250422"},{"taxonomy":"post_tag","embeddable":true,"href":"https:\/\/www.europesays.com\/es\/wp-json\/wp\/v2\/tags?post=250422"}],"curies":[{"name":"wp","href":"https:\/\/api.w.org\/{rel}","templated":true}]}}