{"id":250424,"date":"2025-11-22T21:59:13","date_gmt":"2025-11-22T21:59:13","guid":{"rendered":"https:\/\/www.europesays.com\/es\/250424\/"},"modified":"2025-11-22T21:59:13","modified_gmt":"2025-11-22T21:59:13","slug":"alvaro-cardenas-sello-una-amistad-eterna-con-omari-moore-en-san-jose","status":"publish","type":"post","link":"https:\/\/www.europesays.com\/es\/250424\/","title":{"rendered":"\u00c1lvaro C\u00e1rdenas sell\u00f3 una amistad eterna con Omari Moore en San Jos\u00e9"},"content":{"rendered":"<p><img fetchpriority=\"high\" class=\"v-a-img\" src=\"https:\/\/www.europesays.com\/es\/wp-content\/uploads\/2025\/11\/moore.jpg-RnNOoblhlZ77hoLEVoMNSFM-1200x840@Las Provincias.jpg\" loading=\"eager\" decoding=\"async\" alt=\"Omari Moore y \u00c1lvaro C\u00e1rdenas, durante un entrenamiento con los Spartans de San Jos\u00e9.\"  width=\"1200\" height=\"840\"\/><\/p>\n<p>Omari Moore y \u00c1lvaro C\u00e1rdenas, durante un entrenamiento con los Spartans de San Jos\u00e9.          LP        <\/p>\n<p>El granadino, que est\u00e1 jugando cedido en el Peristeri tras firmar por el proyecto del Roig Arena, coincidi\u00f3 con el taronja en 2021 y se siente identificado con su historia: \u00abTuvo que aprender a buscarse la vida para jugar\u00bb<\/p>\n<p><a class=\"v-mdl-ath__fig-a\" href=\"https:\/\/www.lasprovincias.es\/autor\/juan-carlos-villena-478.html\" title=\"Juan Carlos Villena\" rel=\"nofollow noopener\" target=\"_blank\"><br \/>\n<img decoding=\"async\" class=\"v-mdl-ath__img\" src=\"https:\/\/www.europesays.com\/es\/wp-content\/uploads\/2025\/08\/autor-478-foto-2.jpeg\" alt=\"Juan Carlos Villena\"\/><br \/>\n<\/a><\/p>\n<p class=\"v-mdl-ath__p v-mdl-ath__p--6\">\nS\u00e1bado, 22 de noviembre 2025, 19:15<\/p>\n<p>| Actualizado 20:18h.<\/p>\n<p class=\"v-p\">Gilbert Abraham es actualmente el director de desarrollo de jugadores de los Blazers de la NBA. Y una figura clave para que \u00c1lvaro C\u00e1rdenas, cedido  &#8230; en el Peristeri, por el Valencia Basket, se haya convertido en jugador profesional. As\u00ed lo reconoci\u00f3 en una entrevista para LAS PROVINCIAS: \u00abEs la persona por la que decid\u00ed ir a la Rep\u00fablica Checa y mi mayor mentor en el baloncesto, aparte de mi padre. Me ense\u00f1\u00f3 much\u00edsimo y gracias a \u00e9l sali\u00f3 la opci\u00f3n de ir a la Universidad de San Jos\u00e9\u00bb. El granadino tiene claro que el que fuera asistente de los Spurs es de los que m\u00e1s se ha alegrado por su llamada con Espa\u00f1a. Y lo fija en un recuerdo: \u00abGilbert, desde el primer momento, lo vio claro. No hay mucha gente que haya confiado mucho en m\u00ed y en mi camino, pero fue una de esas personas que siempre vio algo en m\u00ed. Uno de los consejos que siempre me daba era que so\u00f1ase en grande, que no me conformara solo con decir que iba a vivir del baloncesto sino que so\u00f1ase en poder ser el base de la selecci\u00f3n espa\u00f1ola. Tal cual. Ahora, obviamente, est\u00e1 s\u00faper orgulloso de m\u00ed. Cuando sali\u00f3 la convocatoria fue de los primeros en llamarme\u00bb.<\/p>\n<p class=\"v-p\">Los giros de la vida son tremendos. Cuando el base lleg\u00f3 a San Jos\u00e9 all\u00ed estaba Omari Moore. Cuatro a\u00f1os despu\u00e9s de aquel encuentro est\u00e1 abierta la opci\u00f3n de volver a ser compa\u00f1eros: \u00abCoincidimos en mis dos primeros a\u00f1os en San Jos\u00e9. El primero fue muy malo, donde perdimos much\u00edsimos partidos, y en el segundo hicimos la mejor temporada de la historia de la universidad. Lo considero uno de mis amigos m\u00e1s cercanos y conservamos muy buena relaci\u00f3n. Su historia me encanta porque es muy parecida a la m\u00eda. Tambi\u00e9n se desarroll\u00f3 muy tarde, al principio no ten\u00eda ofertas de ninguna universidad y luego no fue elegido en el Draft. Tuvo que aprender a buscarse la vida para jugar\u00bb. Al granadino le encanta el impacto del de Pasadena en el Valencia Basket: \u00abEn San Jos\u00e9 pas\u00f3 de salir unos minutos a pista con tareas defensivas a ser el jugador del a\u00f1o en nuestra conferencia. A m\u00ed no me sorprende la explosi\u00f3n de juego que est\u00e1 teniendo desde que lleg\u00f3 al Valencia Basket. Podr\u00eda haber sido un jugador de NBA y quiz\u00e1s lo sea en el futuro. El ojo que ha tenido el club en ficharlo ha sido brutal\u00bb. <\/p>\n<p><a href=\"http:\/\/www.lasprovincias.es\/deportes\/valencia-bc\/valencia-basket-competencia-interna-historia-20251122132914-nt.html#vtm_modulosEngag=mod-rel:deportes:noticia:1:cmp:1-not\" class=\"v-a-link\" aria-label=\"Imagen\" rel=\"nofollow noopener\" target=\"_blank\"><\/p>\n<p><img decoding=\"async\" loading=\"lazy\" src=\"https:\/\/www.europesays.com\/es\/wp-content\/uploads\/2025\/11\/54917678435_23c5046f34_o-U00837871608zMH-366x256@Las Provincias.jpg\" class=\"v-a-img\" width=\"258\" height=\"180\" alt=\"\" data-voc-vtm-id=\"in-text-traffic\"\/><\/p>\n<p><\/a><\/p>\n<p class=\"v-p\">Cuando aterriz\u00f3 en Boise State ya no ten\u00eda \u00abninguna duda\u00bb de que se iba a ganar la vida jugando al baloncesto. Con un estilo muy marcado: \u00abSiempre he sido as\u00ed, me gusta generar, creo que no soy nada ego\u00edsta, pero a la vez creo que tambi\u00e9n tengo bastantes recursos para anotar cuando es necesario. Desde peque\u00f1o me ha gustado mucho pasar al bal\u00f3n y puede ser que en algunos momentos demasiado. Ten\u00eda que convencerme de ser un poco m\u00e1s agresivo, que al final eso facilita generar m\u00e1s juego para tus compa\u00f1eros\u00bb. Para ello cree que puede aplicar los estudios de kinesiolog\u00eda que curs\u00f3 en Estados Unidos: \u00abEs el estudio del movimiento del cuerpo e incluye distintas ramas. Mi idea era hacer fisioterapia y la kinesiolog\u00eda te da una base sobre la biomec\u00e1nica, fisiolog\u00eda o anatom\u00eda. Es el estudio del cuerpo humano, del movimiento y es algo que ahora puedo aplicar como jugador profesional, en la rutina del d\u00eda a d\u00eda por ejemplo para ayudar a prevenir lesiones\u00bb.<\/p>\n<p class=\"v-crt__t\"> L\u00edmite de sesiones alcanzadas<\/p>\n<p class=\"v-crt__p\">El acceso al contenido Premium est\u00e1 abierto por cortes\u00eda del establecimiento donde te encuentras, pero ahora mismo hay demasiados usuarios conectados a las vez.<\/p>\n<p class=\"v-crt__p\">Por favor, int\u00e9ntalo pasados unos minutos.<\/p>\n<p>\nVolver a intentar\n<\/p>\n<p class=\"v-crt__t\">Sesi\u00f3n cerrada<\/p>\n<p class=\"v-crt__p\">Al iniciar sesi\u00f3n desde un dispositivo distinto, por seguridad, se cerr\u00f3 la \u00faltima sesi\u00f3n en este.<\/p>\n<p class=\"v-crt__p\">Para continuar disfrutando de su suscripci\u00f3n digital, inicie sesi\u00f3n en este dispositivo.<\/p>\n<p>\nEste contenido es exclusivo para suscriptores\n<\/p>\n<p class=\"text\">\u00bfTienes una suscripci\u00f3n? <a href=\"https:\/\/secure.lasprovincias.es\/identidad\/inicio#vca=suscribete&amp;vso=lasprovincias&amp;vmc=on&amp;vli=cdn-ce-link-login\" class=\"login\" data-voc-vtm-id=\"comienzoSuscripcionON\" data-voc-vtm-info=\"cdn-ce-link-login\" rel=\"nofollow noopener\" target=\"_blank\">Inicia sesi\u00f3n<\/a><\/p>\n<p>Reporta un error<\/p>\n","protected":false},"excerpt":{"rendered":"Omari Moore y \u00c1lvaro C\u00e1rdenas, durante un entrenamiento con los Spartans de San Jos\u00e9. LP El granadino, que&hellip;\n","protected":false},"author":2,"featured_media":250425,"comment_status":"","ping_status":"","sticky":false,"template":"","format":"standard","meta":{"footnotes":""},"categories":[269],"tags":[2607,18047,299,298,15441,168,25,24,5010,2467,27882,27881,2228,5435,23,167],"class_list":{"0":"post-250424","1":"post","2":"type-post","3":"status-publish","4":"format-standard","5":"has-post-thumbnail","7":"category-baloncesto","8":"tag-alvaro","9":"tag-amistad","10":"tag-baloncesto","11":"tag-basketball","12":"tag-cardenas","13":"tag-deportes","14":"tag-es","15":"tag-espana","16":"tag-eterna","17":"tag-jose","18":"tag-moore","19":"tag-omari","20":"tag-san","21":"tag-sello","22":"tag-spain","23":"tag-sports"},"share_on_mastodon":{"url":"https:\/\/pubeurope.com\/@es\/115595600426239395","error":""},"_links":{"self":[{"href":"https:\/\/www.europesays.com\/es\/wp-json\/wp\/v2\/posts\/250424","targetHints":{"allow":["GET"]}}],"collection":[{"href":"https:\/\/www.europesays.com\/es\/wp-json\/wp\/v2\/posts"}],"about":[{"href":"https:\/\/www.europesays.com\/es\/wp-json\/wp\/v2\/types\/post"}],"author":[{"embeddable":true,"href":"https:\/\/www.europesays.com\/es\/wp-json\/wp\/v2\/users\/2"}],"replies":[{"embeddable":true,"href":"https:\/\/www.europesays.com\/es\/wp-json\/wp\/v2\/comments?post=250424"}],"version-history":[{"count":0,"href":"https:\/\/www.europesays.com\/es\/wp-json\/wp\/v2\/posts\/250424\/revisions"}],"wp:featuredmedia":[{"embeddable":true,"href":"https:\/\/www.europesays.com\/es\/wp-json\/wp\/v2\/media\/250425"}],"wp:attachment":[{"href":"https:\/\/www.europesays.com\/es\/wp-json\/wp\/v2\/media?parent=250424"}],"wp:term":[{"taxonomy":"category","embeddable":true,"href":"https:\/\/www.europesays.com\/es\/wp-json\/wp\/v2\/categories?post=250424"},{"taxonomy":"post_tag","embeddable":true,"href":"https:\/\/www.europesays.com\/es\/wp-json\/wp\/v2\/tags?post=250424"}],"curies":[{"name":"wp","href":"https:\/\/api.w.org\/{rel}","templated":true}]}}