{"id":250429,"date":"2025-11-22T22:04:17","date_gmt":"2025-11-22T22:04:17","guid":{"rendered":"https:\/\/www.europesays.com\/es\/250429\/"},"modified":"2025-11-22T22:04:17","modified_gmt":"2025-11-22T22:04:17","slug":"sebastian-yatra-se-sincera-sobre-su-experiencia-cantando-en-los-oscar","status":"publish","type":"post","link":"https:\/\/www.europesays.com\/es\/250429\/","title":{"rendered":"Sebasti\u00e1n Yatra se sincera sobre su experiencia cantando en los \u00d3scar"},"content":{"rendered":"<p>Las<b><a title=\" batallas cruzadas\" href=\"https:\/\/www.antena3.com\/programas\/la-voz\/equipo-yatra-abre-batallas-lewis-capaldi-emociona-plato_2025103169052cde9de7280e3d3b65f1.html\" target=\"_blank\" rel=\"nofollow noopener\"> batallas cruzadas<\/a><\/b> han dejado muy buenos momentos, el \u00faltimo paso previo a los directos en el que los <b>talents <\/b>han tenido que ofrecer sus mejores actuaciones para estar en en los directos de el viernes que viene. Para subir los \u00e1nimos de los equipos, los <b>coaches <\/b>han aprovechado para ensayar y acercarse a\u00fan m\u00e1s a los miembros de sus respectivos equipos.<\/p>\n<p><b>Sebasti\u00e1n Yatra<\/b> se ha sincerado durante una de sus reuniones de equipo. El cantante ha querido mostrar su lado m\u00e1s vulnerable contando una an\u00e9cdota personal, <b>\u00absale una toma de mi mano temblando en los \u00d3scars\u00bb<\/b>. El miedo al fracaso puede ser uno de los factores que les juegue una mala pasada a los talents en el escenario, por eso Yatra ha querido remarcar la importancia del fracaso y su lado bueno. Adem\u00e1s, ha se\u00f1alado que <b>\u00aba lo largo de la carrera sigue pasando\u00bb<\/b>.<\/p>\n<p>El coach ha aprovechado ese momento \u00edntimo para recordar lo complicado que es llegar al lugar que est\u00e1n los talents y ha remarcado la importancia de que sean conscientes de sus capacidades. <b>\u00abSi est\u00e1n ac\u00e1 sentados es porque tiene un \u00e1ngel, una magia verdadera\u00bb<\/b>, ha explicado el artista a su equipo.<\/p>\n<p>Los consejos y an\u00e9cdotas de <b>Yatra <\/b>son muy importantes para su equipo, el coach aprovecha su experiencia encima de los escenarios para compartirla con los dem\u00e1s. <b><a title=\"El Gato Chp\" href=\"https:\/\/www.antena3.com\/programas\/la-voz\/gato-chp-demuestra-enorme-valentia-esta-actuacion-asaltos_20251108690e81ac5d5dad37ab860d2d.html\" target=\"_blank\" rel=\"nofollow noopener\">El Gato Chp<\/a><\/b> ha captado el mensaje y ha sacado su propia conclusi\u00f3n: <b>\u00abyo creo que Yatra quiere que sepamos que realmente \u00e9l es un cantante como nosotros\u00bb<\/b>. Los nervios se multiplican encima del escenario y cada uno tiene sus trucos para superar la presi\u00f3n que supone, \u00abYo me olvido de que ustedes est\u00e1n delante, sino no puedo\u00bb, ha comentado <b>Kimy Tow<\/b>, una declaraci\u00f3n que ha encantado a su coach.<\/p>\n<p>   <img decoding=\"async\" title=\"Arranca el segundo Asalto de La Voz con los equipos de Pablo L\u00f3pez y Mika\" alt=\"Arranca el segundo Asalto de La Voz con los equipos de Pablo L\u00f3pez y Mika\" width=\"480\" height=\"270\" src=\"https:\/\/www.europesays.com\/es\/wp-content\/uploads\/2025\/11\/1763849057_941_70.jpg\" loading=\"lazy\" class=\"lazy\"\/><\/p>\n","protected":false},"excerpt":{"rendered":"Las batallas cruzadas han dejado muy buenos momentos, el \u00faltimo paso previo a los directos en el que&hellip;\n","protected":false},"author":2,"featured_media":250430,"comment_status":"","ping_status":"","sticky":false,"template":"","format":"standard","meta":{"footnotes":""},"categories":[171],"tags":[146,147,25,24,23,214],"class_list":{"0":"post-250429","1":"post","2":"type-post","3":"status-publish","4":"format-standard","5":"has-post-thumbnail","7":"category-tv","8":"tag-entertainment","9":"tag-entretenimiento","10":"tag-es","11":"tag-espana","12":"tag-spain","13":"tag-tv"},"share_on_mastodon":{"url":"https:\/\/pubeurope.com\/@es\/115595619225918915","error":""},"_links":{"self":[{"href":"https:\/\/www.europesays.com\/es\/wp-json\/wp\/v2\/posts\/250429","targetHints":{"allow":["GET"]}}],"collection":[{"href":"https:\/\/www.europesays.com\/es\/wp-json\/wp\/v2\/posts"}],"about":[{"href":"https:\/\/www.europesays.com\/es\/wp-json\/wp\/v2\/types\/post"}],"author":[{"embeddable":true,"href":"https:\/\/www.europesays.com\/es\/wp-json\/wp\/v2\/users\/2"}],"replies":[{"embeddable":true,"href":"https:\/\/www.europesays.com\/es\/wp-json\/wp\/v2\/comments?post=250429"}],"version-history":[{"count":0,"href":"https:\/\/www.europesays.com\/es\/wp-json\/wp\/v2\/posts\/250429\/revisions"}],"wp:featuredmedia":[{"embeddable":true,"href":"https:\/\/www.europesays.com\/es\/wp-json\/wp\/v2\/media\/250430"}],"wp:attachment":[{"href":"https:\/\/www.europesays.com\/es\/wp-json\/wp\/v2\/media?parent=250429"}],"wp:term":[{"taxonomy":"category","embeddable":true,"href":"https:\/\/www.europesays.com\/es\/wp-json\/wp\/v2\/categories?post=250429"},{"taxonomy":"post_tag","embeddable":true,"href":"https:\/\/www.europesays.com\/es\/wp-json\/wp\/v2\/tags?post=250429"}],"curies":[{"name":"wp","href":"https:\/\/api.w.org\/{rel}","templated":true}]}}