{"id":250431,"date":"2025-11-22T22:05:29","date_gmt":"2025-11-22T22:05:29","guid":{"rendered":"https:\/\/www.europesays.com\/es\/250431\/"},"modified":"2025-11-22T22:05:29","modified_gmt":"2025-11-22T22:05:29","slug":"pipiolas-en-portada-el-resto-es-ruido","status":"publish","type":"post","link":"https:\/\/www.europesays.com\/es\/250431\/","title":{"rendered":"Pipiolas, en portada &#8211; El resto es ruido"},"content":{"rendered":"<p>Mi\u00e9rcoles, d\u00eda de repaso de la semana.<\/p>\n<p>En portada, <strong>Pipiolas<\/strong> con su nueva canci\u00f3n \u00abSoy una estrella!!!\u00bb, que tiene un gui\u00f1o al tema <strong>Ricchi e Poveri<\/strong> de 1981 \u00abSar\u00e0 perch\u00e9 ti amo\u00bb, que tambi\u00e9n ha sonado.<\/p>\n<p>Hemos escuchado lo m\u00e1s nuevo de <strong>Estrogenuinas<\/strong>, <strong>Go Cactus<\/strong>, <strong>Victorias<\/strong>, <strong>Tri\u00e1ngulo de Amor Bizarro<\/strong>, <strong>Kneecap<\/strong> con <strong>Sub Focus<\/strong>, <strong>Sylvan Esso<\/strong>, <strong>Sampa The Great<\/strong>, <strong>Kungs<\/strong> junto a <strong>Channel Tres<\/strong>, <strong>\u00c1ngela Pardal<\/strong>, <strong>La Milagrosa<\/strong> y <strong>David Byrne<\/strong>.<\/p>\n<p>Hemos rescatado las re ediciones de <strong>Alan Vega<\/strong> y <strong>Velocity Girl<\/strong>.<\/p>\n<p>Y en contraportada hemos tenido el tema m\u00e1s reciente de <strong>These New Puritans<\/strong>.<\/p>\n","protected":false},"excerpt":{"rendered":"Mi\u00e9rcoles, d\u00eda de repaso de la semana. En portada, Pipiolas con su nueva canci\u00f3n \u00abSoy una estrella!!!\u00bb, que&hellip;\n","protected":false},"author":2,"featured_media":250432,"comment_status":"","ping_status":"","sticky":false,"template":"","format":"standard","meta":{"footnotes":""},"categories":[170],"tags":[63500,63502,146,147,25,24,184,185,133,63501,1448,1986,1987,23],"class_list":{"0":"post-250431","1":"post","2":"type-post","3":"status-publish","4":"format-standard","5":"has-post-thumbnail","7":"category-musica","8":"tag-el-resto-es-ruido","9":"tag-en-portada","10":"tag-entertainment","11":"tag-entretenimiento","12":"tag-es","13":"tag-espana","14":"tag-music","15":"tag-musica","16":"tag-online","17":"tag-pipiolas","18":"tag-radio","19":"tag-rne","20":"tag-rtve-play","21":"tag-spain"},"share_on_mastodon":{"url":"https:\/\/pubeurope.com\/@es\/115595622867538920","error":""},"_links":{"self":[{"href":"https:\/\/www.europesays.com\/es\/wp-json\/wp\/v2\/posts\/250431","targetHints":{"allow":["GET"]}}],"collection":[{"href":"https:\/\/www.europesays.com\/es\/wp-json\/wp\/v2\/posts"}],"about":[{"href":"https:\/\/www.europesays.com\/es\/wp-json\/wp\/v2\/types\/post"}],"author":[{"embeddable":true,"href":"https:\/\/www.europesays.com\/es\/wp-json\/wp\/v2\/users\/2"}],"replies":[{"embeddable":true,"href":"https:\/\/www.europesays.com\/es\/wp-json\/wp\/v2\/comments?post=250431"}],"version-history":[{"count":0,"href":"https:\/\/www.europesays.com\/es\/wp-json\/wp\/v2\/posts\/250431\/revisions"}],"wp:featuredmedia":[{"embeddable":true,"href":"https:\/\/www.europesays.com\/es\/wp-json\/wp\/v2\/media\/250432"}],"wp:attachment":[{"href":"https:\/\/www.europesays.com\/es\/wp-json\/wp\/v2\/media?parent=250431"}],"wp:term":[{"taxonomy":"category","embeddable":true,"href":"https:\/\/www.europesays.com\/es\/wp-json\/wp\/v2\/categories?post=250431"},{"taxonomy":"post_tag","embeddable":true,"href":"https:\/\/www.europesays.com\/es\/wp-json\/wp\/v2\/tags?post=250431"}],"curies":[{"name":"wp","href":"https:\/\/api.w.org\/{rel}","templated":true}]}}