{"id":250433,"date":"2025-11-22T22:06:10","date_gmt":"2025-11-22T22:06:10","guid":{"rendered":"https:\/\/www.europesays.com\/es\/250433\/"},"modified":"2025-11-22T22:06:10","modified_gmt":"2025-11-22T22:06:10","slug":"cuando-inicie-mi-relacion-con-isco-recibi-tanto-odio","status":"publish","type":"post","link":"https:\/\/www.europesays.com\/es\/250433\/","title":{"rendered":"\u201cCuando inici\u00e9 mi relaci\u00f3n con Isco recib\u00ed tanto odio\u201d"},"content":{"rendered":"<p>El Silencio, el documental de <b>Sara S\u00e1lamo <\/b>sobre su marido,<b> Isco Alarc\u00f3n<\/b>, se ha estrenado en cines. La actriz, en su faceta como directora, manda en \u00e9l un recado a quienes quisieron anular su trayectoria con el futbolista, ahora en el <a title=\"Betis\" href=\"https:\/\/www.larazon.es\/deportes\/laotraliga\/indignacion-monchi-presencia-camiseta-betis-cabalgata-sevilla_20251120691eb579eba8bc0ece0a6311.html\" target=\"_blank\" rel=\"nofollow noopener\">Betis<\/a> y entonces en el <a title=\"Real Madrid\" href=\"https:\/\/www.larazon.es\/deportes\/laotraliga\/propuesta-presidente-castellon-que-gustara-real-madrid-poder-vetar-arbitro_20251117691b2fdb360d0840bce562fb.html\" target=\"_blank\" rel=\"nofollow noopener\">Real Madrid<\/a>. En definitiva, a quienes \u201c<b>te invitan a no continuar en una relaci\u00f3n, en un trabajo, en lo que sea<\/b>\u201d.<\/p>\n<p>\u201c<b>Bueno, igual en el persistir y en el ser constante est\u00e1 la clave<\/b>\u201d, indic\u00f3 Sara S\u00e1lamo en una entrevista para el diario MARCA. En ella, sobre su documental sobre Isco Alarc\u00f3n, dijo: \u201c<b>Es una carta de amor hacia \u00e9l, hacia el trabajo, hacia la perseverancia&#8230; y hacia el cine, claro<\/b>\u201d.<\/p>\n<p>Recordando los inicios de su relaci\u00f3n, coment\u00f3: \u201c<b>Cuando inici\u00e9 mi relaci\u00f3n con Isco recib\u00ed tanto odio, y de repente parec\u00eda que todo mi &#8216;background&#8217;, toda mi trayectoria como actriz quedaba anulada y que toda mi figura se reduc\u00eda a estar con alguien, que yo lo pas\u00e9 verdaderamente mal<\/b>\u201d.<\/p>\n<p>\u201c<b>Yo iba a una entrevista a estrenar una peli como actriz y me preguntaban por \u00e9l, pero luego \u00e9l acababa un partido y no le preguntaban por m\u00ed, entonces yo no estaba entendiendo nada de lo que pasaba<\/b>\u201d, rememor\u00f3 Sara S\u00e1lamo.<\/p>\n<p>El ninguneo del que fue v\u00edctima Sara S\u00e1lamo cuando inici\u00f3 su relaci\u00f3n con Isco Alarc\u00f3n<\/p>\n<p>Sobre el ninguneo del que fue v\u00edctima cuando empez\u00f3 su relaci\u00f3n con Isco Alarc\u00f3n, se\u00f1al\u00f3: \u201c<b>El f\u00fatbol mueve mucho a nivel mundial y la pel\u00edcula tambi\u00e9n retrata esa parte en la que la gente parece que va a volcar mucho de su malestar o de su mal d\u00eda en un campo, diciendo cualquier cosa. Parece que todo est\u00e1 permitido y hab\u00eda tambi\u00e9n un ninguneo y un menosprecio secundados y validados. Aparte los titulares de la prensa alimentaban un poco eso&#8230; y a su vez lo alimentaba yo porque me parec\u00eda tan sumamente injusto que contestaba<\/b>. Entonces se hac\u00eda una bola de nieve enorme y hubo momentos en los que lo pas\u00e9 mal\u201d.<\/p>\n","protected":false},"excerpt":{"rendered":"El Silencio, el documental de Sara S\u00e1lamo sobre su marido, Isco Alarc\u00f3n, se ha estrenado en cines. La&hellip;\n","protected":false},"author":2,"featured_media":250434,"comment_status":"","ping_status":"","sticky":false,"template":"","format":"standard","meta":{"footnotes":""},"categories":[169],"tags":[177,146,147,25,24,176,175,23],"class_list":{"0":"post-250433","1":"post","2":"type-post","3":"status-publish","4":"format-standard","5":"has-post-thumbnail","7":"category-cine","8":"tag-cine","9":"tag-entertainment","10":"tag-entretenimiento","11":"tag-es","12":"tag-espana","13":"tag-film","14":"tag-movies","15":"tag-spain"},"share_on_mastodon":{"url":"https:\/\/pubeurope.com\/@es\/115595626797220534","error":""},"_links":{"self":[{"href":"https:\/\/www.europesays.com\/es\/wp-json\/wp\/v2\/posts\/250433","targetHints":{"allow":["GET"]}}],"collection":[{"href":"https:\/\/www.europesays.com\/es\/wp-json\/wp\/v2\/posts"}],"about":[{"href":"https:\/\/www.europesays.com\/es\/wp-json\/wp\/v2\/types\/post"}],"author":[{"embeddable":true,"href":"https:\/\/www.europesays.com\/es\/wp-json\/wp\/v2\/users\/2"}],"replies":[{"embeddable":true,"href":"https:\/\/www.europesays.com\/es\/wp-json\/wp\/v2\/comments?post=250433"}],"version-history":[{"count":0,"href":"https:\/\/www.europesays.com\/es\/wp-json\/wp\/v2\/posts\/250433\/revisions"}],"wp:featuredmedia":[{"embeddable":true,"href":"https:\/\/www.europesays.com\/es\/wp-json\/wp\/v2\/media\/250434"}],"wp:attachment":[{"href":"https:\/\/www.europesays.com\/es\/wp-json\/wp\/v2\/media?parent=250433"}],"wp:term":[{"taxonomy":"category","embeddable":true,"href":"https:\/\/www.europesays.com\/es\/wp-json\/wp\/v2\/categories?post=250433"},{"taxonomy":"post_tag","embeddable":true,"href":"https:\/\/www.europesays.com\/es\/wp-json\/wp\/v2\/tags?post=250433"}],"curies":[{"name":"wp","href":"https:\/\/api.w.org\/{rel}","templated":true}]}}