{"id":250435,"date":"2025-11-22T22:07:16","date_gmt":"2025-11-22T22:07:16","guid":{"rendered":"https:\/\/www.europesays.com\/es\/250435\/"},"modified":"2025-11-22T22:07:16","modified_gmt":"2025-11-22T22:07:16","slug":"el-real-madrid-sl-que-florentino-tiene-en-la-cabeza","status":"publish","type":"post","link":"https:\/\/www.europesays.com\/es\/250435\/","title":{"rendered":"El Real Madrid SL que Florentino tiene en la cabeza"},"content":{"rendered":"<p style=\"\"><strong>Florentino P\u00e9rez<\/strong> tiene este domingo una cita muy importante con sus socios. Le espera <a href=\"https:\/\/www.abc.es\/deportes\/real-madrid\/cuentas-real-madrid-ingresos-record-lastre-deuda-20251122175623-nt.html\" data-voc-vtm-id=\"in-text-traffic\" title=\"una asamblea ordinaria\" rel=\"nofollow noopener\" target=\"_blank\">una asamblea ordinaria<\/a> en la que los asistentes esperan escuchar, aunque no est\u00e9 en el orden del d\u00eda, su idea de cara al cambio de modelo de club que  &#8230; quiere activar en los pr\u00f3ximos meses en el que s\u00ed que es seguro que profundizar\u00e1 en otra asamblea, en este caso la extraordinaria, que podr\u00eda convocar para el domingo 14 de diciembre. <\/p>\n<p class=\"voc-p\" style=\"\">La asamblea de este domingo centra sus puntos del d\u00eda en las cuentas y el presupuesto del curso 2025-26, pero como suele ser habitual ser\u00e1 un paseo para <strong>Florentino<\/strong>, por lo que realmente, lo que quiere saber el socio es lo que tiene su presidente en la cabeza de cara al Real Madrid del futuro.<\/p>\n<p class=\"voc-p\" style=\"\">Seg\u00fan ha podido saber ABC de fuentes conocedoras de la operaci\u00f3n, este nuevo Real Madrid que desea Florentino ser\u00eda una sociedad mercantil (que no an\u00f3nima deportiva) a la que se le aportar\u00eda una parte de los activos y del patrimonio total del club <strong>(instalaciones, derechos, equipamiento, contratos, etc\u00e9tera)<\/strong>. Dicha aportaci\u00f3n ser\u00eda no dineraria en el momento de la constituci\u00f3n de la sociedad. La valoraci\u00f3n de esa parte del patrimonio, que realizar\u00eda una consultora externa, junto a la suma de los derechos que nunca podr\u00edan salir del club deportivo, ateni\u00e9ndonos a la ley del deporte, marcar\u00eda la valoraci\u00f3n total del club. <\/p>\n<p class=\"voc-p\" style=\"\"><strong>Florentino<\/strong> quiere tener por escrito y documentado que el Real Madrid es el club deportivo m\u00e1s valioso del mundo, una cantidad que a ojos del presidente rondar\u00eda los 10.000 millones de euros. <\/p>\n<p class=\"voc-p\" style=\"\">Una vez cerrada la valoraci\u00f3n, y una vez constituida esta sociedad mercantil, <strong>Florentino<\/strong> pretende vender una parte de esta sociedad a un tercero, que puede llegar hasta a un 10%, lo que le supondr\u00eda unos ingresos que dar\u00edan liquidez a la entidad. Esa liquidez mejorar\u00eda su fondo de maniobra y garantizar\u00eda tranquilidad desde el punto de vista de la tesorer\u00eda los pr\u00f3ximos a\u00f1os, adem\u00e1s de solucionar las posibles tensiones de caja que se pudieran llegar a presentar. <\/p>\n<p class=\"voc-p\" style=\"\">Con esta operaci\u00f3n, el Real Madrid cerrar\u00eda las dudas que actualmente sobrevuelan a los socios sobre algunos aspectos de su gesti\u00f3n, como por ejemplo el sobrecoste del estadio, la judicializaci\u00f3n de las obras de los aparcamientos, la imposibilidad de celebrar conciertos o la imposibilidad de lograr poner en marcha la <strong>Superliga<\/strong>. Adem\u00e1s, Florentino cumplir\u00eda con su palabra de que el club nunca se convertir\u00eda en una sociedad an\u00f3nima. <\/p>\n<p>\nEncaje jur\u00eddico\n<\/p>\n<p class=\"voc-p\" style=\"\">Para encajar este movimiento dentro de la legalidad jur\u00eddica espa\u00f1ola, el <strong>Real Madrid<\/strong> debe, por un lado, ser el fundador o accionista \u00fanico, por lo que adquirir\u00eda las acciones establecidas en la constituci\u00f3n de la sociedad. Y, por otro, en un momento posterior, el club, en la condici\u00f3n de accionista \u00fanico, tendr\u00eda que transmitir una acci\u00f3n por socio, acci\u00f3n que est\u00e1 a\u00fan por valorar el precio exacto. <\/p>\n<p class=\"voc-p\" style=\"\">Sin embargo, lo que sobre el papel es sencillo y sigue las prescripciones de <strong>la Ley de Sociedades de Capital<\/strong>, en la pr\u00e1ctica jur\u00eddica no lo es tanto, ya que topa con la actual naturaleza jur\u00eddica del club (asociaci\u00f3n regida por la Ley Org\u00e1nica de Asociaciones de 2002) que restringe la membres\u00eda de los actuales socios. A d\u00eda de hoy, en realidad, los socios no tienen un derecho de propiedad como tal sobre el patrimonio del club y, por tanto, no son copropietarios del mismo. Es ah\u00ed donde la asamblea deber\u00eda justificar, aline\u00e1ndose con el fin estatutario, que se traspasaran acciones a los socios del club (art\u00edculo 13 de la Ley Org\u00e1nica de Asociaciones). Pero para llegar hasta aqu\u00ed, primero toca dar una pincelada este domingo, luego explicarlo con sumo detalle en la asamblea extraordinaria y, finalmente, convocar un refer\u00e9ndum en el que los socios decidan con un s\u00ed o un no si van adelante, o no, con la propuesta del presidente del Real Madrid.<\/p>\n","protected":false},"excerpt":{"rendered":"Florentino P\u00e9rez tiene este domingo una cita muy importante con sus socios. Le espera una asamblea ordinaria en&hellip;\n","protected":false},"author":2,"featured_media":250436,"comment_status":"","ping_status":"","sticky":false,"template":"","format":"standard","meta":{"footnotes":""},"categories":[93],"tags":[1067,168,25,24,13335,205,798,23,167],"class_list":{"0":"post-250435","1":"post","2":"type-post","3":"status-publish","4":"format-standard","5":"has-post-thumbnail","7":"category-deportes","8":"tag-cabeza","9":"tag-deportes","10":"tag-es","11":"tag-espana","12":"tag-florentino","13":"tag-madrid","14":"tag-real","15":"tag-spain","16":"tag-sports"},"share_on_mastodon":{"url":"https:\/\/pubeurope.com\/@es\/115595630681086233","error":""},"_links":{"self":[{"href":"https:\/\/www.europesays.com\/es\/wp-json\/wp\/v2\/posts\/250435","targetHints":{"allow":["GET"]}}],"collection":[{"href":"https:\/\/www.europesays.com\/es\/wp-json\/wp\/v2\/posts"}],"about":[{"href":"https:\/\/www.europesays.com\/es\/wp-json\/wp\/v2\/types\/post"}],"author":[{"embeddable":true,"href":"https:\/\/www.europesays.com\/es\/wp-json\/wp\/v2\/users\/2"}],"replies":[{"embeddable":true,"href":"https:\/\/www.europesays.com\/es\/wp-json\/wp\/v2\/comments?post=250435"}],"version-history":[{"count":0,"href":"https:\/\/www.europesays.com\/es\/wp-json\/wp\/v2\/posts\/250435\/revisions"}],"wp:featuredmedia":[{"embeddable":true,"href":"https:\/\/www.europesays.com\/es\/wp-json\/wp\/v2\/media\/250436"}],"wp:attachment":[{"href":"https:\/\/www.europesays.com\/es\/wp-json\/wp\/v2\/media?parent=250435"}],"wp:term":[{"taxonomy":"category","embeddable":true,"href":"https:\/\/www.europesays.com\/es\/wp-json\/wp\/v2\/categories?post=250435"},{"taxonomy":"post_tag","embeddable":true,"href":"https:\/\/www.europesays.com\/es\/wp-json\/wp\/v2\/tags?post=250435"}],"curies":[{"name":"wp","href":"https:\/\/api.w.org\/{rel}","templated":true}]}}