{"id":250437,"date":"2025-11-22T22:08:09","date_gmt":"2025-11-22T22:08:09","guid":{"rendered":"https:\/\/www.europesays.com\/es\/250437\/"},"modified":"2025-11-22T22:08:09","modified_gmt":"2025-11-22T22:08:09","slug":"primera-muerte-en-el-mundo-de-una-persona-con-una-cepa-rara-de-gripe-aviar","status":"publish","type":"post","link":"https:\/\/www.europesays.com\/es\/250437\/","title":{"rendered":"Primera muerte en el mundo de una persona con una cepa rara de gripe aviar"},"content":{"rendered":"<p>Las autoridades sanitarias de Estados Unidos han anunciado este s\u00e1bado <strong>la muerte de un paciente que hab\u00eda sido infectado con el virus H5N5<\/strong>, una rara cepa de la <strong>gripe aviar<\/strong>, lo que supone la primera muerte registrada de un ser humano por esta variante.<\/p>\n<p>\u00abUn residente del condado de Grays Harbor que recib\u00eda tratamiento contra la gripe aviar H5N5 ha fallecido hoy\u00bb, ha informado en un comunicado el Departamento de Sanidad del Estado de Washington (noroeste de Estados Unidos). Seg\u00fan las autoridades, el fallecido <strong>fue la primera persona en el mundo en contraer el virus H5N5<\/strong>, una cepa que <strong>hasta ahora solo hab\u00eda sido detectada en animales.<\/strong><\/p>\n<p>El departamento lo describi\u00f3 como <strong>\u00abun adulto mayor con afecciones subyacentes\u00bb <\/strong>y subray\u00f3 que el riesgo para la poblaci\u00f3n por esta enfermedad \u00absigue siendo bajo\u00bb puesto que<strong> no hay evidencias de transmisi\u00f3n del virus entre personas.<\/strong><\/p>\n<p>Riesgo bajo de contagio<\/p>\n<p>\u00abNinguna otra persona involucrada ha dado positivo en la prueba de gripe aviar. Las autoridades de salud p\u00fablica continuar\u00e1n controlando a cualquier persona que haya estado en contacto cercano con el paciente para detectar s\u00edntomas y asegurar que no se haya producido la propagaci\u00f3n entre personas\u00bb, ha agregado.<\/p>\n<p>El paciente, del que no revelaron la edad, falleci\u00f3 este viernes tras permanecer <strong>hospitalizado desde principios de noviembre.<\/strong> Pose\u00eda en su patio trasero una bandada de aves dom\u00e9sticas mixtas que, seg\u00fan las pruebas de las autoridades sanitarias, fueron \u00abla fuente m\u00e1s probable\u00bb de contagio.<\/p>\n<p>La gripe aviar est\u00e1 presente en aves acu\u00e1ticas de todo el mundo y puede transmitirse a aves dom\u00e9sticas como pollos y patos.<strong> En raras ocasiones se produce el contagio a humanos<\/strong>, y est\u00e1 ligado al contacto con animales enfermos o muertos.<\/p>\n<p>Seg\u00fan los Centros para el Control y la Prevenci\u00f3n de Enfermedades (CDC, por sus siglas en ingl\u00e9s) desde 2024 se han confirmado 71 casos en humanos de gripe aviar H5N1 en Estados Unidos, la cepa m\u00e1s com\u00fan de la enfermedad.<\/p>\n","protected":false},"excerpt":{"rendered":"Las autoridades sanitarias de Estados Unidos han anunciado este s\u00e1bado la muerte de un paciente que hab\u00eda sido&hellip;\n","protected":false},"author":2,"featured_media":250438,"comment_status":"","ping_status":"","sticky":false,"template":"","format":"standard","meta":{"footnotes":""},"categories":[92],"tags":[25,24,165,166,23],"class_list":{"0":"post-250437","1":"post","2":"type-post","3":"status-publish","4":"format-standard","5":"has-post-thumbnail","7":"category-salud","8":"tag-es","9":"tag-espana","10":"tag-health","11":"tag-salud","12":"tag-spain"},"share_on_mastodon":{"url":"https:\/\/pubeurope.com\/@es\/115595634610669817","error":""},"_links":{"self":[{"href":"https:\/\/www.europesays.com\/es\/wp-json\/wp\/v2\/posts\/250437","targetHints":{"allow":["GET"]}}],"collection":[{"href":"https:\/\/www.europesays.com\/es\/wp-json\/wp\/v2\/posts"}],"about":[{"href":"https:\/\/www.europesays.com\/es\/wp-json\/wp\/v2\/types\/post"}],"author":[{"embeddable":true,"href":"https:\/\/www.europesays.com\/es\/wp-json\/wp\/v2\/users\/2"}],"replies":[{"embeddable":true,"href":"https:\/\/www.europesays.com\/es\/wp-json\/wp\/v2\/comments?post=250437"}],"version-history":[{"count":0,"href":"https:\/\/www.europesays.com\/es\/wp-json\/wp\/v2\/posts\/250437\/revisions"}],"wp:featuredmedia":[{"embeddable":true,"href":"https:\/\/www.europesays.com\/es\/wp-json\/wp\/v2\/media\/250438"}],"wp:attachment":[{"href":"https:\/\/www.europesays.com\/es\/wp-json\/wp\/v2\/media?parent=250437"}],"wp:term":[{"taxonomy":"category","embeddable":true,"href":"https:\/\/www.europesays.com\/es\/wp-json\/wp\/v2\/categories?post=250437"},{"taxonomy":"post_tag","embeddable":true,"href":"https:\/\/www.europesays.com\/es\/wp-json\/wp\/v2\/tags?post=250437"}],"curies":[{"name":"wp","href":"https:\/\/api.w.org\/{rel}","templated":true}]}}