{"id":250439,"date":"2025-11-22T22:09:11","date_gmt":"2025-11-22T22:09:11","guid":{"rendered":"https:\/\/www.europesays.com\/es\/250439\/"},"modified":"2025-11-22T22:09:11","modified_gmt":"2025-11-22T22:09:11","slug":"de-pelicula-en-de-pelicula-nos-perdemos-en-la-ciudad-sin-sueno","status":"publish","type":"post","link":"https:\/\/www.europesays.com\/es\/250439\/","title":{"rendered":"De pel\u00edcula &#8211; En De pel\u00edcula nos perdemos en La ciudad sin sue\u00f1o"},"content":{"rendered":"<p>Cine de autor hasta grandes producciones musicales, pasando por el thriller, comedia dram\u00e1tica y terror cl\u00e1sico revisitado, en De pel\u00edcula hay para todos los gustos, en una semana d\u00f3nde llegan muchos t\u00edtulos a la cartelera. Arrancamos con Ciudad sin Sue\u00f1o, la \u00f3pera prima de Guillermo Galoe con la que volvemos al asentamiento irregular m\u00e1s grande de Europa, un lugar que no duerme, pero d\u00f3nde hay muchos sue\u00f1os. Otro de los t\u00edtulos nacionales en el que nos detenemos es La Bala, el quinto trabajo como director de Carlos Iglesias protagonizado por Silvia Mars\u00f3, con ellos viajamos del pasado al presente para cumplir una promesa revisando la memoria hist\u00f3rica, muy atentos a otra cinta que llega a la cartelera, Reina madre de la que hablamos con su directora, Manele Labidi.<\/p>\n<p>En cuanto al cine internacional tres pel\u00edculas muy esperadas Wicked: Parte II&#8217;, el gran final, con la que culmina la historia de Elphaba y Glinda, Cynthia Erivo y Ariana Grande que vuelven a protagonizar e interpretar las canciones, Dr\u00e1cula, la nueva reinterpretaci\u00f3n del cl\u00e1sico de Bram Stoker dirigida por Luc Besson que apuesta por el romance y la tragedia, m\u00e1s que por el terror convencional y Jay Lelly protagonizada por George Clooney y Adam Sandler.<\/p>\n<p>Todo esto adem\u00e1s del resto de la cartelera, las mejores series con Pedro Calvo, esta semana la colaboraci\u00f3n de Luis Alegre y las secciones habituales.  <\/p>\n","protected":false},"excerpt":{"rendered":"Cine de autor hasta grandes producciones musicales, pasando por el thriller, comedia dram\u00e1tica y terror cl\u00e1sico revisitado, en&hellip;\n","protected":false},"author":2,"featured_media":250440,"comment_status":"","ping_status":"","sticky":false,"template":"","format":"standard","meta":{"footnotes":""},"categories":[91],"tags":[26779,63503,146,147,25,24,133,1448,1986,1987,23],"class_list":{"0":"post-250439","1":"post","2":"type-post","3":"status-publish","4":"format-standard","5":"has-post-thumbnail","7":"category-entretenimiento","8":"tag-de-pelicula-rne","9":"tag-en-de-pelicula-nos-perdemos-en-la-ciudad-sin-sueno","10":"tag-entertainment","11":"tag-entretenimiento","12":"tag-es","13":"tag-espana","14":"tag-online","15":"tag-radio","16":"tag-rne","17":"tag-rtve-play","18":"tag-spain"},"share_on_mastodon":{"url":"https:\/\/pubeurope.com\/@es\/115595638444215533","error":""},"_links":{"self":[{"href":"https:\/\/www.europesays.com\/es\/wp-json\/wp\/v2\/posts\/250439","targetHints":{"allow":["GET"]}}],"collection":[{"href":"https:\/\/www.europesays.com\/es\/wp-json\/wp\/v2\/posts"}],"about":[{"href":"https:\/\/www.europesays.com\/es\/wp-json\/wp\/v2\/types\/post"}],"author":[{"embeddable":true,"href":"https:\/\/www.europesays.com\/es\/wp-json\/wp\/v2\/users\/2"}],"replies":[{"embeddable":true,"href":"https:\/\/www.europesays.com\/es\/wp-json\/wp\/v2\/comments?post=250439"}],"version-history":[{"count":0,"href":"https:\/\/www.europesays.com\/es\/wp-json\/wp\/v2\/posts\/250439\/revisions"}],"wp:featuredmedia":[{"embeddable":true,"href":"https:\/\/www.europesays.com\/es\/wp-json\/wp\/v2\/media\/250440"}],"wp:attachment":[{"href":"https:\/\/www.europesays.com\/es\/wp-json\/wp\/v2\/media?parent=250439"}],"wp:term":[{"taxonomy":"category","embeddable":true,"href":"https:\/\/www.europesays.com\/es\/wp-json\/wp\/v2\/categories?post=250439"},{"taxonomy":"post_tag","embeddable":true,"href":"https:\/\/www.europesays.com\/es\/wp-json\/wp\/v2\/tags?post=250439"}],"curies":[{"name":"wp","href":"https:\/\/api.w.org\/{rel}","templated":true}]}}