{"id":25044,"date":"2025-08-04T13:07:08","date_gmt":"2025-08-04T13:07:08","guid":{"rendered":"https:\/\/www.europesays.com\/es\/25044\/"},"modified":"2025-08-04T13:07:08","modified_gmt":"2025-08-04T13:07:08","slug":"quien-es-guillermo-del-pino-el-cordobes-del-momento-tras-dar-el-eurobasket-sub-18-a-espana-con-un-triple-milagroso","status":"publish","type":"post","link":"https:\/\/www.europesays.com\/es\/25044\/","title":{"rendered":"\u00bfQui\u00e9n es Guillermo Del Pino? El cordob\u00e9s del momento tras dar el Eurobasket Sub-18 a Espa\u00f1a con un triple milagroso"},"content":{"rendered":"<p>04\/08\/2025<br \/>\n<br \/><strong><br \/>\nActualizado a las 14:25h.<br \/>\n<\/strong><\/p>\n<p class=\"voc-p\" style=\"\"><strong>Guillermo Del Pino <\/strong><strong>es uno de los nombres m\u00e1s sonados en las \u00faltimas horas tras la final del Eurobasket Sub-18 el pasado domingo.<\/strong> El cordob\u00e9s realiz\u00f3 un gran partido finalizando como el m\u00e1ximo anotador, tanto del mismo como del torneo. Adem\u00e1s, con un <a href=\"https:\/\/www.abc.es\/espana\/andalucia\/cordoba\/cordoba-cf\/cordobes-guillermo-pino-eurobasket-espana-milagroso-triple-20250804105048-nts.html\" target=\"_self\" data-voc-vtm-id=\"in-text-traffic\" title=\"triple a falta de un segundo\" data-mrf-link=\"www.abc.es\" rel=\"nofollow noopener\">triple a falta de un segundo<\/a>, consigui\u00f3 la ansiada remontada que le otorg\u00f3 el oro a la Selecci\u00f3n Espa\u00f1ola. Tras una temporada en el Coto C\u00f3rdoba CB, en la tercera categor\u00eda nacional, <strong>dar\u00e1 el salto a Estados Unidos para unirse a Maryland Terrapins.<\/strong><\/p>\n<p class=\"voc-p\" style=\"\">El cordob\u00e9s ha tenido una corta trayectoria en el baloncesto nacional, aunque <strong>su proyecci\u00f3n ha sido clave para dar el salto a la mejor liga universitaria del mundo.<\/strong> Tras destacar en la cantera del Coto C\u00f3rdoba CB, Del Pino puso rumbo a M\u00e1laga para jugar en las categor\u00edas inferiores de Unicaja. En la entidad malague\u00f1a estuvo varios a\u00f1os <strong>debutando incluso con el primer equipo en la Basketball Champions League en la temporada 2023\/24.<\/strong><\/p>\n<p class=\"voc-p\" style=\"\">Aun as\u00ed, las pocas oportunidades que ofrec\u00eda el primer equipo malague\u00f1o y la opci\u00f3n de volver a su tierra natal, <strong>hicieron que su camino y el del Coto C\u00f3rdoba CB se uniesen para la vuelta del club cordob\u00e9s a la Segunda LEB<\/strong> (tercera categor\u00eda nacional) la pasada temporada. Durante la misma, <strong>recibi\u00f3 una invitaci\u00f3n para disputar el Next Generation Team M\u00fanich<\/strong>, que re\u00fane a los mejores jugadores j\u00f3venes europeos en un torneo de exhibici\u00f3n.<\/p>\n<p>\nMaryland Terrapins, pr\u00f3ximo destino\n<\/p>\n<p class=\"voc-p\" style=\"\">Tras su gran temporada en el <a href=\"https:\/\/www.abc.es\/espana\/andalucia\/cordoba\/rafael-blanco-presidente-coto-cordoba-queremos-llegar-20250530142522-nts.html\" target=\"_self\" data-voc-vtm-id=\"in-text-traffic\" title=\"Coto C\u00f3rdoba\" data-mrf-link=\"www.abc.es\" rel=\"nofollow noopener\">Coto C\u00f3rdoba<\/a> y su paso por los diferentes escalones de la selecci\u00f3n espa\u00f1ola, <strong>varios equipos de la NCAA (liga universitaria de baloncesto estadounidense) pusieron la lupa detr\u00e1s del cordob\u00e9s<\/strong>. Se le relacion\u00f3 con varias universidades, como la de Louisville, pero <strong>finalmente se decant\u00f3 por Maryland Terrapins, cerca de Washington D.C.<\/strong><\/p>\n<p class=\"voc-p\" style=\"\">Los Terrapins juegan en la &#8216;Big Ten Conference&#8217; la c<strong>onferencia que re\u00fane a los equipos m\u00e1s competitivos del panorama universitario en los Estados Unidos.<\/strong> Durante esta temporada, se enfrentar\u00e1 con las mayores promesas mundiales del baloncesto. Adem\u00e1s, el cordob\u00e9s contar\u00e1 con un t\u00e9cnico que tambi\u00e9n se presenta en la entidad, <strong>Buzz Williams<\/strong>.<\/p>\n<p class=\"voc-p\" style=\"\">Por delante,<strong> tendr\u00e1n el reto de ganar el segundo t\u00edtulo universitario en la historia de Maryland.<\/strong> Los Terrapins llevan desde 2002 sin hacerse con el prestigioso trofeo. Esta ser\u00e1 una ambiciosa pero ilusionante meta que <strong>podr\u00eda elevar a Del Pino m\u00e1s a\u00fan en el deporte cordob\u00e9s, que est\u00e1 falto de estrellas internacionales.<\/strong><\/p>\n<p><img decoding=\"async\" loading=\"lazy\" src=\"https:\/\/www.europesays.com\/es\/wp-content\/uploads\/2025\/08\/mxpcxp3o7yydoi4t1djx-U67100838610BRe-760x427@diario_abc.jpg\" class=\"voc-img\" width=\"760\" height=\"427\" alt=\"Del Pino realizando una bandeja en la final del Eurobasket Sub-18\" data-voc-vtm-id=\"in-text-traffic\"\/><\/p>\n<p>Del Pino realizando una bandeja en la final del Eurobasket Sub-18<\/p>\n<p>fiba<\/p>\n<p class=\"voc-p\" style=\"\">Su trayectoria por las categor\u00edas base del combinado nacional no solo se resumen en esta \u00faltima final. Adem\u00e1s de ser el m\u00e1ximo anotador del torneo que finaliz\u00f3 el pasado domingo, Del Pino ha participado en otros campeonatos internacionales con la selecci\u00f3n espa\u00f1ola. El m\u00e1s recordado fue el <strong>Eurobasket Sub-16 de 2023, en el que, adem\u00e1s de hacerse con el oro, fue el MVP del mismo.<\/strong> Tambi\u00e9n <strong>particip\u00f3 en el Mundial Sub-17<\/strong> del pasado a\u00f1o en el que Espa\u00f1a no tuvo una gran actuaci\u00f3n.<\/p>\n<p class=\"voc-p\" style=\"\">Del Pino tendr\u00e1 por delante un gran reto, en el que saldr\u00e1 de Espa\u00f1a por primera vez para enfrentarse a las mejores promesas del baloncesto internacional. <strong>El cordob\u00e9s comenzar\u00e1 su temporada el pr\u00f3ximo mes de noviembre<\/strong>, en el que debutar\u00e1 con los Terrapins. El base-escolta ser\u00e1 seguido por muchos tras su buen hacer en el Eurobasket Sub-18 en su primera experiencia en Estados Unidos.<\/p>\n<p>Reportar un error<\/p>\n","protected":false},"excerpt":{"rendered":"04\/08\/2025 Actualizado a las 14:25h. Guillermo Del Pino es uno de los nombres m\u00e1s sonados en las \u00faltimas&hellip;\n","protected":false},"author":2,"featured_media":25045,"comment_status":"","ping_status":"","sticky":false,"template":"","format":"standard","meta":{"footnotes":""},"categories":[93],"tags":[3042,2527,168,25,24,301,14054,13747,2812,13284,23,167,13892,575,13890],"class_list":{"0":"post-25044","1":"post","2":"type-post","3":"status-publish","4":"format-standard","5":"has-post-thumbnail","7":"category-deportes","8":"tag-cordobes","9":"tag-dar","10":"tag-deportes","11":"tag-es","12":"tag-espana","13":"tag-eurobasket","14":"tag-guille","15":"tag-milagroso","16":"tag-momento","17":"tag-pino","18":"tag-spain","19":"tag-sports","20":"tag-sub18","21":"tag-tras","22":"tag-triple"},"share_on_mastodon":{"url":"","error":""},"_links":{"self":[{"href":"https:\/\/www.europesays.com\/es\/wp-json\/wp\/v2\/posts\/25044","targetHints":{"allow":["GET"]}}],"collection":[{"href":"https:\/\/www.europesays.com\/es\/wp-json\/wp\/v2\/posts"}],"about":[{"href":"https:\/\/www.europesays.com\/es\/wp-json\/wp\/v2\/types\/post"}],"author":[{"embeddable":true,"href":"https:\/\/www.europesays.com\/es\/wp-json\/wp\/v2\/users\/2"}],"replies":[{"embeddable":true,"href":"https:\/\/www.europesays.com\/es\/wp-json\/wp\/v2\/comments?post=25044"}],"version-history":[{"count":0,"href":"https:\/\/www.europesays.com\/es\/wp-json\/wp\/v2\/posts\/25044\/revisions"}],"wp:featuredmedia":[{"embeddable":true,"href":"https:\/\/www.europesays.com\/es\/wp-json\/wp\/v2\/media\/25045"}],"wp:attachment":[{"href":"https:\/\/www.europesays.com\/es\/wp-json\/wp\/v2\/media?parent=25044"}],"wp:term":[{"taxonomy":"category","embeddable":true,"href":"https:\/\/www.europesays.com\/es\/wp-json\/wp\/v2\/categories?post=25044"},{"taxonomy":"post_tag","embeddable":true,"href":"https:\/\/www.europesays.com\/es\/wp-json\/wp\/v2\/tags?post=25044"}],"curies":[{"name":"wp","href":"https:\/\/api.w.org\/{rel}","templated":true}]}}