{"id":250444,"date":"2025-11-22T22:13:13","date_gmt":"2025-11-22T22:13:13","guid":{"rendered":"https:\/\/www.europesays.com\/es\/250444\/"},"modified":"2025-11-22T22:13:13","modified_gmt":"2025-11-22T22:13:13","slug":"los-ministros-claman-contra-la-condena-al-fiscal-general-mientras-sanchez-guarda-silencio","status":"publish","type":"post","link":"https:\/\/www.europesays.com\/es\/250444\/","title":{"rendered":"Los ministros claman contra la condena al fiscal general mientras S\u00e1nchez guarda silencio"},"content":{"rendered":"<p>La condena por parte del Tribunal Supremo al fiscal general del Estado, <strong>\u00c1lvaro Garc\u00eda Ortiz<\/strong>, cuyo relevo se pondr\u00e1 en marcha en los pr\u00f3ximos d\u00edas, ha seguido centrando este s\u00e1bado el discurso pol\u00edtico, mientras el presidente del Gobierno, <strong>Pedro S\u00e1nchez<\/strong>, todav\u00eda no se ha pronunciado expl\u00edcitamente sobre el tema.<\/p>\n<p>El jefe del Ejecutivo se encuentra en Johannesburgo para asistir a la cumbre de l\u00edderes del G20, en la que se prev\u00e9 que Espa\u00f1a consolide su estatus de invitada permanente de este foro, y el domingo est\u00e1 previsto que ofrezca una rueda de prensa.<\/p>\n<p>Quien s\u00ed se ha pronunciado sobre el fiscal ha sido el ministro de Transportes y Movilidad Sostenible, <strong>\u00d3scar Puente<\/strong>, quien en un acto en Salamanca ha dicho que en Espa\u00f1a no se puede \u00abvolver mucho atr\u00e1s\u00bb en Justicia respecto a la dictadura de Franco porque no se ha \u00abavanzado gran cosa\u00bb.<\/p>\n<p>Puente se ha referido as\u00ed a la condena anunciada el pasado jueves de dos a\u00f1os de inhabilitaci\u00f3n y a una multa de 7.200 euros, por un delito de revelaci\u00f3n de datos reservados en relaci\u00f3n con la filtraci\u00f3n de un correo con la admisi\u00f3n de un fraude a Hacienda de la pareja de la presidenta de la Comunidad de Madrid,<strong> Isabel Garc\u00eda Ayuso<\/strong>.<\/p>\n<p>Por su parte, en una conferencia en Madrid, el ministro para la Transformaci\u00f3n Digital y de la Funci\u00f3n P\u00fablica, <strong>\u00d3scar L\u00f3pez<\/strong>, ha tildado de \u00abinjusta\u00bb la condena y ha asegurado que, pese a ello, ninguna sentencia judicial \u00abva a tapar la verdad\u00bb de lo que est\u00e1 pasando en la Comunidad de Madrid, ni va a hacer que no se denuncien \u00ablos chanchullos de Ayuso y de su entorno\u00bb.<\/p>\n<p>Zapatero defiende al Gobierno<\/p>\n<p>El expresidente del Gobierno<strong> Jos\u00e9 Luis Rodr\u00edguez Zapatero<\/strong> ha afirmado que el Gobierno de Pedro S\u00e1nchez es el responsable del \u00abmejor momento de la historia\u00bb que atraviesa Espa\u00f1a, debido a que \u00abno hay violencia pol\u00edtica, no hay crisis territoriales, la situaci\u00f3n del empleo ha alcanzado cotas hist\u00f3ricas\u00bb.<\/p>\n<p>De esta forma se ha expresado durante la clausura de la IV Escuela de Gobierno que el PSOE de Castilla y Le\u00f3n ha celebrado en Salamanca, donde ha destacado el incremento de las pensiones y del Salario M\u00ednimo Interprofesional, la existencia del Ingreso M\u00ednimo Vital, la reducci\u00f3n de desigualdades y la existencia de una econom\u00eda productiva y competitiva.<\/p>\n<p>Durante su intervenci\u00f3n, tambi\u00e9n ha se\u00f1alado una \u00abobligada reflexi\u00f3n\u00bb sobre los 50 a\u00f1os de democracia tras la muerte de Franco, los \u00abmejores 50 a\u00f1os de la historia de Espa\u00f1a\u00bb, porque \u00abno ha habido pa\u00eds que haya progresado y prosperado tanto\u00bb en ese per\u00edodo.<a href=\"https:\/\/www.elindependiente.com\/espana\/2025\/11\/22\/ministros-claman-contra-condena-fiscal-general-sanchez-guarda-silencio\/javascript:AbrePopUp(\" rel=\"nofollow noopener\" target=\"_blank\"><\/p>\n<p><strong>Los socios, con el fiscal<\/strong> general<\/p>\n<p>La l\u00edder de Sumar en el Gobierno de coalici\u00f3n con el PSOE, <strong>Yolanda D\u00edaz<\/strong>, ha dicho que la condena supone un \u00abpunto de inflexi\u00f3n\u00bb ya que, en su opini\u00f3n, con ella el poder judicial \u00abha suspendido sus funciones constitucionales para intervenir en pol\u00edtica contra el Gobierno progresista\u00bb.<\/p>\n<p>La tambi\u00e9n vicepresidenta segunda del Gobierno ha puntualizado, en la inauguraci\u00f3n de la conferencia pol\u00edtica del Movimiento Sumar, que la condena, cuya sentencia todav\u00eda se desconoce, supone \u00abun gigantesco descr\u00e9dito para el poder judicial\u00bb y que con ella \u00abse ha trastocado la separaci\u00f3n de poderes\u00bb.<\/p>\n<p>El presidente de ERC, <strong>Oriol Junqueras<\/strong>, ha denunciado ante el consell nacional de la formaci\u00f3n que la condena muestra que el franquismo \u00abpervive\u00bb en muchos \u00f3rganos de poder del Estado, en algunos de sus tribunales, en sus cuerpos policiales\u00bb.<\/p>\n<p>La secretaria general de Podemos,<strong> Ione Belarra<\/strong>, ha afirmado por su parte, durante el Consejo Ciudadano Estatal de los morados, que la derecha \u00abcontrola los grandes tribunales\u00bb y que ha \u00abasesinado civilmente al fiscal general del Estado para tapar la corrupci\u00f3n del clan Ayuso\u00bb.<\/p>\n<p>PUBLICIDAD<\/p>\n","protected":false},"excerpt":{"rendered":"La condena por parte del Tribunal Supremo al fiscal general del Estado, \u00c1lvaro Garc\u00eda Ortiz, cuyo relevo se&hellip;\n","protected":false},"author":2,"featured_media":250445,"comment_status":"","ping_status":"","sticky":false,"template":"","format":"standard","meta":{"footnotes":""},"categories":[8],"tags":[8577,17,18,25,24,13,14,4767,11,19,20,9,10,15,16,2959,19218,23,12,21,22],"class_list":{"0":"post-250444","1":"post","2":"type-post","3":"status-publish","4":"format-standard","5":"has-post-thumbnail","7":"category-espana","8":"tag-alvaro-garcia-ortiz","9":"tag-breaking-news","10":"tag-breakingnews","11":"tag-es","12":"tag-espana","13":"tag-featured-news","14":"tag-featurednews","15":"tag-fiscalia","16":"tag-headlines","17":"tag-latest-news","18":"tag-latestnews","19":"tag-news","20":"tag-noticias","21":"tag-noticias-destacadas","22":"tag-noticiasdestacadas","23":"tag-pedro-sanchez","24":"tag-redaccion","25":"tag-spain","26":"tag-titulares","27":"tag-ultimas-noticias","28":"tag-ultimasnoticias"},"share_on_mastodon":{"url":"https:\/\/pubeurope.com\/@es\/115595654290916283","error":""},"_links":{"self":[{"href":"https:\/\/www.europesays.com\/es\/wp-json\/wp\/v2\/posts\/250444","targetHints":{"allow":["GET"]}}],"collection":[{"href":"https:\/\/www.europesays.com\/es\/wp-json\/wp\/v2\/posts"}],"about":[{"href":"https:\/\/www.europesays.com\/es\/wp-json\/wp\/v2\/types\/post"}],"author":[{"embeddable":true,"href":"https:\/\/www.europesays.com\/es\/wp-json\/wp\/v2\/users\/2"}],"replies":[{"embeddable":true,"href":"https:\/\/www.europesays.com\/es\/wp-json\/wp\/v2\/comments?post=250444"}],"version-history":[{"count":0,"href":"https:\/\/www.europesays.com\/es\/wp-json\/wp\/v2\/posts\/250444\/revisions"}],"wp:featuredmedia":[{"embeddable":true,"href":"https:\/\/www.europesays.com\/es\/wp-json\/wp\/v2\/media\/250445"}],"wp:attachment":[{"href":"https:\/\/www.europesays.com\/es\/wp-json\/wp\/v2\/media?parent=250444"}],"wp:term":[{"taxonomy":"category","embeddable":true,"href":"https:\/\/www.europesays.com\/es\/wp-json\/wp\/v2\/categories?post=250444"},{"taxonomy":"post_tag","embeddable":true,"href":"https:\/\/www.europesays.com\/es\/wp-json\/wp\/v2\/tags?post=250444"}],"curies":[{"name":"wp","href":"https:\/\/api.w.org\/{rel}","templated":true}]}}