{"id":250446,"date":"2025-11-22T22:14:19","date_gmt":"2025-11-22T22:14:19","guid":{"rendered":"https:\/\/www.europesays.com\/es\/250446\/"},"modified":"2025-11-22T22:14:19","modified_gmt":"2025-11-22T22:14:19","slug":"tarde-hostil-para-nico-williams-nico-quedate","status":"publish","type":"post","link":"https:\/\/www.europesays.com\/es\/250446\/","title":{"rendered":"Tarde hostil para Nico Williams: \u00ab\u00a1Nico, qu\u00e9date!\u00bb"},"content":{"rendered":"<p class=\"ft-text\">Tras el &#8216;caso Nico Williams&#8217; del pasado verano, h<strong>ab\u00eda mucha expectaci\u00f3n con el recibimiento que tendr\u00eda el jugador del Athletic en el Spotify Camp Nou<\/strong>. Hace unos meses, la afici\u00f3n blaugrana se ilusion\u00f3 con el posible fichaje del extremo, que <a class=\"ft-link ft-link--decoration\" href=\"https:\/\/www.sport.es\/es\/noticias\/barca\/nico-williams-anuncia-renovacion-athletic-119351993\" rel=\"nofollow noopener\" target=\"_blank\">termin\u00f3 renovando hasta 2035<\/a> en un giro de guion que sorprendi\u00f3 a propios y extra\u00f1os.<\/p>\n<p class=\"ft-text\">Los cul\u00e9s demostraron desde un inicio que no olvidan lo sucedido, <strong>dedic\u00e1ndole una sonora pitada al futbolista del Athletic<\/strong>. Ni siquiera la ilusi\u00f3n desbordada por volver al Spotify Camp Nou hizo que Nico Williams pasara desapercibido. Cada vez que tocaba la pelota, sin importar el minuto ni la situaci\u00f3n, los pitos inundaban la atm\u00f3sfera del estadio del Bar\u00e7a.<\/p>\n<p class=\"ft-text\">La sorna tambi\u00e9n hizo acto de presencia con el paso de los minutos, una vez el resultado ya era favorable al equipo que dirige Hansi Flick.<strong> \u00ab\u00a1Nico, qu\u00e9date! \u00a1Nico, qu\u00e9date!\u00bb, se escuch\u00f3 varias veces en desde algunos sectores del campo.<\/strong><\/p>\n<p class=\"ft-text\">Al fin y al cabo, quedarse fue la decisi\u00f3n que tom\u00f3 Nico Williams y los cul\u00e9s quisieron dejarle claro no solo el error que hab\u00eda cometido, sino que al equipo blaugrana no le necesita. Incluso <strong>una acci\u00f3n en la que trat\u00f3 de marcharse de Kound\u00e9 y no pudo con el franc\u00e9s fue celebrada casi como un gol.<\/strong><\/p>\n<p class=\"ft-text\">El extremo tampoco tuvo su mejor d\u00eda en lo estrictamente deportivo. Actuando por el perfil izquierdo del ataque del Athletic, <strong>se top\u00f3 una y otra vez con Kound\u00e9 y no pudo ser desequilibrante desde el regate. <\/strong>A pesar de todo, s\u00ed tuvo varias acciones de disparo, especialmente una apareciendo por sorpresa en el \u00e1rea con un remate que se march\u00f3 muy cerca del poste.<\/p>\n<p><img decoding=\"async\" src=\"https:\/\/www.europesays.com\/es\/wp-content\/uploads\/2025\/11\/bcb64022-6fc6-4d89-b3dd-bac26b95e509_alta-libre-aspect-ratio_default_0.jpg\" width=\"1200\" height=\"800\" alt=\"Athletic Bilbao's Nico Williams, left, and Barcelona's Jules Kounde fight for the ball during a La Liga soccer match between Barcelona and Athletic in Barcelona, Spain, Saturday, Nov. 22, 2025. AP Photo\/Joan Monfort)\" class=\"ft-helper-img-rd\" loading=\"lazy\"\/><\/p>\n<p class=\"ft-helper-fontColor-quaternary ft-helper-fontSize-body-S ft-helper-spacer-t-xxs\">Nico Williams, ante Kound\u00e9  \/ Joan Monfort \/ AP<\/p>\n<p class=\"ft-text\">Una tarde aciaga para Nico Williams, que est\u00e1 atravesando una temporada muy complicada y con falta de continuidad debido a la pubalgia. A pesar de todo,<strong> el extremo volvi\u00f3 a dejar signos de complicidad con su buen amigo Lamine Yamal<\/strong>, con algunas acciones entre ambos que acabaron con una sonrisa, a pesar del resultado y el ambiente contra el jugador del Athletic.<\/p>\n<p class=\"ft-text\">\u00abEl cambio de Nico ha sido un poco por c\u00f3mo iba el partido tambi\u00e9n. Estaban los tres cambios preparados, iba a cambiar a Oihan Sancet antes de su expulsi\u00f3n, pero nos trastoc\u00f3 los planes. En el tema de Nico, hay que ir con cuidado con \u00e9l, vienen partidos seguidos. Ha tenido una ocasi\u00f3n\u00bb, afirm\u00f3 Ernesto Valverde sobre su pupilo, adem\u00e1s de se\u00f1alar que<strong> \u00abnormalmente en los estadios se pita a los jugadores que se temen\u00bb.<\/strong><\/p>\n","protected":false},"excerpt":{"rendered":"Tras el &#8216;caso Nico Williams&#8217; del pasado verano, hab\u00eda mucha expectaci\u00f3n con el recibimiento que tendr\u00eda el jugador&hellip;\n","protected":false},"author":2,"featured_media":250447,"comment_status":"","ping_status":"","sticky":false,"template":"","format":"standard","meta":{"footnotes":""},"categories":[5],"tags":[2182,2296,17,18,25,24,13,14,11,41540,19,20,9,1446,8329,10,15,16,23,11054,12,21,22,308],"class_list":{"0":"post-250446","1":"post","2":"type-post","3":"status-publish","4":"format-standard","5":"has-post-thumbnail","7":"category-titulares","8":"tag-athletic","9":"tag-barca","10":"tag-breaking-news","11":"tag-breakingnews","12":"tag-es","13":"tag-espana","14":"tag-featured-news","15":"tag-featurednews","16":"tag-headlines","17":"tag-hostil","18":"tag-latest-news","19":"tag-latestnews","20":"tag-news","21":"tag-nico","22":"tag-nico-williams","23":"tag-noticias","24":"tag-noticias-destacadas","25":"tag-noticiasdestacadas","26":"tag-spain","27":"tag-tarde","28":"tag-titulares","29":"tag-ultimas-noticias","30":"tag-ultimasnoticias","31":"tag-williams"},"share_on_mastodon":{"url":"https:\/\/pubeurope.com\/@es\/115595658648164449","error":""},"_links":{"self":[{"href":"https:\/\/www.europesays.com\/es\/wp-json\/wp\/v2\/posts\/250446","targetHints":{"allow":["GET"]}}],"collection":[{"href":"https:\/\/www.europesays.com\/es\/wp-json\/wp\/v2\/posts"}],"about":[{"href":"https:\/\/www.europesays.com\/es\/wp-json\/wp\/v2\/types\/post"}],"author":[{"embeddable":true,"href":"https:\/\/www.europesays.com\/es\/wp-json\/wp\/v2\/users\/2"}],"replies":[{"embeddable":true,"href":"https:\/\/www.europesays.com\/es\/wp-json\/wp\/v2\/comments?post=250446"}],"version-history":[{"count":0,"href":"https:\/\/www.europesays.com\/es\/wp-json\/wp\/v2\/posts\/250446\/revisions"}],"wp:featuredmedia":[{"embeddable":true,"href":"https:\/\/www.europesays.com\/es\/wp-json\/wp\/v2\/media\/250447"}],"wp:attachment":[{"href":"https:\/\/www.europesays.com\/es\/wp-json\/wp\/v2\/media?parent=250446"}],"wp:term":[{"taxonomy":"category","embeddable":true,"href":"https:\/\/www.europesays.com\/es\/wp-json\/wp\/v2\/categories?post=250446"},{"taxonomy":"post_tag","embeddable":true,"href":"https:\/\/www.europesays.com\/es\/wp-json\/wp\/v2\/tags?post=250446"}],"curies":[{"name":"wp","href":"https:\/\/api.w.org\/{rel}","templated":true}]}}